{"id":1175,"date":"2021-03-12T08:43:48","date_gmt":"2021-03-12T08:43:48","guid":{"rendered":"https:\/\/www.ametllerorigenwp.com\/?p=1175"},"modified":"2021-03-12T17:31:26","modified_gmt":"2021-03-12T17:31:26","slug":"gracias-a-todos-hemos-recogido-200-000-kg-de-fruta-y-verdura-en-la-primera-edicion-de-frescapte","status":"publish","type":"post","link":"https:\/\/www.ametllerorigenwp.com\/es\/gracias-a-todos-hemos-recogido-200-000-kg-de-fruta-y-verdura-en-la-primera-edicion-de-frescapte\/","title":{"rendered":"\u00a1Gracias a todos! Hemos recaudado 200.000 kg de fruta y verdura en la primera edici\u00f3n del Frescapte"},"content":{"rendered":"\n<p>Gracias a vuestra solidaridad, \u00a1<strong>m\u00e1s de 40.000 familias en riesgo de exclusi\u00f3n social, han recibido, durante los meses de febrero y marzo, 200.000 kg de fruta y verdura! La primera edici\u00f3n del Frescapte, que pusimos en marcha de la mano de la Cruz Roja, ha sido un \u00e9xito, y diferentes familias podr\u00e1n disfrutar de manera habitual de estos productos frescos, los menos frecuentes en las donaciones<\/strong>, que aportan vitaminas y antioxidantes necesarios para el buen funcionamiento del sistema inmunitario.<\/p>\n\n\n\n<p>Con el eslogan \u201c\u00a1Este partido lo ganamos juntos! Ponte la pulsera\u201d se han vendido en un mes, <strong>un total de 40.000 pulseras solidarias<\/strong> a trav\u00e9s de nuestras tiendas f\u00edsicas y a trav\u00e9s de la tienda online. <strong>Cada pulsera, valorada en 5 \u20ac se han destinado \u00edntegramente a la compra de 5 kg de frutas y verduras en beneficio de una familia en riesgo de vulnerabilidad.<\/strong><\/p>\n\n\n\n<p>Desde Ametller Origen hemos hecho <strong>una aportaci\u00f3n extra del 10% de todo lo que se ha conseguido durante la campa\u00f1a del Frescapte, lo que supone 20.000 kg m\u00e1s de fruta y verdura fresca<\/strong>.<\/p>\n\n\n\n<p>Descubre en este<strong> <a href=\"https:\/\/www.youtube.com\/watch?v=d85MVsFRXzY\">video<\/a><\/strong> c\u00f3mo ha sido la campa\u00f1a del Frescapte, desde la&nbsp; compra de la pulsera hasta la entrega de la fruta y la verdura a las familias.<\/p>\n","protected":false},"excerpt":{"rendered":"<p>Gracias a vuestra solidaridad, \u00a1m\u00e1s de 40.000 familias en riesgo de exclusi\u00f3n social, han recibido, durante los meses de febrero y marzo, 200.000 kg de fruta y verdura! La primera edici\u00f3n del Frescapte, que pusimos en marcha de la mano de la Cruz Roja, ha sido un \u00e9xito, y diferentes familias podr\u00e1n disfrutar de manera &hellip; <a href=\"https:\/\/www.ametllerorigenwp.com\/es\/gracias-a-todos-hemos-recogido-200-000-kg-de-fruta-y-verdura-en-la-primera-edicion-de-frescapte\/\" class=\"more-link\">Continuar leyendo<span class=\"screen-reader-text\"> \u00ab\u00a1Gracias a todos! Hemos recaudado 200.000 kg de fruta y verdura en la primera edici\u00f3n del Frescapte\u00bb<\/span><\/a><\/p>\n","protected":false},"author":5,"featured_media":1171,"comment_status":"open","ping_status":"open","sticky":false,"template":"","format":"standard","meta":{"_uag_custom_page_level_css":"","advgb_blocks_editor_width":"","advgb_blocks_columns_visual_guide":"","footnotes":""},"categories":[1],"tags":[],"class_list":["post-1175","post","type-post","status-publish","format-standard","has-post-thumbnail","hentry","category-noticias"],"author_meta":{"display_name":"Mireia Zaragoza","author_link":"https:\/\/www.ametllerorigenwp.com\/es\/author\/mzaragoza\/"},"featured_img":"https:\/\/www.ametllerorigenwp.com\/wp-content\/uploads\/2021\/03\/fescapte-1-300x200.jpg","uagb_featured_image_src":{"full":["https:\/\/www.ametllerorigenwp.com\/wp-content\/uploads\/2021\/03\/fescapte-1.jpg",1200,800,false],"thumbnail":["https:\/\/www.ametllerorigenwp.com\/wp-content\/uploads\/2021\/03\/fescapte-1-150x150.jpg",150,150,true],"medium":["https:\/\/www.ametllerorigenwp.com\/wp-content\/uploads\/2021\/03\/fescapte-1-300x200.jpg",300,200,true],"medium_large":["https:\/\/www.ametllerorigenwp.com\/wp-content\/uploads\/2021\/03\/fescapte-1-768x512.jpg",768,512,true],"large":["https:\/\/www.ametllerorigenwp.com\/wp-content\/uploads\/2021\/03\/fescapte-1-1024x683.jpg",840,560,true],"1536x1536":["https:\/\/www.ametllerorigenwp.com\/wp-content\/uploads\/2021\/03\/fescapte-1.jpg",1200,800,false],"2048x2048":["https:\/\/www.ametllerorigenwp.com\/wp-content\/uploads\/2021\/03\/fescapte-1.jpg",1200,800,false],"post-thumbnail":["https:\/\/www.ametllerorigenwp.com\/wp-content\/uploads\/2021\/03\/fescapte-1.jpg",1200,800,false]},"uagb_author_info":{"display_name":"Mireia Zaragoza","author_link":"https:\/\/www.ametllerorigenwp.com\/es\/author\/mzaragoza\/"},"uagb_comment_info":0,"uagb_excerpt":"Gracias a vuestra solidaridad, \u00a1m\u00e1s de 40.000 familias en riesgo de exclusi\u00f3n social, han recibido, durante los meses de febrero y marzo, 200.000 kg de fruta y verdura! La primera edici\u00f3n del Frescapte, que pusimos en marcha de la mano de la Cruz Roja, ha sido un \u00e9xito, y diferentes familias podr\u00e1n disfrutar de manera&hellip;","coauthors":[],"tax_additional":{"categories":{"linked":["<a href=\"https:\/\/www.ametllerorigenwp.com\/es\/category\/noticias\/\" class=\"advgb-post-tax-term\">Noticias<\/a>"],"unlinked":["<span class=\"advgb-post-tax-term\">Noticias<\/span>"]}},"comment_count":"0","relative_dates":{"created":"Publicado 5 a\u00f1os hace","modified":"Actualizado 5 a\u00f1os hace"},"absolute_dates":{"created":"Publicado el 12 de marzo de 2021","modified":"Actualizado el 12 de marzo de 2021"},"absolute_dates_time":{"created":"Publicado el 12 de marzo de 2021 08:43","modified":"Actualizado el 12 de marzo de 2021 17:31"},"featured_img_caption":"","series_order":"","show_in_app":true,"fecha_inicio_destacado":null,"hora_inicio_visualizacion":null,"minutos_inicio_visualizacion":null,"fecha_final_destacado":null,"hora_final_visualizacion":null,"minutos_final_visualizacion":null,"posicion_visualizacion":null,"estado_destacado":null,"niveles_destacados":null,"url_del_enlace":null,"banner_destacado":null,"posicion_visualizacion_de_la_noticia":null,"estado_noticia":null,"fecha_de_inicio_de_visualizacion_del_tutorial":null,"hora_inicio_visualizacion_tutorial":null,"minutos_inicio_visualizacion_tutorial":null,"fecha_de_final_de_visualizacion_del_tutorial":null,"hora_final_visualizacion_tutorial":null,"minutos_final_visualizacion_tutorial":null,"numero_de_veces_visto":null,"numero_de_veces_total":null,"niveles_tutorial":null,"tutorial_recursos_castellano":null,"tutorial_recursos_catalan":null,"dias_disponibles":null,"dias_de_la_semana":null,"dias_del_mes":null,"other_lang_post_id":null,"lang":"es","campanya_descripcion":null,"campanya_fecha_inicio":null,"campanya_fecha_fin":null,"campanya_legales":null,"campanya_imagen":null,"campanya_characteristics":null,"campanya_url":null,"campanya_posicion_visualizacion":null,"campanya_estado":null,"_links":{"self":[{"href":"https:\/\/www.ametllerorigenwp.com\/es\/wp-json\/wp\/v2\/posts\/1175","targetHints":{"allow":["GET"]}}],"collection":[{"href":"https:\/\/www.ametllerorigenwp.com\/es\/wp-json\/wp\/v2\/posts"}],"about":[{"href":"https:\/\/www.ametllerorigenwp.com\/es\/wp-json\/wp\/v2\/types\/post"}],"author":[{"embeddable":true,"href":"https:\/\/www.ametllerorigenwp.com\/es\/wp-json\/wp\/v2\/users\/5"}],"replies":[{"embeddable":true,"href":"https:\/\/www.ametllerorigenwp.com\/es\/wp-json\/wp\/v2\/comments?post=1175"}],"version-history":[{"count":5,"href":"https:\/\/www.ametllerorigenwp.com\/es\/wp-json\/wp\/v2\/posts\/1175\/revisions"}],"predecessor-version":[{"id":1195,"href":"https:\/\/www.ametllerorigenwp.com\/es\/wp-json\/wp\/v2\/posts\/1175\/revisions\/1195"}],"wp:featuredmedia":[{"embeddable":true,"href":"https:\/\/www.ametllerorigenwp.com\/es\/wp-json\/wp\/v2\/media\/1171"}],"wp:attachment":[{"href":"https:\/\/www.ametllerorigenwp.com\/es\/wp-json\/wp\/v2\/media?parent=1175"}],"wp:term":[{"taxonomy":"category","embeddable":true,"href":"https:\/\/www.ametllerorigenwp.com\/es\/wp-json\/wp\/v2\/categories?post=1175"},{"taxonomy":"post_tag","embeddable":true,"href":"https:\/\/www.ametllerorigenwp.com\/es\/wp-json\/wp\/v2\/tags?post=1175"}],"curies":[{"name":"wp","href":"https:\/\/api.w.org\/{rel}","templated":true}]}}