{"id":11764,"date":"2024-05-22T08:48:54","date_gmt":"2024-05-22T08:48:54","guid":{"rendered":"https:\/\/www.ametllerorigenwp.com\/?p=11764"},"modified":"2024-05-22T08:48:54","modified_gmt":"2024-05-22T08:48:54","slug":"cual-es-la-cantidad-de-proteina-recomendada","status":"publish","type":"post","link":"https:\/\/www.ametllerorigenwp.com\/es\/cual-es-la-cantidad-de-proteina-recomendada\/","title":{"rendered":"\u00bfCu\u00e1l es la cantidad de prote\u00edna recomendada?"},"content":{"rendered":"<p><strong>La cantidad de prote\u00edna que necesita a diario nuestro cuerpo var\u00eda en funci\u00f3n del grupo de poblaci\u00f3n<\/strong>. \u00bfLo sab\u00edas? Y es que <strong>no son los mismos gramos los que necesita un deportista, que un ni\u00f1o o una persona de mediana edad<\/strong>.<\/p>\n<p>Descubre <a href=\"https:\/\/proteinaproplus.com\/es\/\">aqu\u00ed<\/a> <strong>qu\u00e9 son las prote\u00ednas, cu\u00e1l es la cantidad diaria de prote\u00edna que debes tomar, as\u00ed como aquellos alimentos m\u00e1s proteicos<\/strong>.<\/p>\n","protected":false},"excerpt":{"rendered":"<p>La cantidad de prote\u00edna que necesita a diario nuestro cuerpo var\u00eda en funci\u00f3n del grupo de poblaci\u00f3n. \u00bfLo sab\u00edas? Y es que no son los mismos gramos los que necesita un deportista, que un ni\u00f1o o una persona de mediana edad. Descubre aqu\u00ed qu\u00e9 son las prote\u00ednas, cu\u00e1l es la cantidad diaria de prote\u00edna que &hellip; <a href=\"https:\/\/www.ametllerorigenwp.com\/es\/cual-es-la-cantidad-de-proteina-recomendada\/\" class=\"more-link\">Continuar leyendo<span class=\"screen-reader-text\"> \u00ab\u00bfCu\u00e1l es la cantidad de prote\u00edna recomendada?\u00bb<\/span><\/a><\/p>\n","protected":false},"author":5,"featured_media":11762,"comment_status":"closed","ping_status":"closed","sticky":false,"template":"","format":"standard","meta":{"_uag_custom_page_level_css":"","advgb_blocks_editor_width":"","advgb_blocks_columns_visual_guide":"","footnotes":""},"categories":[1],"tags":[],"class_list":["post-11764","post","type-post","status-publish","format-standard","has-post-thumbnail","hentry","category-noticias"],"author_meta":{"display_name":"Mireia Zaragoza","author_link":"https:\/\/www.ametllerorigenwp.com\/es\/author\/mzaragoza\/"},"featured_img":"https:\/\/www.ametllerorigenwp.com\/wp-content\/uploads\/2024\/05\/Proyecto-nuevo-64-300x102.jpg","uagb_featured_image_src":{"full":["https:\/\/www.ametllerorigenwp.com\/wp-content\/uploads\/2024\/05\/Proyecto-nuevo-64.jpg",1000,340,false],"thumbnail":["https:\/\/www.ametllerorigenwp.com\/wp-content\/uploads\/2024\/05\/Proyecto-nuevo-64-150x150.jpg",150,150,true],"medium":["https:\/\/www.ametllerorigenwp.com\/wp-content\/uploads\/2024\/05\/Proyecto-nuevo-64-300x102.jpg",300,102,true],"medium_large":["https:\/\/www.ametllerorigenwp.com\/wp-content\/uploads\/2024\/05\/Proyecto-nuevo-64-768x261.jpg",768,261,true],"large":["https:\/\/www.ametllerorigenwp.com\/wp-content\/uploads\/2024\/05\/Proyecto-nuevo-64.jpg",840,286,false],"1536x1536":["https:\/\/www.ametllerorigenwp.com\/wp-content\/uploads\/2024\/05\/Proyecto-nuevo-64.jpg",1000,340,false],"2048x2048":["https:\/\/www.ametllerorigenwp.com\/wp-content\/uploads\/2024\/05\/Proyecto-nuevo-64.jpg",1000,340,false],"post-thumbnail":["https:\/\/www.ametllerorigenwp.com\/wp-content\/uploads\/2024\/05\/Proyecto-nuevo-64.jpg",1000,340,false]},"uagb_author_info":{"display_name":"Mireia Zaragoza","author_link":"https:\/\/www.ametllerorigenwp.com\/es\/author\/mzaragoza\/"},"uagb_comment_info":0,"uagb_excerpt":"La cantidad de prote\u00edna que necesita a diario nuestro cuerpo var\u00eda en funci\u00f3n del grupo de poblaci\u00f3n. \u00bfLo sab\u00edas? Y es que no son los mismos gramos los que necesita un deportista, que un ni\u00f1o o una persona de mediana edad. Descubre aqu\u00ed qu\u00e9 son las prote\u00ednas, cu\u00e1l es la cantidad diaria de prote\u00edna que&hellip;","coauthors":[],"tax_additional":{"categories":{"linked":["<a href=\"https:\/\/www.ametllerorigenwp.com\/es\/category\/noticias\/\" class=\"advgb-post-tax-term\">Noticias<\/a>"],"unlinked":["<span class=\"advgb-post-tax-term\">Noticias<\/span>"]}},"comment_count":"0","relative_dates":{"created":"Publicado 2 a\u00f1os hace","modified":"Actualizado 2 a\u00f1os hace"},"absolute_dates":{"created":"Publicado el 22 de mayo de 2024","modified":"Actualizado el 22 de mayo de 2024"},"absolute_dates_time":{"created":"Publicado el 22 de mayo de 2024 08:48","modified":"Actualizado el 22 de mayo de 2024 08:48"},"featured_img_caption":"","series_order":"","show_in_app":true,"fecha_inicio_destacado":null,"hora_inicio_visualizacion":null,"minutos_inicio_visualizacion":null,"fecha_final_destacado":null,"hora_final_visualizacion":null,"minutos_final_visualizacion":null,"posicion_visualizacion":null,"estado_destacado":null,"niveles_destacados":null,"url_del_enlace":null,"banner_destacado":null,"posicion_visualizacion_de_la_noticia":"01","estado_noticia":["Visible"],"fecha_de_inicio_de_visualizacion_del_tutorial":null,"hora_inicio_visualizacion_tutorial":null,"minutos_inicio_visualizacion_tutorial":null,"fecha_de_final_de_visualizacion_del_tutorial":null,"hora_final_visualizacion_tutorial":null,"minutos_final_visualizacion_tutorial":null,"numero_de_veces_visto":null,"numero_de_veces_total":null,"niveles_tutorial":null,"tutorial_recursos_castellano":null,"tutorial_recursos_catalan":null,"dias_disponibles":null,"dias_de_la_semana":null,"dias_del_mes":null,"other_lang_post_id":null,"lang":"es","campanya_descripcion":null,"campanya_fecha_inicio":null,"campanya_fecha_fin":null,"campanya_legales":null,"campanya_imagen":null,"campanya_characteristics":null,"campanya_url":null,"campanya_posicion_visualizacion":null,"campanya_estado":null,"_links":{"self":[{"href":"https:\/\/www.ametllerorigenwp.com\/es\/wp-json\/wp\/v2\/posts\/11764","targetHints":{"allow":["GET"]}}],"collection":[{"href":"https:\/\/www.ametllerorigenwp.com\/es\/wp-json\/wp\/v2\/posts"}],"about":[{"href":"https:\/\/www.ametllerorigenwp.com\/es\/wp-json\/wp\/v2\/types\/post"}],"author":[{"embeddable":true,"href":"https:\/\/www.ametllerorigenwp.com\/es\/wp-json\/wp\/v2\/users\/5"}],"replies":[{"embeddable":true,"href":"https:\/\/www.ametllerorigenwp.com\/es\/wp-json\/wp\/v2\/comments?post=11764"}],"version-history":[{"count":1,"href":"https:\/\/www.ametllerorigenwp.com\/es\/wp-json\/wp\/v2\/posts\/11764\/revisions"}],"predecessor-version":[{"id":11765,"href":"https:\/\/www.ametllerorigenwp.com\/es\/wp-json\/wp\/v2\/posts\/11764\/revisions\/11765"}],"wp:featuredmedia":[{"embeddable":true,"href":"https:\/\/www.ametllerorigenwp.com\/es\/wp-json\/wp\/v2\/media\/11762"}],"wp:attachment":[{"href":"https:\/\/www.ametllerorigenwp.com\/es\/wp-json\/wp\/v2\/media?parent=11764"}],"wp:term":[{"taxonomy":"category","embeddable":true,"href":"https:\/\/www.ametllerorigenwp.com\/es\/wp-json\/wp\/v2\/categories?post=11764"},{"taxonomy":"post_tag","embeddable":true,"href":"https:\/\/www.ametllerorigenwp.com\/es\/wp-json\/wp\/v2\/tags?post=11764"}],"curies":[{"name":"wp","href":"https:\/\/api.w.org\/{rel}","templated":true}]}}