{"id":11923,"date":"2024-06-05T13:58:15","date_gmt":"2024-06-05T13:58:15","guid":{"rendered":"https:\/\/www.ametllerorigenwp.com\/?p=11923"},"modified":"2024-06-05T14:33:07","modified_gmt":"2024-06-05T14:33:07","slug":"seguimos-avanzando-hacia-la-neutralidad-de-emisiones","status":"publish","type":"post","link":"https:\/\/www.ametllerorigenwp.com\/es\/seguimos-avanzando-hacia-la-neutralidad-de-emisiones\/","title":{"rendered":"\u00a1Seguimos avanzando hacia la neutralidad de emisiones!"},"content":{"rendered":"<p><strong>Hoy se celebra el D\u00eda Mundial del Medioambiente y queremos compartir contigo las <a href=\"https:\/\/www.femcami.org\/es\/sostenibilidad\/\">acciones que estamos haciendo para avanzar hacia la neutralidad de emisiones<\/a>.\u00a0<\/strong><\/p>\n<p>Desde 2018, toda la energ\u00eda que utilizamos procede <strong>de fuentes 100% renovables <\/strong>y, adem\u00e1s, apostamos por la <strong>instalaci\u00f3n de placas solares<\/strong> por el autoconsumo de energ\u00eda en nuestro obrador, fincas agr\u00edcolas y tiendas.<\/p>\n<p><strong>En la \u00faltima d\u00e9cada, a pesar de haber duplicado el n\u00famero de tiendas, hemos logrado reducir en un 33% las emisiones de CO2.<\/strong><\/p>\n<p>\u00a1Y queremos seguir avanzando! <strong>Por eso estamos liderando la transformaci\u00f3n de un modelo agroalimentario m\u00e1s sostenible y circular con la puesta en marcha del Agroparc.<\/strong><\/p>\n<p>\u00a1\u00danete a los que avanzamos hacia un mundo m\u00e1s saludable y sostenible!<\/p>\n","protected":false},"excerpt":{"rendered":"<p>Hoy se celebra el D\u00eda Mundial del Medioambiente y queremos compartir contigo las acciones que estamos haciendo para avanzar hacia la neutralidad de emisiones.\u00a0 Desde 2018, toda la energ\u00eda que utilizamos procede de fuentes 100% renovables y, adem\u00e1s, apostamos por la instalaci\u00f3n de placas solares por el autoconsumo de energ\u00eda en nuestro obrador, fincas agr\u00edcolas &hellip; <a href=\"https:\/\/www.ametllerorigenwp.com\/es\/seguimos-avanzando-hacia-la-neutralidad-de-emisiones\/\" class=\"more-link\">Continuar leyendo<span class=\"screen-reader-text\"> \u00ab\u00a1Seguimos avanzando hacia la neutralidad de emisiones!\u00bb<\/span><\/a><\/p>\n","protected":false},"author":5,"featured_media":11921,"comment_status":"closed","ping_status":"closed","sticky":false,"template":"","format":"standard","meta":{"_uag_custom_page_level_css":"","advgb_blocks_editor_width":"","advgb_blocks_columns_visual_guide":"","footnotes":""},"categories":[1],"tags":[],"class_list":["post-11923","post","type-post","status-publish","format-standard","has-post-thumbnail","hentry","category-noticias"],"author_meta":{"display_name":"Mireia Zaragoza","author_link":"https:\/\/www.ametllerorigenwp.com\/es\/author\/mzaragoza\/"},"featured_img":"https:\/\/www.ametllerorigenwp.com\/wp-content\/uploads\/2024\/06\/Proyecto-nuevo-15-300x102.png","uagb_featured_image_src":{"full":["https:\/\/www.ametllerorigenwp.com\/wp-content\/uploads\/2024\/06\/Proyecto-nuevo-15.png",1000,340,false],"thumbnail":["https:\/\/www.ametllerorigenwp.com\/wp-content\/uploads\/2024\/06\/Proyecto-nuevo-15-150x150.png",150,150,true],"medium":["https:\/\/www.ametllerorigenwp.com\/wp-content\/uploads\/2024\/06\/Proyecto-nuevo-15-300x102.png",300,102,true],"medium_large":["https:\/\/www.ametllerorigenwp.com\/wp-content\/uploads\/2024\/06\/Proyecto-nuevo-15-768x261.png",768,261,true],"large":["https:\/\/www.ametllerorigenwp.com\/wp-content\/uploads\/2024\/06\/Proyecto-nuevo-15.png",840,286,false],"1536x1536":["https:\/\/www.ametllerorigenwp.com\/wp-content\/uploads\/2024\/06\/Proyecto-nuevo-15.png",1000,340,false],"2048x2048":["https:\/\/www.ametllerorigenwp.com\/wp-content\/uploads\/2024\/06\/Proyecto-nuevo-15.png",1000,340,false],"post-thumbnail":["https:\/\/www.ametllerorigenwp.com\/wp-content\/uploads\/2024\/06\/Proyecto-nuevo-15.png",1000,340,false]},"uagb_author_info":{"display_name":"Mireia Zaragoza","author_link":"https:\/\/www.ametllerorigenwp.com\/es\/author\/mzaragoza\/"},"uagb_comment_info":0,"uagb_excerpt":"Hoy se celebra el D\u00eda Mundial del Medioambiente y queremos compartir contigo las acciones que estamos haciendo para avanzar hacia la neutralidad de emisiones.\u00a0 Desde 2018, toda la energ\u00eda que utilizamos procede de fuentes 100% renovables y, adem\u00e1s, apostamos por la instalaci\u00f3n de placas solares por el autoconsumo de energ\u00eda en nuestro obrador, fincas agr\u00edcolas&hellip;","coauthors":[],"tax_additional":{"categories":{"linked":["<a href=\"https:\/\/www.ametllerorigenwp.com\/es\/category\/noticias\/\" class=\"advgb-post-tax-term\">Noticias<\/a>"],"unlinked":["<span class=\"advgb-post-tax-term\">Noticias<\/span>"]}},"comment_count":"0","relative_dates":{"created":"Publicado 2 a\u00f1os hace","modified":"Actualizado 2 a\u00f1os hace"},"absolute_dates":{"created":"Publicado el 5 de junio de 2024","modified":"Actualizado el 5 de junio de 2024"},"absolute_dates_time":{"created":"Publicado el 5 de junio de 2024 13:58","modified":"Actualizado el 5 de junio de 2024 14:33"},"featured_img_caption":"","series_order":"","show_in_app":true,"fecha_inicio_destacado":null,"hora_inicio_visualizacion":null,"minutos_inicio_visualizacion":null,"fecha_final_destacado":null,"hora_final_visualizacion":null,"minutos_final_visualizacion":null,"posicion_visualizacion":null,"estado_destacado":null,"niveles_destacados":null,"url_del_enlace":null,"banner_destacado":null,"posicion_visualizacion_de_la_noticia":"01","estado_noticia":["Visible"],"fecha_de_inicio_de_visualizacion_del_tutorial":null,"hora_inicio_visualizacion_tutorial":null,"minutos_inicio_visualizacion_tutorial":null,"fecha_de_final_de_visualizacion_del_tutorial":null,"hora_final_visualizacion_tutorial":null,"minutos_final_visualizacion_tutorial":null,"numero_de_veces_visto":null,"numero_de_veces_total":null,"niveles_tutorial":null,"tutorial_recursos_castellano":null,"tutorial_recursos_catalan":null,"dias_disponibles":null,"dias_de_la_semana":null,"dias_del_mes":null,"other_lang_post_id":null,"lang":"es","campanya_descripcion":null,"campanya_fecha_inicio":null,"campanya_fecha_fin":null,"campanya_legales":null,"campanya_imagen":null,"campanya_characteristics":null,"campanya_url":null,"campanya_posicion_visualizacion":null,"campanya_estado":null,"_links":{"self":[{"href":"https:\/\/www.ametllerorigenwp.com\/es\/wp-json\/wp\/v2\/posts\/11923","targetHints":{"allow":["GET"]}}],"collection":[{"href":"https:\/\/www.ametllerorigenwp.com\/es\/wp-json\/wp\/v2\/posts"}],"about":[{"href":"https:\/\/www.ametllerorigenwp.com\/es\/wp-json\/wp\/v2\/types\/post"}],"author":[{"embeddable":true,"href":"https:\/\/www.ametllerorigenwp.com\/es\/wp-json\/wp\/v2\/users\/5"}],"replies":[{"embeddable":true,"href":"https:\/\/www.ametllerorigenwp.com\/es\/wp-json\/wp\/v2\/comments?post=11923"}],"version-history":[{"count":3,"href":"https:\/\/www.ametllerorigenwp.com\/es\/wp-json\/wp\/v2\/posts\/11923\/revisions"}],"predecessor-version":[{"id":11927,"href":"https:\/\/www.ametllerorigenwp.com\/es\/wp-json\/wp\/v2\/posts\/11923\/revisions\/11927"}],"wp:featuredmedia":[{"embeddable":true,"href":"https:\/\/www.ametllerorigenwp.com\/es\/wp-json\/wp\/v2\/media\/11921"}],"wp:attachment":[{"href":"https:\/\/www.ametllerorigenwp.com\/es\/wp-json\/wp\/v2\/media?parent=11923"}],"wp:term":[{"taxonomy":"category","embeddable":true,"href":"https:\/\/www.ametllerorigenwp.com\/es\/wp-json\/wp\/v2\/categories?post=11923"},{"taxonomy":"post_tag","embeddable":true,"href":"https:\/\/www.ametllerorigenwp.com\/es\/wp-json\/wp\/v2\/tags?post=11923"}],"curies":[{"name":"wp","href":"https:\/\/api.w.org\/{rel}","templated":true}]}}