{"id":11941,"date":"2024-06-08T01:00:29","date_gmt":"2024-06-08T01:00:29","guid":{"rendered":"https:\/\/www.ametllerorigenwp.com\/?p=11941"},"modified":"2024-06-06T14:48:38","modified_gmt":"2024-06-06T14:48:38","slug":"ya-esta-disponible-el-calendario-mensual-de-junio","status":"publish","type":"post","link":"https:\/\/www.ametllerorigenwp.com\/es\/ya-esta-disponible-el-calendario-mensual-de-junio\/","title":{"rendered":"Ya est\u00e1 disponible el calendario mensual de junio"},"content":{"rendered":"<p>No te preocupes por la organizaci\u00f3n, desc\u00e1rgate el\u00a0calendario de junio y empieza\u00a0a planificar tus\u00a0actividades <strong>con nuestro calendario mensual y organizador semanal dise\u00f1ado por el ilustrador Javier Royo.<\/strong> Te lo ponemos f\u00e1cil para anotar todo aquello que necesites y recordar los d\u00edas mundiales y festividades destacadas. Asimismo, encontrar\u00e1s<strong> informaci\u00f3n relacionada sobre nuestra manera de hacer y cu\u00e1les son las principales frutas y hortalizas de temporada.<\/strong><\/p>\n<p>\u00a1Disfruta del\u00a0verano y haz que\u00a0este mes sea inolvidable!<\/p>\n<p>\u00a1Desc\u00e1rgatelo <a href=\"https:\/\/corp.ametllerorigen.com\/es\/calendario-2024\/\">aqu\u00ed<\/a>!<\/p>\n","protected":false},"excerpt":{"rendered":"<p>No te preocupes por la organizaci\u00f3n, desc\u00e1rgate el\u00a0calendario de junio y empieza\u00a0a planificar tus\u00a0actividades con nuestro calendario mensual y organizador semanal dise\u00f1ado por el ilustrador Javier Royo. Te lo ponemos f\u00e1cil para anotar todo aquello que necesites y recordar los d\u00edas mundiales y festividades destacadas. Asimismo, encontrar\u00e1s informaci\u00f3n relacionada sobre nuestra manera de hacer y &hellip; <a href=\"https:\/\/www.ametllerorigenwp.com\/es\/ya-esta-disponible-el-calendario-mensual-de-junio\/\" class=\"more-link\">Continuar leyendo<span class=\"screen-reader-text\"> \u00abYa est\u00e1 disponible el calendario mensual de junio\u00bb<\/span><\/a><\/p>\n","protected":false},"author":5,"featured_media":11939,"comment_status":"closed","ping_status":"closed","sticky":false,"template":"","format":"standard","meta":{"_uag_custom_page_level_css":"","advgb_blocks_editor_width":"","advgb_blocks_columns_visual_guide":"","footnotes":""},"categories":[1],"tags":[],"class_list":["post-11941","post","type-post","status-publish","format-standard","has-post-thumbnail","hentry","category-noticias"],"author_meta":{"display_name":"Mireia Zaragoza","author_link":"https:\/\/www.ametllerorigenwp.com\/es\/author\/mzaragoza\/"},"featured_img":"https:\/\/www.ametllerorigenwp.com\/wp-content\/uploads\/2024\/06\/IM_APP_CALENDARI_JUNY_DESCARREGABLE-300x102.jpg","uagb_featured_image_src":{"full":["https:\/\/www.ametllerorigenwp.com\/wp-content\/uploads\/2024\/06\/IM_APP_CALENDARI_JUNY_DESCARREGABLE.jpg",1000,340,false],"thumbnail":["https:\/\/www.ametllerorigenwp.com\/wp-content\/uploads\/2024\/06\/IM_APP_CALENDARI_JUNY_DESCARREGABLE-150x150.jpg",150,150,true],"medium":["https:\/\/www.ametllerorigenwp.com\/wp-content\/uploads\/2024\/06\/IM_APP_CALENDARI_JUNY_DESCARREGABLE-300x102.jpg",300,102,true],"medium_large":["https:\/\/www.ametllerorigenwp.com\/wp-content\/uploads\/2024\/06\/IM_APP_CALENDARI_JUNY_DESCARREGABLE-768x261.jpg",768,261,true],"large":["https:\/\/www.ametllerorigenwp.com\/wp-content\/uploads\/2024\/06\/IM_APP_CALENDARI_JUNY_DESCARREGABLE.jpg",840,286,false],"1536x1536":["https:\/\/www.ametllerorigenwp.com\/wp-content\/uploads\/2024\/06\/IM_APP_CALENDARI_JUNY_DESCARREGABLE.jpg",1000,340,false],"2048x2048":["https:\/\/www.ametllerorigenwp.com\/wp-content\/uploads\/2024\/06\/IM_APP_CALENDARI_JUNY_DESCARREGABLE.jpg",1000,340,false],"post-thumbnail":["https:\/\/www.ametllerorigenwp.com\/wp-content\/uploads\/2024\/06\/IM_APP_CALENDARI_JUNY_DESCARREGABLE.jpg",1000,340,false]},"uagb_author_info":{"display_name":"Mireia Zaragoza","author_link":"https:\/\/www.ametllerorigenwp.com\/es\/author\/mzaragoza\/"},"uagb_comment_info":0,"uagb_excerpt":"No te preocupes por la organizaci\u00f3n, desc\u00e1rgate el\u00a0calendario de junio y empieza\u00a0a planificar tus\u00a0actividades con nuestro calendario mensual y organizador semanal dise\u00f1ado por el ilustrador Javier Royo. Te lo ponemos f\u00e1cil para anotar todo aquello que necesites y recordar los d\u00edas mundiales y festividades destacadas. Asimismo, encontrar\u00e1s informaci\u00f3n relacionada sobre nuestra manera de hacer y&hellip;","coauthors":[],"tax_additional":{"categories":{"linked":["<a href=\"https:\/\/www.ametllerorigenwp.com\/es\/category\/noticias\/\" class=\"advgb-post-tax-term\">Noticias<\/a>"],"unlinked":["<span class=\"advgb-post-tax-term\">Noticias<\/span>"]}},"comment_count":"0","relative_dates":{"created":"Publicado 2 a\u00f1os hace","modified":"Actualizado 2 a\u00f1os hace"},"absolute_dates":{"created":"Publicado el 8 de junio de 2024","modified":"Actualizado el 6 de junio de 2024"},"absolute_dates_time":{"created":"Publicado el 8 de junio de 2024 01:00","modified":"Actualizado el 6 de junio de 2024 14:48"},"featured_img_caption":"","series_order":"","show_in_app":true,"fecha_inicio_destacado":null,"hora_inicio_visualizacion":null,"minutos_inicio_visualizacion":null,"fecha_final_destacado":null,"hora_final_visualizacion":null,"minutos_final_visualizacion":null,"posicion_visualizacion":null,"estado_destacado":null,"niveles_destacados":null,"url_del_enlace":null,"banner_destacado":null,"posicion_visualizacion_de_la_noticia":"01","estado_noticia":["Visible"],"fecha_de_inicio_de_visualizacion_del_tutorial":null,"hora_inicio_visualizacion_tutorial":null,"minutos_inicio_visualizacion_tutorial":null,"fecha_de_final_de_visualizacion_del_tutorial":null,"hora_final_visualizacion_tutorial":null,"minutos_final_visualizacion_tutorial":null,"numero_de_veces_visto":null,"numero_de_veces_total":null,"niveles_tutorial":null,"tutorial_recursos_castellano":null,"tutorial_recursos_catalan":null,"dias_disponibles":null,"dias_de_la_semana":null,"dias_del_mes":null,"other_lang_post_id":11937,"lang":"es","campanya_descripcion":null,"campanya_fecha_inicio":null,"campanya_fecha_fin":null,"campanya_legales":null,"campanya_imagen":null,"campanya_characteristics":null,"campanya_url":null,"campanya_posicion_visualizacion":null,"campanya_estado":null,"_links":{"self":[{"href":"https:\/\/www.ametllerorigenwp.com\/es\/wp-json\/wp\/v2\/posts\/11941","targetHints":{"allow":["GET"]}}],"collection":[{"href":"https:\/\/www.ametllerorigenwp.com\/es\/wp-json\/wp\/v2\/posts"}],"about":[{"href":"https:\/\/www.ametllerorigenwp.com\/es\/wp-json\/wp\/v2\/types\/post"}],"author":[{"embeddable":true,"href":"https:\/\/www.ametllerorigenwp.com\/es\/wp-json\/wp\/v2\/users\/5"}],"replies":[{"embeddable":true,"href":"https:\/\/www.ametllerorigenwp.com\/es\/wp-json\/wp\/v2\/comments?post=11941"}],"version-history":[{"count":1,"href":"https:\/\/www.ametllerorigenwp.com\/es\/wp-json\/wp\/v2\/posts\/11941\/revisions"}],"predecessor-version":[{"id":11942,"href":"https:\/\/www.ametllerorigenwp.com\/es\/wp-json\/wp\/v2\/posts\/11941\/revisions\/11942"}],"wp:featuredmedia":[{"embeddable":true,"href":"https:\/\/www.ametllerorigenwp.com\/es\/wp-json\/wp\/v2\/media\/11939"}],"wp:attachment":[{"href":"https:\/\/www.ametllerorigenwp.com\/es\/wp-json\/wp\/v2\/media?parent=11941"}],"wp:term":[{"taxonomy":"category","embeddable":true,"href":"https:\/\/www.ametllerorigenwp.com\/es\/wp-json\/wp\/v2\/categories?post=11941"},{"taxonomy":"post_tag","embeddable":true,"href":"https:\/\/www.ametllerorigenwp.com\/es\/wp-json\/wp\/v2\/tags?post=11941"}],"curies":[{"name":"wp","href":"https:\/\/api.w.org\/{rel}","templated":true}]}}