{"id":1219,"date":"2021-03-16T17:18:47","date_gmt":"2021-03-16T17:18:47","guid":{"rendered":"https:\/\/www.ametllerorigenwp.com\/?p=1219"},"modified":"2021-03-16T17:18:55","modified_gmt":"2021-03-16T17:18:55","slug":"descubre-las-peculiaridades-de-la-berenjena-larga","status":"publish","type":"post","link":"https:\/\/www.ametllerorigenwp.com\/es\/descubre-las-peculiaridades-de-la-berenjena-larga\/","title":{"rendered":"\u00a1Descubre las peculiaridades de la berenjena larga!"},"content":{"rendered":"\n<p>Existen tres variedades de berenjenas: de fruto largo, de fruto globoso y de fruto ovalado. Hoy te queremos explicar las <strong>peculiaridades de la berenjena de fruto largo, una variedad poco frecuente, por su dificultad a la hora de cultivar y, que desde Ametller Origen queremos recuperar por \u00a1sus fant\u00e1sticas propiedades y usos culinarios!<\/strong><\/p>\n\n\n\n<p>La berenjena larga <strong>es especialmente sabrosa<\/strong> y, como es m\u00e1s larga y fina que la berenjena tradicional, <strong>no absorbe tanto aceite y es m\u00e1s f\u00e1cil de cocinar<\/strong>. Esta variedad es ideal para hacer a <strong>la plancha, salteada, frita o para preparar un buen pisto de verduras<\/strong>. \u00a1Diferentes opciones para incorporarla a tu dieta!<\/p>\n\n\n\n<p>La berenjena es una verdura con propiedades beneficiosas para tu salud. Tiene un alto contenido en fibra, vitaminas, minerales (destaca la cantidad de calcio, magnesio, potasio y f\u00f3sforo) y compuestos fen\u00f3licos que le otorgan propiedades antioxidantes.<\/p>\n\n\n\n<p>Para seguir una dieta equilibrada, recuerda consumir <strong>m\u00ednimo dos raciones de vegetales al d\u00eda en comidas principales, con una cantidad de entre 150-200 g en cada comida<\/strong>.<\/p>\n","protected":false},"excerpt":{"rendered":"<p>Existen tres variedades de berenjenas: de fruto largo, de fruto globoso y de fruto ovalado. Hoy te queremos explicar las peculiaridades de la berenjena de fruto largo, una variedad poco frecuente, por su dificultad a la hora de cultivar y, que desde Ametller Origen queremos recuperar por \u00a1sus fant\u00e1sticas propiedades y usos culinarios! La berenjena &hellip; <a href=\"https:\/\/www.ametllerorigenwp.com\/es\/descubre-las-peculiaridades-de-la-berenjena-larga\/\" class=\"more-link\">Continuar leyendo<span class=\"screen-reader-text\"> \u00ab\u00a1Descubre las peculiaridades de la berenjena larga!\u00bb<\/span><\/a><\/p>\n","protected":false},"author":5,"featured_media":1244,"comment_status":"open","ping_status":"open","sticky":false,"template":"","format":"standard","meta":{"_uag_custom_page_level_css":"","advgb_blocks_editor_width":"","advgb_blocks_columns_visual_guide":"","footnotes":""},"categories":[1],"tags":[],"class_list":["post-1219","post","type-post","status-publish","format-standard","has-post-thumbnail","hentry","category-noticias"],"author_meta":{"display_name":"Mireia Zaragoza","author_link":"https:\/\/www.ametllerorigenwp.com\/es\/author\/mzaragoza\/"},"featured_img":"https:\/\/www.ametllerorigenwp.com\/wp-content\/uploads\/2021\/03\/alberginia2-300x102.jpg","uagb_featured_image_src":{"full":["https:\/\/www.ametllerorigenwp.com\/wp-content\/uploads\/2021\/03\/alberginia2.jpg",1000,340,false],"thumbnail":["https:\/\/www.ametllerorigenwp.com\/wp-content\/uploads\/2021\/03\/alberginia2-150x150.jpg",150,150,true],"medium":["https:\/\/www.ametllerorigenwp.com\/wp-content\/uploads\/2021\/03\/alberginia2-300x102.jpg",300,102,true],"medium_large":["https:\/\/www.ametllerorigenwp.com\/wp-content\/uploads\/2021\/03\/alberginia2-768x261.jpg",768,261,true],"large":["https:\/\/www.ametllerorigenwp.com\/wp-content\/uploads\/2021\/03\/alberginia2.jpg",840,286,false],"1536x1536":["https:\/\/www.ametllerorigenwp.com\/wp-content\/uploads\/2021\/03\/alberginia2.jpg",1000,340,false],"2048x2048":["https:\/\/www.ametllerorigenwp.com\/wp-content\/uploads\/2021\/03\/alberginia2.jpg",1000,340,false],"post-thumbnail":["https:\/\/www.ametllerorigenwp.com\/wp-content\/uploads\/2021\/03\/alberginia2.jpg",1000,340,false]},"uagb_author_info":{"display_name":"Mireia Zaragoza","author_link":"https:\/\/www.ametllerorigenwp.com\/es\/author\/mzaragoza\/"},"uagb_comment_info":0,"uagb_excerpt":"Existen tres variedades de berenjenas: de fruto largo, de fruto globoso y de fruto ovalado. Hoy te queremos explicar las peculiaridades de la berenjena de fruto largo, una variedad poco frecuente, por su dificultad a la hora de cultivar y, que desde Ametller Origen queremos recuperar por \u00a1sus fant\u00e1sticas propiedades y usos culinarios! La berenjena&hellip;","coauthors":[],"tax_additional":{"categories":{"linked":["<a href=\"https:\/\/www.ametllerorigenwp.com\/es\/category\/noticias\/\" class=\"advgb-post-tax-term\">Noticias<\/a>"],"unlinked":["<span class=\"advgb-post-tax-term\">Noticias<\/span>"]}},"comment_count":"0","relative_dates":{"created":"Publicado 5 a\u00f1os hace","modified":"Actualizado 5 a\u00f1os hace"},"absolute_dates":{"created":"Publicado el 16 de marzo de 2021","modified":"Actualizado el 16 de marzo de 2021"},"absolute_dates_time":{"created":"Publicado el 16 de marzo de 2021 17:18","modified":"Actualizado el 16 de marzo de 2021 17:18"},"featured_img_caption":"","series_order":"","show_in_app":true,"fecha_inicio_destacado":null,"hora_inicio_visualizacion":null,"minutos_inicio_visualizacion":null,"fecha_final_destacado":null,"hora_final_visualizacion":null,"minutos_final_visualizacion":null,"posicion_visualizacion":null,"estado_destacado":null,"niveles_destacados":null,"url_del_enlace":null,"banner_destacado":null,"posicion_visualizacion_de_la_noticia":null,"estado_noticia":null,"fecha_de_inicio_de_visualizacion_del_tutorial":null,"hora_inicio_visualizacion_tutorial":null,"minutos_inicio_visualizacion_tutorial":null,"fecha_de_final_de_visualizacion_del_tutorial":null,"hora_final_visualizacion_tutorial":null,"minutos_final_visualizacion_tutorial":null,"numero_de_veces_visto":null,"numero_de_veces_total":null,"niveles_tutorial":null,"tutorial_recursos_castellano":null,"tutorial_recursos_catalan":null,"dias_disponibles":null,"dias_de_la_semana":null,"dias_del_mes":null,"other_lang_post_id":null,"lang":"es","campanya_descripcion":null,"campanya_fecha_inicio":null,"campanya_fecha_fin":null,"campanya_legales":null,"campanya_imagen":null,"campanya_characteristics":null,"campanya_url":null,"campanya_posicion_visualizacion":null,"campanya_estado":null,"_links":{"self":[{"href":"https:\/\/www.ametllerorigenwp.com\/es\/wp-json\/wp\/v2\/posts\/1219","targetHints":{"allow":["GET"]}}],"collection":[{"href":"https:\/\/www.ametllerorigenwp.com\/es\/wp-json\/wp\/v2\/posts"}],"about":[{"href":"https:\/\/www.ametllerorigenwp.com\/es\/wp-json\/wp\/v2\/types\/post"}],"author":[{"embeddable":true,"href":"https:\/\/www.ametllerorigenwp.com\/es\/wp-json\/wp\/v2\/users\/5"}],"replies":[{"embeddable":true,"href":"https:\/\/www.ametllerorigenwp.com\/es\/wp-json\/wp\/v2\/comments?post=1219"}],"version-history":[{"count":1,"href":"https:\/\/www.ametllerorigenwp.com\/es\/wp-json\/wp\/v2\/posts\/1219\/revisions"}],"predecessor-version":[{"id":1220,"href":"https:\/\/www.ametllerorigenwp.com\/es\/wp-json\/wp\/v2\/posts\/1219\/revisions\/1220"}],"wp:featuredmedia":[{"embeddable":true,"href":"https:\/\/www.ametllerorigenwp.com\/es\/wp-json\/wp\/v2\/media\/1244"}],"wp:attachment":[{"href":"https:\/\/www.ametllerorigenwp.com\/es\/wp-json\/wp\/v2\/media?parent=1219"}],"wp:term":[{"taxonomy":"category","embeddable":true,"href":"https:\/\/www.ametllerorigenwp.com\/es\/wp-json\/wp\/v2\/categories?post=1219"},{"taxonomy":"post_tag","embeddable":true,"href":"https:\/\/www.ametllerorigenwp.com\/es\/wp-json\/wp\/v2\/tags?post=1219"}],"curies":[{"name":"wp","href":"https:\/\/api.w.org\/{rel}","templated":true}]}}