{"id":12200,"date":"2024-07-13T01:00:45","date_gmt":"2024-07-13T01:00:45","guid":{"rendered":"https:\/\/www.ametllerorigenwp.com\/?p=12200"},"modified":"2024-07-11T19:39:16","modified_gmt":"2024-07-11T19:39:16","slug":"lectura-de-verano-el-nuevo-numero-de-la-revista-fem-cami","status":"publish","type":"post","link":"https:\/\/www.ametllerorigenwp.com\/es\/lectura-de-verano-el-nuevo-numero-de-la-revista-fem-cami\/","title":{"rendered":"Lectura de verano: el nuevo n\u00famero de la revista Fem Cam\u00ed"},"content":{"rendered":"<p class=\"p1\"><span class=\"s1\">Estas vacaciones te proponemos una lectura del todo emocionante: \u00a1el noveno n\u00famero de la revista Fem Cam\u00ed que encontrar\u00e1s en todas nuestras tiendas y <a href=\"https:\/\/www.femcami.org\/es\/revista-fem-cami\/fem-cami-julio-2024\/\"><span class=\"s2\">online<\/span><\/a>!<\/span><\/p>\n<p class=\"p1\"><span class=\"s1\">En esta edici\u00f3n <b>descubrir\u00e1s los nuevos productos de la gamma PRO+ y por qu\u00e9 es tan importante la prote\u00edna para tu organismo<\/b>. Tambi\u00e9n podr\u00e1s leer la <b>entrevista con la divulgadora de salud y alimentaci\u00f3n, N\u00faria Coll, un art\u00edculo sobre los trastornos de conducta alimentaria y mindful eating <\/b>o conocer, de primera mano, cu\u00e1les son <b>las claves para mantenerse bien hidratado este verano<\/b>. Asimismo, encontrar\u00e1s <b>las recetas m\u00e1s deliciosas de temporada de las chefs Carme Ruscalleda y Ada Parellada, el men\u00fa de los 30 alimentos de origen vegetal y los art\u00edculos de Tom\u00e0s Molina, Carlos Casabona y Pep Nogu\u00e9<\/b>.<\/span><\/p>\n","protected":false},"excerpt":{"rendered":"<p>Estas vacaciones te proponemos una lectura del todo emocionante: \u00a1el noveno n\u00famero de la revista Fem Cam\u00ed que encontrar\u00e1s en todas nuestras tiendas y online! En esta edici\u00f3n descubrir\u00e1s los nuevos productos de la gamma PRO+ y por qu\u00e9 es tan importante la prote\u00edna para tu organismo. Tambi\u00e9n podr\u00e1s leer la entrevista con la divulgadora &hellip; <a href=\"https:\/\/www.ametllerorigenwp.com\/es\/lectura-de-verano-el-nuevo-numero-de-la-revista-fem-cami\/\" class=\"more-link\">Continuar leyendo<span class=\"screen-reader-text\"> \u00abLectura de verano: el nuevo n\u00famero de la revista Fem Cam\u00ed\u00bb<\/span><\/a><\/p>\n","protected":false},"author":5,"featured_media":12201,"comment_status":"closed","ping_status":"closed","sticky":false,"template":"","format":"standard","meta":{"_uag_custom_page_level_css":"","advgb_blocks_editor_width":"","advgb_blocks_columns_visual_guide":"","footnotes":""},"categories":[1],"tags":[],"class_list":["post-12200","post","type-post","status-publish","format-standard","has-post-thumbnail","hentry","category-noticias"],"author_meta":{"display_name":"Mireia Zaragoza","author_link":"https:\/\/www.ametllerorigenwp.com\/es\/author\/mzaragoza\/"},"featured_img":"https:\/\/www.ametllerorigenwp.com\/wp-content\/uploads\/2024\/07\/F_APP_FC9-300x102.jpeg","uagb_featured_image_src":{"full":["https:\/\/www.ametllerorigenwp.com\/wp-content\/uploads\/2024\/07\/F_APP_FC9.jpeg",1000,340,false],"thumbnail":["https:\/\/www.ametllerorigenwp.com\/wp-content\/uploads\/2024\/07\/F_APP_FC9-150x150.jpeg",150,150,true],"medium":["https:\/\/www.ametllerorigenwp.com\/wp-content\/uploads\/2024\/07\/F_APP_FC9-300x102.jpeg",300,102,true],"medium_large":["https:\/\/www.ametllerorigenwp.com\/wp-content\/uploads\/2024\/07\/F_APP_FC9-768x261.jpeg",768,261,true],"large":["https:\/\/www.ametllerorigenwp.com\/wp-content\/uploads\/2024\/07\/F_APP_FC9.jpeg",840,286,false],"1536x1536":["https:\/\/www.ametllerorigenwp.com\/wp-content\/uploads\/2024\/07\/F_APP_FC9.jpeg",1000,340,false],"2048x2048":["https:\/\/www.ametllerorigenwp.com\/wp-content\/uploads\/2024\/07\/F_APP_FC9.jpeg",1000,340,false],"post-thumbnail":["https:\/\/www.ametllerorigenwp.com\/wp-content\/uploads\/2024\/07\/F_APP_FC9.jpeg",1000,340,false]},"uagb_author_info":{"display_name":"Mireia Zaragoza","author_link":"https:\/\/www.ametllerorigenwp.com\/es\/author\/mzaragoza\/"},"uagb_comment_info":0,"uagb_excerpt":"Estas vacaciones te proponemos una lectura del todo emocionante: \u00a1el noveno n\u00famero de la revista Fem Cam\u00ed que encontrar\u00e1s en todas nuestras tiendas y online! En esta edici\u00f3n descubrir\u00e1s los nuevos productos de la gamma PRO+ y por qu\u00e9 es tan importante la prote\u00edna para tu organismo. Tambi\u00e9n podr\u00e1s leer la entrevista con la divulgadora&hellip;","coauthors":[],"tax_additional":{"categories":{"linked":["<a href=\"https:\/\/www.ametllerorigenwp.com\/es\/category\/noticias\/\" class=\"advgb-post-tax-term\">Noticias<\/a>"],"unlinked":["<span class=\"advgb-post-tax-term\">Noticias<\/span>"]}},"comment_count":"0","relative_dates":{"created":"Publicado 2 a\u00f1os hace","modified":"Actualizado 2 a\u00f1os hace"},"absolute_dates":{"created":"Publicado el 13 de julio de 2024","modified":"Actualizado el 11 de julio de 2024"},"absolute_dates_time":{"created":"Publicado el 13 de julio de 2024 01:00","modified":"Actualizado el 11 de julio de 2024 19:39"},"featured_img_caption":"","series_order":"","show_in_app":true,"fecha_inicio_destacado":null,"hora_inicio_visualizacion":null,"minutos_inicio_visualizacion":null,"fecha_final_destacado":null,"hora_final_visualizacion":null,"minutos_final_visualizacion":null,"posicion_visualizacion":null,"estado_destacado":null,"niveles_destacados":null,"url_del_enlace":null,"banner_destacado":null,"posicion_visualizacion_de_la_noticia":"01","estado_noticia":["Visible"],"fecha_de_inicio_de_visualizacion_del_tutorial":null,"hora_inicio_visualizacion_tutorial":null,"minutos_inicio_visualizacion_tutorial":null,"fecha_de_final_de_visualizacion_del_tutorial":null,"hora_final_visualizacion_tutorial":null,"minutos_final_visualizacion_tutorial":null,"numero_de_veces_visto":null,"numero_de_veces_total":null,"niveles_tutorial":null,"tutorial_recursos_castellano":null,"tutorial_recursos_catalan":null,"dias_disponibles":null,"dias_de_la_semana":null,"dias_del_mes":null,"other_lang_post_id":null,"lang":"es","campanya_descripcion":null,"campanya_fecha_inicio":null,"campanya_fecha_fin":null,"campanya_legales":null,"campanya_imagen":null,"campanya_characteristics":null,"campanya_url":null,"campanya_posicion_visualizacion":null,"campanya_estado":null,"_links":{"self":[{"href":"https:\/\/www.ametllerorigenwp.com\/es\/wp-json\/wp\/v2\/posts\/12200","targetHints":{"allow":["GET"]}}],"collection":[{"href":"https:\/\/www.ametllerorigenwp.com\/es\/wp-json\/wp\/v2\/posts"}],"about":[{"href":"https:\/\/www.ametllerorigenwp.com\/es\/wp-json\/wp\/v2\/types\/post"}],"author":[{"embeddable":true,"href":"https:\/\/www.ametllerorigenwp.com\/es\/wp-json\/wp\/v2\/users\/5"}],"replies":[{"embeddable":true,"href":"https:\/\/www.ametllerorigenwp.com\/es\/wp-json\/wp\/v2\/comments?post=12200"}],"version-history":[{"count":1,"href":"https:\/\/www.ametllerorigenwp.com\/es\/wp-json\/wp\/v2\/posts\/12200\/revisions"}],"predecessor-version":[{"id":12203,"href":"https:\/\/www.ametllerorigenwp.com\/es\/wp-json\/wp\/v2\/posts\/12200\/revisions\/12203"}],"wp:featuredmedia":[{"embeddable":true,"href":"https:\/\/www.ametllerorigenwp.com\/es\/wp-json\/wp\/v2\/media\/12201"}],"wp:attachment":[{"href":"https:\/\/www.ametllerorigenwp.com\/es\/wp-json\/wp\/v2\/media?parent=12200"}],"wp:term":[{"taxonomy":"category","embeddable":true,"href":"https:\/\/www.ametllerorigenwp.com\/es\/wp-json\/wp\/v2\/categories?post=12200"},{"taxonomy":"post_tag","embeddable":true,"href":"https:\/\/www.ametllerorigenwp.com\/es\/wp-json\/wp\/v2\/tags?post=12200"}],"curies":[{"name":"wp","href":"https:\/\/api.w.org\/{rel}","templated":true}]}}