{"id":12392,"date":"2024-08-03T01:00:10","date_gmt":"2024-08-03T01:00:10","guid":{"rendered":"https:\/\/www.ametllerorigenwp.com\/?p=12392"},"modified":"2024-08-01T15:11:49","modified_gmt":"2024-08-01T15:11:49","slug":"descargate-el-calendario-mensual-de-agosto","status":"publish","type":"post","link":"https:\/\/www.ametllerorigenwp.com\/es\/descargate-el-calendario-mensual-de-agosto\/","title":{"rendered":"\u00a1Desc\u00e1rgate el calendario mensual de agosto!"},"content":{"rendered":"<p>\u00a1Mes nuevo es sin\u00f3nimo de calendario mensual! Ya no tienes excusa para olvidar los compromisos m\u00e1s importantes con\u00a0<b>nuestro calendario mensual y organizador semanal, dise\u00f1ado por el ilustrador Javier Royo. Te lo ponemos f\u00e1cil para anotar todo aquello que necesites y recordar los d\u00edas mundiales y festividades destacadas.<\/b>\u00a0Asimismo, encontrar\u00e1s\u00a0<b>informaci\u00f3n relacionada con nuestra manera de hacer y cu\u00e1les son las principales frutas y hortalizas de temporada.\u00a0<\/b><\/p>\n<p><b>Este mes de agosto destacamos que para ofrecerte los mejores tomates durante todo el a\u00f1o, cultivamos variedades \u00fanicas y tenemos un campo de ensayo<\/b>, con m\u00e1s de 200 variedades, donde hacemos diferentes pruebas con el tipo de fertilizaci\u00f3n, riego y poda.<\/p>\n<p>\u00a1Desc\u00e1rgatelo\u00a0<a href=\"https:\/\/corp.ametllerorigen.com\/es\/calendario-2024\/\" target=\"_blank\" rel=\"noopener\" data-saferedirecturl=\"https:\/\/www.google.com\/url?q=https:\/\/corp.ametllerorigen.com\/es\/calendario-2024\/&amp;source=gmail&amp;ust=1722611370158000&amp;usg=AOvVaw2njSCNeoJrDm3XWXYnYGbA\">aqu\u00ed<\/a>!<\/p>\n","protected":false},"excerpt":{"rendered":"<p>\u00a1Mes nuevo es sin\u00f3nimo de calendario mensual! Ya no tienes excusa para olvidar los compromisos m\u00e1s importantes con\u00a0nuestro calendario mensual y organizador semanal, dise\u00f1ado por el ilustrador Javier Royo. Te lo ponemos f\u00e1cil para anotar todo aquello que necesites y recordar los d\u00edas mundiales y festividades destacadas.\u00a0Asimismo, encontrar\u00e1s\u00a0informaci\u00f3n relacionada con nuestra manera de hacer y &hellip; <a href=\"https:\/\/www.ametllerorigenwp.com\/es\/descargate-el-calendario-mensual-de-agosto\/\" class=\"more-link\">Continuar leyendo<span class=\"screen-reader-text\"> \u00ab\u00a1Desc\u00e1rgate el calendario mensual de agosto!\u00bb<\/span><\/a><\/p>\n","protected":false},"author":5,"featured_media":12393,"comment_status":"closed","ping_status":"closed","sticky":false,"template":"","format":"standard","meta":{"_uag_custom_page_level_css":"","advgb_blocks_editor_width":"","advgb_blocks_columns_visual_guide":"","footnotes":""},"categories":[1],"tags":[],"class_list":["post-12392","post","type-post","status-publish","format-standard","has-post-thumbnail","hentry","category-noticias"],"author_meta":{"display_name":"Mireia Zaragoza","author_link":"https:\/\/www.ametllerorigenwp.com\/es\/author\/mzaragoza\/"},"featured_img":"https:\/\/www.ametllerorigenwp.com\/wp-content\/uploads\/2024\/08\/IM_APP_CALENDARI_AGOST_DESCARREGABLE-300x102.jpg","uagb_featured_image_src":{"full":["https:\/\/www.ametllerorigenwp.com\/wp-content\/uploads\/2024\/08\/IM_APP_CALENDARI_AGOST_DESCARREGABLE.jpg",1000,340,false],"thumbnail":["https:\/\/www.ametllerorigenwp.com\/wp-content\/uploads\/2024\/08\/IM_APP_CALENDARI_AGOST_DESCARREGABLE-150x150.jpg",150,150,true],"medium":["https:\/\/www.ametllerorigenwp.com\/wp-content\/uploads\/2024\/08\/IM_APP_CALENDARI_AGOST_DESCARREGABLE-300x102.jpg",300,102,true],"medium_large":["https:\/\/www.ametllerorigenwp.com\/wp-content\/uploads\/2024\/08\/IM_APP_CALENDARI_AGOST_DESCARREGABLE-768x261.jpg",768,261,true],"large":["https:\/\/www.ametllerorigenwp.com\/wp-content\/uploads\/2024\/08\/IM_APP_CALENDARI_AGOST_DESCARREGABLE.jpg",840,286,false],"1536x1536":["https:\/\/www.ametllerorigenwp.com\/wp-content\/uploads\/2024\/08\/IM_APP_CALENDARI_AGOST_DESCARREGABLE.jpg",1000,340,false],"2048x2048":["https:\/\/www.ametllerorigenwp.com\/wp-content\/uploads\/2024\/08\/IM_APP_CALENDARI_AGOST_DESCARREGABLE.jpg",1000,340,false],"post-thumbnail":["https:\/\/www.ametllerorigenwp.com\/wp-content\/uploads\/2024\/08\/IM_APP_CALENDARI_AGOST_DESCARREGABLE.jpg",1000,340,false]},"uagb_author_info":{"display_name":"Mireia Zaragoza","author_link":"https:\/\/www.ametllerorigenwp.com\/es\/author\/mzaragoza\/"},"uagb_comment_info":0,"uagb_excerpt":"\u00a1Mes nuevo es sin\u00f3nimo de calendario mensual! Ya no tienes excusa para olvidar los compromisos m\u00e1s importantes con\u00a0nuestro calendario mensual y organizador semanal, dise\u00f1ado por el ilustrador Javier Royo. Te lo ponemos f\u00e1cil para anotar todo aquello que necesites y recordar los d\u00edas mundiales y festividades destacadas.\u00a0Asimismo, encontrar\u00e1s\u00a0informaci\u00f3n relacionada con nuestra manera de hacer y&hellip;","coauthors":[],"tax_additional":{"categories":{"linked":["<a href=\"https:\/\/www.ametllerorigenwp.com\/es\/category\/noticias\/\" class=\"advgb-post-tax-term\">Noticias<\/a>"],"unlinked":["<span class=\"advgb-post-tax-term\">Noticias<\/span>"]}},"comment_count":"0","relative_dates":{"created":"Publicado 2 a\u00f1os hace","modified":"Actualizado 2 a\u00f1os hace"},"absolute_dates":{"created":"Publicado el 3 de agosto de 2024","modified":"Actualizado el 1 de agosto de 2024"},"absolute_dates_time":{"created":"Publicado el 3 de agosto de 2024 01:00","modified":"Actualizado el 1 de agosto de 2024 15:11"},"featured_img_caption":"","series_order":"","show_in_app":true,"fecha_inicio_destacado":null,"hora_inicio_visualizacion":null,"minutos_inicio_visualizacion":null,"fecha_final_destacado":null,"hora_final_visualizacion":null,"minutos_final_visualizacion":null,"posicion_visualizacion":null,"estado_destacado":null,"niveles_destacados":null,"url_del_enlace":null,"banner_destacado":null,"posicion_visualizacion_de_la_noticia":"01","estado_noticia":["Visible"],"fecha_de_inicio_de_visualizacion_del_tutorial":null,"hora_inicio_visualizacion_tutorial":null,"minutos_inicio_visualizacion_tutorial":null,"fecha_de_final_de_visualizacion_del_tutorial":null,"hora_final_visualizacion_tutorial":null,"minutos_final_visualizacion_tutorial":null,"numero_de_veces_visto":null,"numero_de_veces_total":null,"niveles_tutorial":null,"tutorial_recursos_castellano":null,"tutorial_recursos_catalan":null,"dias_disponibles":null,"dias_de_la_semana":null,"dias_del_mes":null,"other_lang_post_id":null,"lang":"es","campanya_descripcion":null,"campanya_fecha_inicio":null,"campanya_fecha_fin":null,"campanya_legales":null,"campanya_imagen":null,"campanya_characteristics":null,"campanya_url":null,"campanya_posicion_visualizacion":null,"campanya_estado":null,"_links":{"self":[{"href":"https:\/\/www.ametllerorigenwp.com\/es\/wp-json\/wp\/v2\/posts\/12392","targetHints":{"allow":["GET"]}}],"collection":[{"href":"https:\/\/www.ametllerorigenwp.com\/es\/wp-json\/wp\/v2\/posts"}],"about":[{"href":"https:\/\/www.ametllerorigenwp.com\/es\/wp-json\/wp\/v2\/types\/post"}],"author":[{"embeddable":true,"href":"https:\/\/www.ametllerorigenwp.com\/es\/wp-json\/wp\/v2\/users\/5"}],"replies":[{"embeddable":true,"href":"https:\/\/www.ametllerorigenwp.com\/es\/wp-json\/wp\/v2\/comments?post=12392"}],"version-history":[{"count":1,"href":"https:\/\/www.ametllerorigenwp.com\/es\/wp-json\/wp\/v2\/posts\/12392\/revisions"}],"predecessor-version":[{"id":12395,"href":"https:\/\/www.ametllerorigenwp.com\/es\/wp-json\/wp\/v2\/posts\/12392\/revisions\/12395"}],"wp:featuredmedia":[{"embeddable":true,"href":"https:\/\/www.ametllerorigenwp.com\/es\/wp-json\/wp\/v2\/media\/12393"}],"wp:attachment":[{"href":"https:\/\/www.ametllerorigenwp.com\/es\/wp-json\/wp\/v2\/media?parent=12392"}],"wp:term":[{"taxonomy":"category","embeddable":true,"href":"https:\/\/www.ametllerorigenwp.com\/es\/wp-json\/wp\/v2\/categories?post=12392"},{"taxonomy":"post_tag","embeddable":true,"href":"https:\/\/www.ametllerorigenwp.com\/es\/wp-json\/wp\/v2\/tags?post=12392"}],"curies":[{"name":"wp","href":"https:\/\/api.w.org\/{rel}","templated":true}]}}