{"id":12495,"date":"2024-09-12T01:00:05","date_gmt":"2024-09-12T01:00:05","guid":{"rendered":"https:\/\/www.ametllerorigenwp.com\/?p=12495"},"modified":"2024-08-02T13:36:26","modified_gmt":"2024-08-02T13:36:26","slug":"apuesta-por-los-farinaceos-integrales-para-tener-energia-todo-el-dia","status":"publish","type":"post","link":"https:\/\/www.ametllerorigenwp.com\/es\/apuesta-por-los-farinaceos-integrales-para-tener-energia-todo-el-dia\/","title":{"rendered":"Apuesta por los farin\u00e1ceos integrales para tener energ\u00eda todo el d\u00eda"},"content":{"rendered":"<p class=\"p1\"><span class=\"s1\">Si en el momento de comer farin\u00e1ceos te decantas por los integrales, \u00a1te tenemos que felicitar porque lo haces correctamente! De hecho, <b>los cereales integrales y los alimentos hechos con harinas de cereales integrales son aquellos constituidos por el grano entero y son ricos en almid\u00f3n, fibra, vitaminas del grupo B y otros micronutrientes<\/b>. Es por esto que, con el objetivo de obtener la energ\u00eda que necesita tu organismo, te debes aseguras de <b>introducir los farin\u00e1ceos integrales en las comidas principales: desayuno (40 g &#8211; 60 g en crudo), almuerzo (60 g &#8211; 80 g en crudo) y cena (60 g &#8211; 80 g en crudo). <\/b><\/span><\/p>\n","protected":false},"excerpt":{"rendered":"<p>Si en el momento de comer farin\u00e1ceos te decantas por los integrales, \u00a1te tenemos que felicitar porque lo haces correctamente! De hecho, los cereales integrales y los alimentos hechos con harinas de cereales integrales son aquellos constituidos por el grano entero y son ricos en almid\u00f3n, fibra, vitaminas del grupo B y otros micronutrientes. Es &hellip; <a href=\"https:\/\/www.ametllerorigenwp.com\/es\/apuesta-por-los-farinaceos-integrales-para-tener-energia-todo-el-dia\/\" class=\"more-link\">Continuar leyendo<span class=\"screen-reader-text\"> \u00abApuesta por los farin\u00e1ceos integrales para tener energ\u00eda todo el d\u00eda\u00bb<\/span><\/a><\/p>\n","protected":false},"author":5,"featured_media":12499,"comment_status":"closed","ping_status":"closed","sticky":false,"template":"","format":"standard","meta":{"_uag_custom_page_level_css":"","advgb_blocks_editor_width":"","advgb_blocks_columns_visual_guide":"","footnotes":""},"categories":[1],"tags":[],"class_list":["post-12495","post","type-post","status-publish","format-standard","has-post-thumbnail","hentry","category-noticias"],"author_meta":{"display_name":"Mireia Zaragoza","author_link":"https:\/\/www.ametllerorigenwp.com\/es\/author\/mzaragoza\/"},"featured_img":"https:\/\/www.ametllerorigenwp.com\/wp-content\/uploads\/2024\/09\/Proyecto-nuevo-8-300x102.jpeg","uagb_featured_image_src":{"full":["https:\/\/www.ametllerorigenwp.com\/wp-content\/uploads\/2024\/09\/Proyecto-nuevo-8.jpeg",1000,340,false],"thumbnail":["https:\/\/www.ametllerorigenwp.com\/wp-content\/uploads\/2024\/09\/Proyecto-nuevo-8-150x150.jpeg",150,150,true],"medium":["https:\/\/www.ametllerorigenwp.com\/wp-content\/uploads\/2024\/09\/Proyecto-nuevo-8-300x102.jpeg",300,102,true],"medium_large":["https:\/\/www.ametllerorigenwp.com\/wp-content\/uploads\/2024\/09\/Proyecto-nuevo-8-768x261.jpeg",768,261,true],"large":["https:\/\/www.ametllerorigenwp.com\/wp-content\/uploads\/2024\/09\/Proyecto-nuevo-8.jpeg",840,286,false],"1536x1536":["https:\/\/www.ametllerorigenwp.com\/wp-content\/uploads\/2024\/09\/Proyecto-nuevo-8.jpeg",1000,340,false],"2048x2048":["https:\/\/www.ametllerorigenwp.com\/wp-content\/uploads\/2024\/09\/Proyecto-nuevo-8.jpeg",1000,340,false],"post-thumbnail":["https:\/\/www.ametllerorigenwp.com\/wp-content\/uploads\/2024\/09\/Proyecto-nuevo-8.jpeg",1000,340,false]},"uagb_author_info":{"display_name":"Mireia Zaragoza","author_link":"https:\/\/www.ametllerorigenwp.com\/es\/author\/mzaragoza\/"},"uagb_comment_info":0,"uagb_excerpt":"Si en el momento de comer farin\u00e1ceos te decantas por los integrales, \u00a1te tenemos que felicitar porque lo haces correctamente! De hecho, los cereales integrales y los alimentos hechos con harinas de cereales integrales son aquellos constituidos por el grano entero y son ricos en almid\u00f3n, fibra, vitaminas del grupo B y otros micronutrientes. Es&hellip;","coauthors":[],"tax_additional":{"categories":{"linked":["<a href=\"https:\/\/www.ametllerorigenwp.com\/es\/category\/noticias\/\" class=\"advgb-post-tax-term\">Noticias<\/a>"],"unlinked":["<span class=\"advgb-post-tax-term\">Noticias<\/span>"]}},"comment_count":"0","relative_dates":{"created":"Publicado 2 a\u00f1os hace","modified":"Actualizado 2 a\u00f1os hace"},"absolute_dates":{"created":"Publicado el 12 de septiembre de 2024","modified":"Actualizado el 2 de agosto de 2024"},"absolute_dates_time":{"created":"Publicado el 12 de septiembre de 2024 01:00","modified":"Actualizado el 2 de agosto de 2024 13:36"},"featured_img_caption":"","series_order":"","show_in_app":true,"fecha_inicio_destacado":null,"hora_inicio_visualizacion":null,"minutos_inicio_visualizacion":null,"fecha_final_destacado":null,"hora_final_visualizacion":null,"minutos_final_visualizacion":null,"posicion_visualizacion":null,"estado_destacado":null,"niveles_destacados":null,"url_del_enlace":null,"banner_destacado":null,"posicion_visualizacion_de_la_noticia":"01","estado_noticia":["Visible"],"fecha_de_inicio_de_visualizacion_del_tutorial":null,"hora_inicio_visualizacion_tutorial":null,"minutos_inicio_visualizacion_tutorial":null,"fecha_de_final_de_visualizacion_del_tutorial":null,"hora_final_visualizacion_tutorial":null,"minutos_final_visualizacion_tutorial":null,"numero_de_veces_visto":null,"numero_de_veces_total":null,"niveles_tutorial":null,"tutorial_recursos_castellano":null,"tutorial_recursos_catalan":null,"dias_disponibles":null,"dias_de_la_semana":null,"dias_del_mes":null,"other_lang_post_id":null,"lang":"es","campanya_descripcion":null,"campanya_fecha_inicio":null,"campanya_fecha_fin":null,"campanya_legales":null,"campanya_imagen":null,"campanya_characteristics":null,"campanya_url":null,"campanya_posicion_visualizacion":null,"campanya_estado":null,"_links":{"self":[{"href":"https:\/\/www.ametllerorigenwp.com\/es\/wp-json\/wp\/v2\/posts\/12495","targetHints":{"allow":["GET"]}}],"collection":[{"href":"https:\/\/www.ametllerorigenwp.com\/es\/wp-json\/wp\/v2\/posts"}],"about":[{"href":"https:\/\/www.ametllerorigenwp.com\/es\/wp-json\/wp\/v2\/types\/post"}],"author":[{"embeddable":true,"href":"https:\/\/www.ametllerorigenwp.com\/es\/wp-json\/wp\/v2\/users\/5"}],"replies":[{"embeddable":true,"href":"https:\/\/www.ametllerorigenwp.com\/es\/wp-json\/wp\/v2\/comments?post=12495"}],"version-history":[{"count":1,"href":"https:\/\/www.ametllerorigenwp.com\/es\/wp-json\/wp\/v2\/posts\/12495\/revisions"}],"predecessor-version":[{"id":12498,"href":"https:\/\/www.ametllerorigenwp.com\/es\/wp-json\/wp\/v2\/posts\/12495\/revisions\/12498"}],"wp:featuredmedia":[{"embeddable":true,"href":"https:\/\/www.ametllerorigenwp.com\/es\/wp-json\/wp\/v2\/media\/12499"}],"wp:attachment":[{"href":"https:\/\/www.ametllerorigenwp.com\/es\/wp-json\/wp\/v2\/media?parent=12495"}],"wp:term":[{"taxonomy":"category","embeddable":true,"href":"https:\/\/www.ametllerorigenwp.com\/es\/wp-json\/wp\/v2\/categories?post=12495"},{"taxonomy":"post_tag","embeddable":true,"href":"https:\/\/www.ametllerorigenwp.com\/es\/wp-json\/wp\/v2\/tags?post=12495"}],"curies":[{"name":"wp","href":"https:\/\/api.w.org\/{rel}","templated":true}]}}