{"id":1251,"date":"2021-03-17T07:17:28","date_gmt":"2021-03-17T07:17:28","guid":{"rendered":"https:\/\/www.ametllerorigenwp.com\/?p=1251"},"modified":"2021-03-17T07:17:32","modified_gmt":"2021-03-17T07:17:32","slug":"taller-online-alimentacion-saludable-en-la-etapa-escolar","status":"publish","type":"post","link":"https:\/\/www.ametllerorigenwp.com\/es\/taller-online-alimentacion-saludable-en-la-etapa-escolar\/","title":{"rendered":"Taller online: alimentaci\u00f3n saludable en la etapa escolar"},"content":{"rendered":"\n<p>\u00bfCu\u00e1ntas raciones de legumbres deben comer los ni\u00f1os a la semana? \u00bfCu\u00e1l es el mejor snack saludable para desayunar o merendar? \u00bfCu\u00e1ntas piezas de fruta se deben comer al d\u00eda?<\/p>\n\n\n\n<p>De la mano de la <strong>Dra. Eul\u00e0lia Vidal<\/strong>, te ayudamos a <strong>resolver esta y otras cuestiones relacionadas con la alimentaci\u00f3n de los ni\u00f1os y ni\u00f1as en la edad escolar<\/strong>.<\/p>\n\n\n\n<p>Ya tienes disponible, en formato online, <strong>el taller de Comida saludable en la etapa escolar<\/strong>: <a href=\"https:\/\/www.femcami.org\/ca\/escola-del-bon-menjar\" target=\"_blank\" rel=\"noreferrer noopener\">https:\/\/www.femcami.org\/ca\/escola-del-bon-menjar<\/a><\/p>\n\n\n\n<p>\u00a1Avancemos juntos hacia el mundo donde queremos vivir!<\/p>\n","protected":false},"excerpt":{"rendered":"<p>\u00bfCu\u00e1ntas raciones de legumbres deben comer los ni\u00f1os a la semana? \u00bfCu\u00e1l es el mejor snack saludable para desayunar o merendar? \u00bfCu\u00e1ntas piezas de fruta se deben comer al d\u00eda? De la mano de la Dra. Eul\u00e0lia Vidal, te ayudamos a resolver esta y otras cuestiones relacionadas con la alimentaci\u00f3n de los ni\u00f1os y ni\u00f1as &hellip; <a href=\"https:\/\/www.ametllerorigenwp.com\/es\/taller-online-alimentacion-saludable-en-la-etapa-escolar\/\" class=\"more-link\">Continuar leyendo<span class=\"screen-reader-text\"> \u00abTaller online: alimentaci\u00f3n saludable en la etapa escolar\u00bb<\/span><\/a><\/p>\n","protected":false},"author":5,"featured_media":1249,"comment_status":"open","ping_status":"open","sticky":false,"template":"","format":"standard","meta":{"_uag_custom_page_level_css":"","advgb_blocks_editor_width":"","advgb_blocks_columns_visual_guide":"","footnotes":""},"categories":[1],"tags":[],"class_list":["post-1251","post","type-post","status-publish","format-standard","has-post-thumbnail","hentry","category-noticias"],"author_meta":{"display_name":"Mireia Zaragoza","author_link":"https:\/\/www.ametllerorigenwp.com\/es\/author\/mzaragoza\/"},"featured_img":"https:\/\/www.ametllerorigenwp.com\/wp-content\/uploads\/2021\/03\/webinar-eulalia-300x200.jpg","uagb_featured_image_src":{"full":["https:\/\/www.ametllerorigenwp.com\/wp-content\/uploads\/2021\/03\/webinar-eulalia.jpg",1620,1080,false],"thumbnail":["https:\/\/www.ametllerorigenwp.com\/wp-content\/uploads\/2021\/03\/webinar-eulalia-150x150.jpg",150,150,true],"medium":["https:\/\/www.ametllerorigenwp.com\/wp-content\/uploads\/2021\/03\/webinar-eulalia-300x200.jpg",300,200,true],"medium_large":["https:\/\/www.ametllerorigenwp.com\/wp-content\/uploads\/2021\/03\/webinar-eulalia-768x512.jpg",768,512,true],"large":["https:\/\/www.ametllerorigenwp.com\/wp-content\/uploads\/2021\/03\/webinar-eulalia-1024x683.jpg",840,560,true],"1536x1536":["https:\/\/www.ametllerorigenwp.com\/wp-content\/uploads\/2021\/03\/webinar-eulalia-1536x1024.jpg",1536,1024,true],"2048x2048":["https:\/\/www.ametllerorigenwp.com\/wp-content\/uploads\/2021\/03\/webinar-eulalia.jpg",1620,1080,false],"post-thumbnail":["https:\/\/www.ametllerorigenwp.com\/wp-content\/uploads\/2021\/03\/webinar-eulalia-1200x800.jpg",1200,800,true]},"uagb_author_info":{"display_name":"Mireia Zaragoza","author_link":"https:\/\/www.ametllerorigenwp.com\/es\/author\/mzaragoza\/"},"uagb_comment_info":0,"uagb_excerpt":"\u00bfCu\u00e1ntas raciones de legumbres deben comer los ni\u00f1os a la semana? \u00bfCu\u00e1l es el mejor snack saludable para desayunar o merendar? \u00bfCu\u00e1ntas piezas de fruta se deben comer al d\u00eda? De la mano de la Dra. Eul\u00e0lia Vidal, te ayudamos a resolver esta y otras cuestiones relacionadas con la alimentaci\u00f3n de los ni\u00f1os y ni\u00f1as&hellip;","coauthors":[],"tax_additional":{"categories":{"linked":["<a href=\"https:\/\/www.ametllerorigenwp.com\/es\/category\/noticias\/\" class=\"advgb-post-tax-term\">Noticias<\/a>"],"unlinked":["<span class=\"advgb-post-tax-term\">Noticias<\/span>"]}},"comment_count":"0","relative_dates":{"created":"Publicado 5 a\u00f1os hace","modified":"Actualizado 5 a\u00f1os hace"},"absolute_dates":{"created":"Publicado el 17 de marzo de 2021","modified":"Actualizado el 17 de marzo de 2021"},"absolute_dates_time":{"created":"Publicado el 17 de marzo de 2021 07:17","modified":"Actualizado el 17 de marzo de 2021 07:17"},"featured_img_caption":"","series_order":"","show_in_app":true,"fecha_inicio_destacado":null,"hora_inicio_visualizacion":null,"minutos_inicio_visualizacion":null,"fecha_final_destacado":null,"hora_final_visualizacion":null,"minutos_final_visualizacion":null,"posicion_visualizacion":null,"estado_destacado":null,"niveles_destacados":null,"url_del_enlace":null,"banner_destacado":null,"posicion_visualizacion_de_la_noticia":null,"estado_noticia":null,"fecha_de_inicio_de_visualizacion_del_tutorial":null,"hora_inicio_visualizacion_tutorial":null,"minutos_inicio_visualizacion_tutorial":null,"fecha_de_final_de_visualizacion_del_tutorial":null,"hora_final_visualizacion_tutorial":null,"minutos_final_visualizacion_tutorial":null,"numero_de_veces_visto":null,"numero_de_veces_total":null,"niveles_tutorial":null,"tutorial_recursos_castellano":null,"tutorial_recursos_catalan":null,"dias_disponibles":null,"dias_de_la_semana":null,"dias_del_mes":null,"other_lang_post_id":null,"lang":"es","campanya_descripcion":null,"campanya_fecha_inicio":null,"campanya_fecha_fin":null,"campanya_legales":null,"campanya_imagen":null,"campanya_characteristics":null,"campanya_url":null,"campanya_posicion_visualizacion":null,"campanya_estado":null,"_links":{"self":[{"href":"https:\/\/www.ametllerorigenwp.com\/es\/wp-json\/wp\/v2\/posts\/1251","targetHints":{"allow":["GET"]}}],"collection":[{"href":"https:\/\/www.ametllerorigenwp.com\/es\/wp-json\/wp\/v2\/posts"}],"about":[{"href":"https:\/\/www.ametllerorigenwp.com\/es\/wp-json\/wp\/v2\/types\/post"}],"author":[{"embeddable":true,"href":"https:\/\/www.ametllerorigenwp.com\/es\/wp-json\/wp\/v2\/users\/5"}],"replies":[{"embeddable":true,"href":"https:\/\/www.ametllerorigenwp.com\/es\/wp-json\/wp\/v2\/comments?post=1251"}],"version-history":[{"count":2,"href":"https:\/\/www.ametllerorigenwp.com\/es\/wp-json\/wp\/v2\/posts\/1251\/revisions"}],"predecessor-version":[{"id":1253,"href":"https:\/\/www.ametllerorigenwp.com\/es\/wp-json\/wp\/v2\/posts\/1251\/revisions\/1253"}],"wp:featuredmedia":[{"embeddable":true,"href":"https:\/\/www.ametllerorigenwp.com\/es\/wp-json\/wp\/v2\/media\/1249"}],"wp:attachment":[{"href":"https:\/\/www.ametllerorigenwp.com\/es\/wp-json\/wp\/v2\/media?parent=1251"}],"wp:term":[{"taxonomy":"category","embeddable":true,"href":"https:\/\/www.ametllerorigenwp.com\/es\/wp-json\/wp\/v2\/categories?post=1251"},{"taxonomy":"post_tag","embeddable":true,"href":"https:\/\/www.ametllerorigenwp.com\/es\/wp-json\/wp\/v2\/tags?post=1251"}],"curies":[{"name":"wp","href":"https:\/\/api.w.org\/{rel}","templated":true}]}}