{"id":12523,"date":"2024-08-07T13:02:09","date_gmt":"2024-08-07T13:02:09","guid":{"rendered":"https:\/\/www.ametllerorigenwp.com\/?p=12523"},"modified":"2024-08-07T13:02:09","modified_gmt":"2024-08-07T13:02:09","slug":"23-anos-caminando-juntos-gracias","status":"publish","type":"post","link":"https:\/\/www.ametllerorigenwp.com\/es\/23-anos-caminando-juntos-gracias\/","title":{"rendered":"23 a\u00f1os caminando juntos: \u00a1gracias!"},"content":{"rendered":"<p><strong>23 a\u00f1os no son solo una cifra, sino un largo camino donde el esfuerzo, la dedicaci\u00f3n y el inconformismo han estado y contin\u00faan siendo los principales ingredientes para seguir consolidando nuestra manera \u00fanica de hacer, de cultivar, de cocinar y de entender la sostenibilidad. <\/strong><\/p>\n<p><strong>Lo que empez\u00f3 el 3 de agosto de 2001 con el sue\u00f1o de dos hermanos, Josep y Jordi, de transformar el mundo vendiendo acelgas desde una peque\u00f1a parada en el mercado municipal de Vilafranca, se ha convertido en una gran aventura compartida con m\u00e1s de 1 mill\u00f3n de clientes comprometidos. <\/strong><\/p>\n<p>Una familia que comenz\u00f3 siendo peque\u00f1a y que ha ido creciendo gracias a todos vosotros, que con vuestra confianza nos dais, d\u00eda a d\u00eda, el motor para seguir trabajando con la misma pasi\u00f3n y dedicaci\u00f3n que cuando los dos hermanos llevaban la compra en casa de los primeros valientes que confiaron en este proyecto que tan solo empezaba.<\/p>\n<p>\u00a1Gracias a todos por hacerlo posible y por acompa\u00f1arnos en este <a href=\"https:\/\/www.instagram.com\/reel\/C-VuUMNto4Q\/?igsh=enppdm5sM3p4emhq\">camino<\/a>!<\/p>\n","protected":false},"excerpt":{"rendered":"<p>23 a\u00f1os no son solo una cifra, sino un largo camino donde el esfuerzo, la dedicaci\u00f3n y el inconformismo han estado y contin\u00faan siendo los principales ingredientes para seguir consolidando nuestra manera \u00fanica de hacer, de cultivar, de cocinar y de entender la sostenibilidad. Lo que empez\u00f3 el 3 de agosto de 2001 con el &hellip; <a href=\"https:\/\/www.ametllerorigenwp.com\/es\/23-anos-caminando-juntos-gracias\/\" class=\"more-link\">Continuar leyendo<span class=\"screen-reader-text\"> \u00ab23 a\u00f1os caminando juntos: \u00a1gracias!\u00bb<\/span><\/a><\/p>\n","protected":false},"author":5,"featured_media":12524,"comment_status":"closed","ping_status":"closed","sticky":false,"template":"","format":"standard","meta":{"_uag_custom_page_level_css":"","advgb_blocks_editor_width":"","advgb_blocks_columns_visual_guide":"","footnotes":""},"categories":[1],"tags":[],"class_list":["post-12523","post","type-post","status-publish","format-standard","has-post-thumbnail","hentry","category-noticias"],"author_meta":{"display_name":"Mireia Zaragoza","author_link":"https:\/\/www.ametllerorigenwp.com\/es\/author\/mzaragoza\/"},"featured_img":"https:\/\/www.ametllerorigenwp.com\/wp-content\/uploads\/2024\/08\/COMMS_APP_23ANYS-300x102.jpg","uagb_featured_image_src":{"full":["https:\/\/www.ametllerorigenwp.com\/wp-content\/uploads\/2024\/08\/COMMS_APP_23ANYS.jpg",1000,340,false],"thumbnail":["https:\/\/www.ametllerorigenwp.com\/wp-content\/uploads\/2024\/08\/COMMS_APP_23ANYS-150x150.jpg",150,150,true],"medium":["https:\/\/www.ametllerorigenwp.com\/wp-content\/uploads\/2024\/08\/COMMS_APP_23ANYS-300x102.jpg",300,102,true],"medium_large":["https:\/\/www.ametllerorigenwp.com\/wp-content\/uploads\/2024\/08\/COMMS_APP_23ANYS-768x261.jpg",768,261,true],"large":["https:\/\/www.ametllerorigenwp.com\/wp-content\/uploads\/2024\/08\/COMMS_APP_23ANYS.jpg",840,286,false],"1536x1536":["https:\/\/www.ametllerorigenwp.com\/wp-content\/uploads\/2024\/08\/COMMS_APP_23ANYS.jpg",1000,340,false],"2048x2048":["https:\/\/www.ametllerorigenwp.com\/wp-content\/uploads\/2024\/08\/COMMS_APP_23ANYS.jpg",1000,340,false],"post-thumbnail":["https:\/\/www.ametllerorigenwp.com\/wp-content\/uploads\/2024\/08\/COMMS_APP_23ANYS.jpg",1000,340,false]},"uagb_author_info":{"display_name":"Mireia Zaragoza","author_link":"https:\/\/www.ametllerorigenwp.com\/es\/author\/mzaragoza\/"},"uagb_comment_info":0,"uagb_excerpt":"23 a\u00f1os no son solo una cifra, sino un largo camino donde el esfuerzo, la dedicaci\u00f3n y el inconformismo han estado y contin\u00faan siendo los principales ingredientes para seguir consolidando nuestra manera \u00fanica de hacer, de cultivar, de cocinar y de entender la sostenibilidad. Lo que empez\u00f3 el 3 de agosto de 2001 con el&hellip;","coauthors":[],"tax_additional":{"categories":{"linked":["<a href=\"https:\/\/www.ametllerorigenwp.com\/es\/category\/noticias\/\" class=\"advgb-post-tax-term\">Noticias<\/a>"],"unlinked":["<span class=\"advgb-post-tax-term\">Noticias<\/span>"]}},"comment_count":"0","relative_dates":{"created":"Publicado 2 a\u00f1os hace","modified":"Actualizado 2 a\u00f1os hace"},"absolute_dates":{"created":"Publicado el 7 de agosto de 2024","modified":"Actualizado el 7 de agosto de 2024"},"absolute_dates_time":{"created":"Publicado el 7 de agosto de 2024 13:02","modified":"Actualizado el 7 de agosto de 2024 13:02"},"featured_img_caption":"","series_order":"","show_in_app":true,"fecha_inicio_destacado":null,"hora_inicio_visualizacion":null,"minutos_inicio_visualizacion":null,"fecha_final_destacado":null,"hora_final_visualizacion":null,"minutos_final_visualizacion":null,"posicion_visualizacion":null,"estado_destacado":null,"niveles_destacados":null,"url_del_enlace":null,"banner_destacado":null,"posicion_visualizacion_de_la_noticia":"01","estado_noticia":["Visible"],"fecha_de_inicio_de_visualizacion_del_tutorial":null,"hora_inicio_visualizacion_tutorial":null,"minutos_inicio_visualizacion_tutorial":null,"fecha_de_final_de_visualizacion_del_tutorial":null,"hora_final_visualizacion_tutorial":null,"minutos_final_visualizacion_tutorial":null,"numero_de_veces_visto":null,"numero_de_veces_total":null,"niveles_tutorial":null,"tutorial_recursos_castellano":null,"tutorial_recursos_catalan":null,"dias_disponibles":null,"dias_de_la_semana":null,"dias_del_mes":null,"other_lang_post_id":12527,"lang":"es","campanya_descripcion":null,"campanya_fecha_inicio":null,"campanya_fecha_fin":null,"campanya_legales":null,"campanya_imagen":null,"campanya_characteristics":null,"campanya_url":null,"campanya_posicion_visualizacion":null,"campanya_estado":null,"_links":{"self":[{"href":"https:\/\/www.ametllerorigenwp.com\/es\/wp-json\/wp\/v2\/posts\/12523","targetHints":{"allow":["GET"]}}],"collection":[{"href":"https:\/\/www.ametllerorigenwp.com\/es\/wp-json\/wp\/v2\/posts"}],"about":[{"href":"https:\/\/www.ametllerorigenwp.com\/es\/wp-json\/wp\/v2\/types\/post"}],"author":[{"embeddable":true,"href":"https:\/\/www.ametllerorigenwp.com\/es\/wp-json\/wp\/v2\/users\/5"}],"replies":[{"embeddable":true,"href":"https:\/\/www.ametllerorigenwp.com\/es\/wp-json\/wp\/v2\/comments?post=12523"}],"version-history":[{"count":1,"href":"https:\/\/www.ametllerorigenwp.com\/es\/wp-json\/wp\/v2\/posts\/12523\/revisions"}],"predecessor-version":[{"id":12526,"href":"https:\/\/www.ametllerorigenwp.com\/es\/wp-json\/wp\/v2\/posts\/12523\/revisions\/12526"}],"wp:featuredmedia":[{"embeddable":true,"href":"https:\/\/www.ametllerorigenwp.com\/es\/wp-json\/wp\/v2\/media\/12524"}],"wp:attachment":[{"href":"https:\/\/www.ametllerorigenwp.com\/es\/wp-json\/wp\/v2\/media?parent=12523"}],"wp:term":[{"taxonomy":"category","embeddable":true,"href":"https:\/\/www.ametllerorigenwp.com\/es\/wp-json\/wp\/v2\/categories?post=12523"},{"taxonomy":"post_tag","embeddable":true,"href":"https:\/\/www.ametllerorigenwp.com\/es\/wp-json\/wp\/v2\/tags?post=12523"}],"curies":[{"name":"wp","href":"https:\/\/api.w.org\/{rel}","templated":true}]}}