{"id":12543,"date":"2024-08-10T01:00:02","date_gmt":"2024-08-10T01:00:02","guid":{"rendered":"https:\/\/www.ametllerorigenwp.com\/?p=12543"},"modified":"2024-08-09T15:00:29","modified_gmt":"2024-08-09T15:00:29","slug":"cena-gastronomica-de-tomates-una-actividad-para-poner-en-valor-esta-delicia-de-temporada","status":"publish","type":"post","link":"https:\/\/www.ametllerorigenwp.com\/es\/cena-gastronomica-de-tomates-una-actividad-para-poner-en-valor-esta-delicia-de-temporada\/","title":{"rendered":"Cena gastron\u00f3mica de tomates, una actividad para poner en valor esta delicia de temporada"},"content":{"rendered":"<p class=\"p1\"><span class=\"s1\">M\u00e1s de 30 clientes amantes del tomate disfrutaron de la <b>segunda edici\u00f3n de la cena gastron\u00f3mica de tomates<\/b> que celebramos en el <b>restaurante GreenVita de Diagonal Mar. <\/b><\/span><\/p>\n<p class=\"p1\"><span class=\"s1\">Una iniciativa para <b>poner en valor esta hortaliza tan protagonista durante el verano<\/b>, que cont\u00f3 con la <b>presencia de nuestro director de Innovaci\u00f3n y Sostenibilidad, Joan Sim\u00f3<\/b>, quien explic\u00f3 a los asistentes todos <b>los secretos de cultivo que nos permiten poder ofrecerte los tomates m\u00e1s sabrosos en nuestras tiendas. <\/b><\/span><\/p>\n<p class=\"p1\"><span class=\"s1\">\u00a1Vive en primera persona c\u00f3mo fue el encuentro en este <a href=\"https:\/\/www.instagram.com\/reel\/C-a35ZSNyww\/?igsh=cTRlb2x2M3JrMm9p\"><span class=\"s2\">v\u00eddeo<\/span><\/a>!<\/span><\/p>\n","protected":false},"excerpt":{"rendered":"<p>M\u00e1s de 30 clientes amantes del tomate disfrutaron de la segunda edici\u00f3n de la cena gastron\u00f3mica de tomates que celebramos en el restaurante GreenVita de Diagonal Mar. Una iniciativa para poner en valor esta hortaliza tan protagonista durante el verano, que cont\u00f3 con la presencia de nuestro director de Innovaci\u00f3n y Sostenibilidad, Joan Sim\u00f3, quien &hellip; <a href=\"https:\/\/www.ametllerorigenwp.com\/es\/cena-gastronomica-de-tomates-una-actividad-para-poner-en-valor-esta-delicia-de-temporada\/\" class=\"more-link\">Continuar leyendo<span class=\"screen-reader-text\"> \u00abCena gastron\u00f3mica de tomates, una actividad para poner en valor esta delicia de temporada\u00bb<\/span><\/a><\/p>\n","protected":false},"author":5,"featured_media":12544,"comment_status":"closed","ping_status":"closed","sticky":false,"template":"","format":"standard","meta":{"_uag_custom_page_level_css":"","advgb_blocks_editor_width":"","advgb_blocks_columns_visual_guide":"","footnotes":""},"categories":[1],"tags":[],"class_list":["post-12543","post","type-post","status-publish","format-standard","has-post-thumbnail","hentry","category-noticias"],"author_meta":{"display_name":"Mireia Zaragoza","author_link":"https:\/\/www.ametllerorigenwp.com\/es\/author\/mzaragoza\/"},"featured_img":"https:\/\/www.ametllerorigenwp.com\/wp-content\/uploads\/2024\/08\/B_app_T-1-300x102.jpeg","uagb_featured_image_src":{"full":["https:\/\/www.ametllerorigenwp.com\/wp-content\/uploads\/2024\/08\/B_app_T-1.jpeg",1000,340,false],"thumbnail":["https:\/\/www.ametllerorigenwp.com\/wp-content\/uploads\/2024\/08\/B_app_T-1-150x150.jpeg",150,150,true],"medium":["https:\/\/www.ametllerorigenwp.com\/wp-content\/uploads\/2024\/08\/B_app_T-1-300x102.jpeg",300,102,true],"medium_large":["https:\/\/www.ametllerorigenwp.com\/wp-content\/uploads\/2024\/08\/B_app_T-1-768x261.jpeg",768,261,true],"large":["https:\/\/www.ametllerorigenwp.com\/wp-content\/uploads\/2024\/08\/B_app_T-1.jpeg",840,286,false],"1536x1536":["https:\/\/www.ametllerorigenwp.com\/wp-content\/uploads\/2024\/08\/B_app_T-1.jpeg",1000,340,false],"2048x2048":["https:\/\/www.ametllerorigenwp.com\/wp-content\/uploads\/2024\/08\/B_app_T-1.jpeg",1000,340,false],"post-thumbnail":["https:\/\/www.ametllerorigenwp.com\/wp-content\/uploads\/2024\/08\/B_app_T-1.jpeg",1000,340,false]},"uagb_author_info":{"display_name":"Mireia Zaragoza","author_link":"https:\/\/www.ametllerorigenwp.com\/es\/author\/mzaragoza\/"},"uagb_comment_info":0,"uagb_excerpt":"M\u00e1s de 30 clientes amantes del tomate disfrutaron de la segunda edici\u00f3n de la cena gastron\u00f3mica de tomates que celebramos en el restaurante GreenVita de Diagonal Mar. Una iniciativa para poner en valor esta hortaliza tan protagonista durante el verano, que cont\u00f3 con la presencia de nuestro director de Innovaci\u00f3n y Sostenibilidad, Joan Sim\u00f3, quien&hellip;","coauthors":[],"tax_additional":{"categories":{"linked":["<a href=\"https:\/\/www.ametllerorigenwp.com\/es\/category\/noticias\/\" class=\"advgb-post-tax-term\">Noticias<\/a>"],"unlinked":["<span class=\"advgb-post-tax-term\">Noticias<\/span>"]}},"comment_count":"0","relative_dates":{"created":"Publicado 2 a\u00f1os hace","modified":"Actualizado 2 a\u00f1os hace"},"absolute_dates":{"created":"Publicado el 10 de agosto de 2024","modified":"Actualizado el 9 de agosto de 2024"},"absolute_dates_time":{"created":"Publicado el 10 de agosto de 2024 01:00","modified":"Actualizado el 9 de agosto de 2024 15:00"},"featured_img_caption":"","series_order":"","show_in_app":true,"fecha_inicio_destacado":null,"hora_inicio_visualizacion":null,"minutos_inicio_visualizacion":null,"fecha_final_destacado":null,"hora_final_visualizacion":null,"minutos_final_visualizacion":null,"posicion_visualizacion":null,"estado_destacado":null,"niveles_destacados":null,"url_del_enlace":null,"banner_destacado":null,"posicion_visualizacion_de_la_noticia":"01","estado_noticia":["Visible"],"fecha_de_inicio_de_visualizacion_del_tutorial":null,"hora_inicio_visualizacion_tutorial":null,"minutos_inicio_visualizacion_tutorial":null,"fecha_de_final_de_visualizacion_del_tutorial":null,"hora_final_visualizacion_tutorial":null,"minutos_final_visualizacion_tutorial":null,"numero_de_veces_visto":null,"numero_de_veces_total":null,"niveles_tutorial":null,"tutorial_recursos_castellano":null,"tutorial_recursos_catalan":null,"dias_disponibles":null,"dias_de_la_semana":null,"dias_del_mes":null,"other_lang_post_id":null,"lang":"es","campanya_descripcion":null,"campanya_fecha_inicio":null,"campanya_fecha_fin":null,"campanya_legales":null,"campanya_imagen":null,"campanya_characteristics":null,"campanya_url":null,"campanya_posicion_visualizacion":null,"campanya_estado":null,"_links":{"self":[{"href":"https:\/\/www.ametllerorigenwp.com\/es\/wp-json\/wp\/v2\/posts\/12543","targetHints":{"allow":["GET"]}}],"collection":[{"href":"https:\/\/www.ametllerorigenwp.com\/es\/wp-json\/wp\/v2\/posts"}],"about":[{"href":"https:\/\/www.ametllerorigenwp.com\/es\/wp-json\/wp\/v2\/types\/post"}],"author":[{"embeddable":true,"href":"https:\/\/www.ametllerorigenwp.com\/es\/wp-json\/wp\/v2\/users\/5"}],"replies":[{"embeddable":true,"href":"https:\/\/www.ametllerorigenwp.com\/es\/wp-json\/wp\/v2\/comments?post=12543"}],"version-history":[{"count":1,"href":"https:\/\/www.ametllerorigenwp.com\/es\/wp-json\/wp\/v2\/posts\/12543\/revisions"}],"predecessor-version":[{"id":12546,"href":"https:\/\/www.ametllerorigenwp.com\/es\/wp-json\/wp\/v2\/posts\/12543\/revisions\/12546"}],"wp:featuredmedia":[{"embeddable":true,"href":"https:\/\/www.ametllerorigenwp.com\/es\/wp-json\/wp\/v2\/media\/12544"}],"wp:attachment":[{"href":"https:\/\/www.ametllerorigenwp.com\/es\/wp-json\/wp\/v2\/media?parent=12543"}],"wp:term":[{"taxonomy":"category","embeddable":true,"href":"https:\/\/www.ametllerorigenwp.com\/es\/wp-json\/wp\/v2\/categories?post=12543"},{"taxonomy":"post_tag","embeddable":true,"href":"https:\/\/www.ametllerorigenwp.com\/es\/wp-json\/wp\/v2\/tags?post=12543"}],"curies":[{"name":"wp","href":"https:\/\/api.w.org\/{rel}","templated":true}]}}