{"id":1259,"date":"2021-03-18T08:41:00","date_gmt":"2021-03-18T08:41:00","guid":{"rendered":"https:\/\/www.ametllerorigenwp.com\/?p=1259"},"modified":"2021-03-17T08:43:58","modified_gmt":"2021-03-17T08:43:58","slug":"las-fresas-fuente-de-vitamina-c","status":"publish","type":"post","link":"https:\/\/www.ametllerorigenwp.com\/es\/las-fresas-fuente-de-vitamina-c\/","title":{"rendered":"Las fresas, fuente de vitamina C"},"content":{"rendered":"\n<p>Las fresas son una de las frutas de temporada por excelencia ahora que se acerca la primavera. Por <strong>su sabor, su aroma y, sobre todo, por sus propiedades<\/strong>.<\/p>\n\n\n\n<p>\u00bfSabes cu\u00e1les son las propiedades y nutrientes de esta fruta que se empez\u00f3 a cultivar por primera vez en Francia? Las fresas son <strong>una gran fuente de vitamina C<\/strong>, con un porcentaje superior al que nos aporta una naranja por 100g. Una raci\u00f3n media de fresas (150 g), contiene aproximadamente 86 mg de vitamina C, mientras que una naranja mediana (225 g) contiene 82 mg. De todos modos, en ambos casos <strong>se supera la ingesta recomendada de vitamina C que se debe consumir a diario (60 mg)<\/strong>. Por otro lado, esta deliciosa fruta roja <strong>contiene varios \u00e1cidos<\/strong> org\u00e1nicos, como el \u00e1cido c\u00edtrico, el \u00e1cido m\u00e1lico o el \u00e1cido ox\u00e1lico con propiedades antioxidantes.<\/p>\n\n\n\n<p>\u00a1Aprovecha ahora que es tiempo de fresas e incorp\u00f3ralas en tu dieta! Ya sea con macedonia, con un poco de zumo de naranja, a trocitos dentro de un yogur o solas. Si te sobran, las puedes congelar y utilizarlas m\u00e1s adelante para preparar un batido con yogur o leche y otras frutas que tengas congeladas.<\/p>\n\n\n\n<p>Recuerda que para <strong>llevar una dieta equilibrada, la Organizaci\u00f3n Mundial de la Salud (OMS) recomienda consumir un m\u00ednimo de tres piezas de fruta al d\u00eda<\/strong>.<\/p>\n","protected":false},"excerpt":{"rendered":"<p>Las fresas son una de las frutas de temporada por excelencia ahora que se acerca la primavera. Por su sabor, su aroma y, sobre todo, por sus propiedades. \u00bfSabes cu\u00e1les son las propiedades y nutrientes de esta fruta que se empez\u00f3 a cultivar por primera vez en Francia? Las fresas son una gran fuente de &hellip; <a href=\"https:\/\/www.ametllerorigenwp.com\/es\/las-fresas-fuente-de-vitamina-c\/\" class=\"more-link\">Continuar leyendo<span class=\"screen-reader-text\"> \u00abLas fresas, fuente de vitamina C\u00bb<\/span><\/a><\/p>\n","protected":false},"author":5,"featured_media":1256,"comment_status":"open","ping_status":"open","sticky":false,"template":"","format":"standard","meta":{"_uag_custom_page_level_css":"","advgb_blocks_editor_width":"","advgb_blocks_columns_visual_guide":"","footnotes":""},"categories":[1],"tags":[],"class_list":["post-1259","post","type-post","status-publish","format-standard","has-post-thumbnail","hentry","category-noticias"],"author_meta":{"display_name":"Mireia Zaragoza","author_link":"https:\/\/www.ametllerorigenwp.com\/es\/author\/mzaragoza\/"},"featured_img":"https:\/\/www.ametllerorigenwp.com\/wp-content\/uploads\/2021\/03\/foto-maduixes-2-300x102.jpg","uagb_featured_image_src":{"full":["https:\/\/www.ametllerorigenwp.com\/wp-content\/uploads\/2021\/03\/foto-maduixes-2.jpg",1000,340,false],"thumbnail":["https:\/\/www.ametllerorigenwp.com\/wp-content\/uploads\/2021\/03\/foto-maduixes-2-150x150.jpg",150,150,true],"medium":["https:\/\/www.ametllerorigenwp.com\/wp-content\/uploads\/2021\/03\/foto-maduixes-2-300x102.jpg",300,102,true],"medium_large":["https:\/\/www.ametllerorigenwp.com\/wp-content\/uploads\/2021\/03\/foto-maduixes-2-768x261.jpg",768,261,true],"large":["https:\/\/www.ametllerorigenwp.com\/wp-content\/uploads\/2021\/03\/foto-maduixes-2.jpg",840,286,false],"1536x1536":["https:\/\/www.ametllerorigenwp.com\/wp-content\/uploads\/2021\/03\/foto-maduixes-2.jpg",1000,340,false],"2048x2048":["https:\/\/www.ametllerorigenwp.com\/wp-content\/uploads\/2021\/03\/foto-maduixes-2.jpg",1000,340,false],"post-thumbnail":["https:\/\/www.ametllerorigenwp.com\/wp-content\/uploads\/2021\/03\/foto-maduixes-2.jpg",1000,340,false]},"uagb_author_info":{"display_name":"Mireia Zaragoza","author_link":"https:\/\/www.ametllerorigenwp.com\/es\/author\/mzaragoza\/"},"uagb_comment_info":0,"uagb_excerpt":"Las fresas son una de las frutas de temporada por excelencia ahora que se acerca la primavera. Por su sabor, su aroma y, sobre todo, por sus propiedades. \u00bfSabes cu\u00e1les son las propiedades y nutrientes de esta fruta que se empez\u00f3 a cultivar por primera vez en Francia? Las fresas son una gran fuente de&hellip;","coauthors":[],"tax_additional":{"categories":{"linked":["<a href=\"https:\/\/www.ametllerorigenwp.com\/es\/category\/noticias\/\" class=\"advgb-post-tax-term\">Noticias<\/a>"],"unlinked":["<span class=\"advgb-post-tax-term\">Noticias<\/span>"]}},"comment_count":"0","relative_dates":{"created":"Publicado 5 a\u00f1os hace","modified":"Actualizado 5 a\u00f1os hace"},"absolute_dates":{"created":"Publicado el 18 de marzo de 2021","modified":"Actualizado el 17 de marzo de 2021"},"absolute_dates_time":{"created":"Publicado el 18 de marzo de 2021 08:41","modified":"Actualizado el 17 de marzo de 2021 08:43"},"featured_img_caption":"","series_order":"","show_in_app":true,"fecha_inicio_destacado":null,"hora_inicio_visualizacion":null,"minutos_inicio_visualizacion":null,"fecha_final_destacado":null,"hora_final_visualizacion":null,"minutos_final_visualizacion":null,"posicion_visualizacion":null,"estado_destacado":null,"niveles_destacados":null,"url_del_enlace":null,"banner_destacado":null,"posicion_visualizacion_de_la_noticia":null,"estado_noticia":null,"fecha_de_inicio_de_visualizacion_del_tutorial":null,"hora_inicio_visualizacion_tutorial":null,"minutos_inicio_visualizacion_tutorial":null,"fecha_de_final_de_visualizacion_del_tutorial":null,"hora_final_visualizacion_tutorial":null,"minutos_final_visualizacion_tutorial":null,"numero_de_veces_visto":null,"numero_de_veces_total":null,"niveles_tutorial":null,"tutorial_recursos_castellano":null,"tutorial_recursos_catalan":null,"dias_disponibles":null,"dias_de_la_semana":null,"dias_del_mes":null,"other_lang_post_id":null,"lang":"es","campanya_descripcion":null,"campanya_fecha_inicio":null,"campanya_fecha_fin":null,"campanya_legales":null,"campanya_imagen":null,"campanya_characteristics":null,"campanya_url":null,"campanya_posicion_visualizacion":null,"campanya_estado":null,"_links":{"self":[{"href":"https:\/\/www.ametllerorigenwp.com\/es\/wp-json\/wp\/v2\/posts\/1259","targetHints":{"allow":["GET"]}}],"collection":[{"href":"https:\/\/www.ametllerorigenwp.com\/es\/wp-json\/wp\/v2\/posts"}],"about":[{"href":"https:\/\/www.ametllerorigenwp.com\/es\/wp-json\/wp\/v2\/types\/post"}],"author":[{"embeddable":true,"href":"https:\/\/www.ametllerorigenwp.com\/es\/wp-json\/wp\/v2\/users\/5"}],"replies":[{"embeddable":true,"href":"https:\/\/www.ametllerorigenwp.com\/es\/wp-json\/wp\/v2\/comments?post=1259"}],"version-history":[{"count":1,"href":"https:\/\/www.ametllerorigenwp.com\/es\/wp-json\/wp\/v2\/posts\/1259\/revisions"}],"predecessor-version":[{"id":1260,"href":"https:\/\/www.ametllerorigenwp.com\/es\/wp-json\/wp\/v2\/posts\/1259\/revisions\/1260"}],"wp:featuredmedia":[{"embeddable":true,"href":"https:\/\/www.ametllerorigenwp.com\/es\/wp-json\/wp\/v2\/media\/1256"}],"wp:attachment":[{"href":"https:\/\/www.ametllerorigenwp.com\/es\/wp-json\/wp\/v2\/media?parent=1259"}],"wp:term":[{"taxonomy":"category","embeddable":true,"href":"https:\/\/www.ametllerorigenwp.com\/es\/wp-json\/wp\/v2\/categories?post=1259"},{"taxonomy":"post_tag","embeddable":true,"href":"https:\/\/www.ametllerorigenwp.com\/es\/wp-json\/wp\/v2\/tags?post=1259"}],"curies":[{"name":"wp","href":"https:\/\/api.w.org\/{rel}","templated":true}]}}