{"id":12919,"date":"2024-10-30T01:00:43","date_gmt":"2024-10-30T01:00:43","guid":{"rendered":"https:\/\/www.ametllerorigenwp.com\/?p=12919"},"modified":"2024-10-29T14:06:57","modified_gmt":"2024-10-29T14:06:57","slug":"sabes-la-diferencia-entre-alergia-e-intolerancia","status":"publish","type":"post","link":"https:\/\/www.ametllerorigenwp.com\/es\/sabes-la-diferencia-entre-alergia-e-intolerancia\/","title":{"rendered":"\u00bfSabes la diferencia entre alergia e intolerancia?"},"content":{"rendered":"<p><span style=\"font-weight: 400;\">En las \u00faltimas d\u00e9cadas, tanto las alergias como las intolerancias alimentarias han aumentado notablemente a nivel global, especialmente en sociedades occidentales como la nuestra, y m\u00e1s concretamente en zonas urbanas. <\/span><b>A continuaci\u00f3n, te explicamos la principal diferencia entre intolerancias y alergias:\u00a0<\/b><\/p>\n<ul>\n<li style=\"font-weight: 400;\" aria-level=\"1\"><b>Alergias alimentarias:<\/b><span style=\"font-weight: 400;\"> Se dan por reacciones inmunol\u00f3gicas exageradas del organismo cuando comemos un alimento que tiene alg\u00fan tipo de componente (alerg\u00e9nico) y, como resultado, dan una reacci\u00f3n adversa no deseable.\u00a0<\/span><\/li>\n<li style=\"font-weight: 400;\" aria-level=\"1\"><b>Intolerancias alimentarias:<\/b><span style=\"font-weight: 400;\"> son aquellas reacciones adversas que se producen por mala digesti\u00f3n o absorci\u00f3n a nivel intestinal de un alimento o alguno de sus componentes.\u00a0<\/span><\/li>\n<\/ul>\n<p><span style=\"font-weight: 400;\">\u00a1Si quieres saber m\u00e1s, no te pierdas el art\u00edculo del <\/span><a href=\"https:\/\/www.ametllerorigen.com\/es\/blog\/alergias-e-intolerancias-alimentarias-todo-el-que-tienes-que-saber\"><span style=\"font-weight: 400;\">blog<\/span><\/a><span style=\"font-weight: 400;\">!\u00a0<\/span><\/p>\n","protected":false},"excerpt":{"rendered":"<p>En las \u00faltimas d\u00e9cadas, tanto las alergias como las intolerancias alimentarias han aumentado notablemente a nivel global, especialmente en sociedades occidentales como la nuestra, y m\u00e1s concretamente en zonas urbanas. A continuaci\u00f3n, te explicamos la principal diferencia entre intolerancias y alergias:\u00a0 Alergias alimentarias: Se dan por reacciones inmunol\u00f3gicas exageradas del organismo cuando comemos un alimento &hellip; <a href=\"https:\/\/www.ametllerorigenwp.com\/es\/sabes-la-diferencia-entre-alergia-e-intolerancia\/\" class=\"more-link\">Continuar leyendo<span class=\"screen-reader-text\"> \u00ab\u00bfSabes la diferencia entre alergia e intolerancia?\u00bb<\/span><\/a><\/p>\n","protected":false},"author":5,"featured_media":5503,"comment_status":"closed","ping_status":"closed","sticky":false,"template":"","format":"standard","meta":{"_uag_custom_page_level_css":"","advgb_blocks_editor_width":"","advgb_blocks_columns_visual_guide":"","footnotes":""},"categories":[1],"tags":[],"class_list":["post-12919","post","type-post","status-publish","format-standard","has-post-thumbnail","hentry","category-noticias"],"author_meta":{"display_name":"Mireia Zaragoza","author_link":"https:\/\/www.ametllerorigenwp.com\/es\/author\/mzaragoza\/"},"featured_img":"https:\/\/www.ametllerorigenwp.com\/wp-content\/uploads\/2022\/05\/Varietat-300x102.jpg","uagb_featured_image_src":{"full":["https:\/\/www.ametllerorigenwp.com\/wp-content\/uploads\/2022\/05\/Varietat.jpg",1000,340,false],"thumbnail":["https:\/\/www.ametllerorigenwp.com\/wp-content\/uploads\/2022\/05\/Varietat-150x150.jpg",150,150,true],"medium":["https:\/\/www.ametllerorigenwp.com\/wp-content\/uploads\/2022\/05\/Varietat-300x102.jpg",300,102,true],"medium_large":["https:\/\/www.ametllerorigenwp.com\/wp-content\/uploads\/2022\/05\/Varietat-768x261.jpg",768,261,true],"large":["https:\/\/www.ametllerorigenwp.com\/wp-content\/uploads\/2022\/05\/Varietat.jpg",840,286,false],"1536x1536":["https:\/\/www.ametllerorigenwp.com\/wp-content\/uploads\/2022\/05\/Varietat.jpg",1000,340,false],"2048x2048":["https:\/\/www.ametllerorigenwp.com\/wp-content\/uploads\/2022\/05\/Varietat.jpg",1000,340,false],"post-thumbnail":["https:\/\/www.ametllerorigenwp.com\/wp-content\/uploads\/2022\/05\/Varietat.jpg",1000,340,false]},"uagb_author_info":{"display_name":"Mireia Zaragoza","author_link":"https:\/\/www.ametllerorigenwp.com\/es\/author\/mzaragoza\/"},"uagb_comment_info":0,"uagb_excerpt":"En las \u00faltimas d\u00e9cadas, tanto las alergias como las intolerancias alimentarias han aumentado notablemente a nivel global, especialmente en sociedades occidentales como la nuestra, y m\u00e1s concretamente en zonas urbanas. A continuaci\u00f3n, te explicamos la principal diferencia entre intolerancias y alergias:\u00a0 Alergias alimentarias: Se dan por reacciones inmunol\u00f3gicas exageradas del organismo cuando comemos un alimento&hellip;","coauthors":[],"tax_additional":{"categories":{"linked":["<a href=\"https:\/\/www.ametllerorigenwp.com\/es\/category\/noticias\/\" class=\"advgb-post-tax-term\">Noticias<\/a>"],"unlinked":["<span class=\"advgb-post-tax-term\">Noticias<\/span>"]}},"comment_count":"0","relative_dates":{"created":"Publicado 1 a\u00f1o hace","modified":"Actualizado 1 a\u00f1o hace"},"absolute_dates":{"created":"Publicado el 30 de octubre de 2024","modified":"Actualizado el 29 de octubre de 2024"},"absolute_dates_time":{"created":"Publicado el 30 de octubre de 2024 01:00","modified":"Actualizado el 29 de octubre de 2024 14:06"},"featured_img_caption":"","series_order":"","show_in_app":true,"fecha_inicio_destacado":null,"hora_inicio_visualizacion":null,"minutos_inicio_visualizacion":null,"fecha_final_destacado":null,"hora_final_visualizacion":null,"minutos_final_visualizacion":null,"posicion_visualizacion":null,"estado_destacado":null,"niveles_destacados":null,"url_del_enlace":null,"banner_destacado":null,"posicion_visualizacion_de_la_noticia":null,"estado_noticia":null,"fecha_de_inicio_de_visualizacion_del_tutorial":null,"hora_inicio_visualizacion_tutorial":null,"minutos_inicio_visualizacion_tutorial":null,"fecha_de_final_de_visualizacion_del_tutorial":null,"hora_final_visualizacion_tutorial":null,"minutos_final_visualizacion_tutorial":null,"numero_de_veces_visto":null,"numero_de_veces_total":null,"niveles_tutorial":null,"tutorial_recursos_castellano":null,"tutorial_recursos_catalan":null,"dias_disponibles":null,"dias_de_la_semana":null,"dias_del_mes":null,"other_lang_post_id":null,"lang":"es","campanya_descripcion":null,"campanya_fecha_inicio":null,"campanya_fecha_fin":null,"campanya_legales":null,"campanya_imagen":null,"campanya_characteristics":null,"campanya_url":null,"campanya_posicion_visualizacion":null,"campanya_estado":null,"_links":{"self":[{"href":"https:\/\/www.ametllerorigenwp.com\/es\/wp-json\/wp\/v2\/posts\/12919","targetHints":{"allow":["GET"]}}],"collection":[{"href":"https:\/\/www.ametllerorigenwp.com\/es\/wp-json\/wp\/v2\/posts"}],"about":[{"href":"https:\/\/www.ametllerorigenwp.com\/es\/wp-json\/wp\/v2\/types\/post"}],"author":[{"embeddable":true,"href":"https:\/\/www.ametllerorigenwp.com\/es\/wp-json\/wp\/v2\/users\/5"}],"replies":[{"embeddable":true,"href":"https:\/\/www.ametllerorigenwp.com\/es\/wp-json\/wp\/v2\/comments?post=12919"}],"version-history":[{"count":1,"href":"https:\/\/www.ametllerorigenwp.com\/es\/wp-json\/wp\/v2\/posts\/12919\/revisions"}],"predecessor-version":[{"id":12920,"href":"https:\/\/www.ametllerorigenwp.com\/es\/wp-json\/wp\/v2\/posts\/12919\/revisions\/12920"}],"wp:featuredmedia":[{"embeddable":true,"href":"https:\/\/www.ametllerorigenwp.com\/es\/wp-json\/wp\/v2\/media\/5503"}],"wp:attachment":[{"href":"https:\/\/www.ametllerorigenwp.com\/es\/wp-json\/wp\/v2\/media?parent=12919"}],"wp:term":[{"taxonomy":"category","embeddable":true,"href":"https:\/\/www.ametllerorigenwp.com\/es\/wp-json\/wp\/v2\/categories?post=12919"},{"taxonomy":"post_tag","embeddable":true,"href":"https:\/\/www.ametllerorigenwp.com\/es\/wp-json\/wp\/v2\/tags?post=12919"}],"curies":[{"name":"wp","href":"https:\/\/api.w.org\/{rel}","templated":true}]}}