{"id":1293,"date":"2021-03-19T13:22:15","date_gmt":"2021-03-19T13:22:15","guid":{"rendered":"https:\/\/www.ametllerorigenwp.com\/?p=1293"},"modified":"2021-03-22T20:48:20","modified_gmt":"2021-03-22T20:48:20","slug":"disfruta-de-las-frutas-y-verduras-tipicas-de-la-primavera","status":"publish","type":"post","link":"https:\/\/www.ametllerorigenwp.com\/es\/disfruta-de-las-frutas-y-verduras-tipicas-de-la-primavera\/","title":{"rendered":"\u00a1Disfruta de las frutas y verduras t\u00edpicas de la primavera!"},"content":{"rendered":"\n<p>Damos la bienvenida a la primavera y esto es sin\u00f3nimo de buen tiempo, m\u00e1s horas de luz y la llegada de una gran variedad de frutas y verduras deliciosas y saludables que inundan las cocinas. \u00bfQuieres saber cu\u00e1les son?<br><br>Frutas de primavera:<\/p>\n\n\n\n<p>&#8211; <strong>Fresas y fresones:<\/strong> protagonistas por su sabor, su aroma y, sobre todo, sus propiedades. Son una gran fuente de vitamina C.<br>&#8211; <strong>N\u00edsperos: <\/strong>es la primera fruta de hueso de la primavera y la podemos encontrar hasta el mes de junio. Se trata de una de las frutas con m\u00e1s contenido de fibra y rica en carotenos.<br><strong>&#8211; Albaricoques: <\/strong>\u00bfsab\u00edas que la tonalidad rosa de esta fruta indica un exceso de dulzura? Son ricos en potasio,  vitamina C y carotenos.<br>&#8211; <strong>Cerezas:<\/strong> se trata de la \u00fanica fruta de hueso que si se recolecta antes de tiempo no madura fuera del \u00e1rbol. Nos aportan fibra, vitaminas y potasio.<br>&#8211; <strong>Nectarinas<\/strong>: pueden ser de carne blanca o amarilla y llegan a mediados de mayo. Aportan especialmente potasio y vitamina C.<br>&#8211; <strong>Melocotones<\/strong>: existen m\u00e1s de 2.000 variedades de melocotones y llegan hacia mediados de mayo. Son ricos en potasio, vitamina C y peque\u00f1as cantidades de fibra.<br>&#8211; <strong>Paraguayo:<\/strong> se trata de una variedad del melocot\u00f3n y se diferencia por tener una forma m\u00e1s aplastada. Tiene las mismas propiedades nutritivas que el melocot\u00f3n.<br><br>Recuerda consumir un m\u00ednimo de <strong>tres piezas de fruta al d\u00eda<\/strong>. <\/p>\n\n\n\n<p>Verduras de primavera:<\/p>\n\n\n\n<p>&#8211; <strong>Alcachofas:<\/strong> es la flor tierna de la alcachofa y es muy rica en fibras, minerales como el potasio y el f\u00f3sforo y sus hojas se pueden aprovechar para preparar un consom\u00e9 vegetal.<br>&#8211; <strong>Esp\u00e1rragos verdes:<\/strong> la mejor \u00e9poca para consumirlos son los meses de abril y mayo y son una fuente de vitamina C y E.<br><br>\u00a1An\u00edmate a incorporar todas estas frutas y verduras en tu dieta!<\/p>\n\n\n\n<p>Recuerda que la OMS <strong>recomienda el consumo de un m\u00ednimo de 400 g de fruta y verdura cada d\u00eda<\/strong> a trav\u00e9s de un m\u00ednimo de tres piezas de fruta al d\u00eda y una raci\u00f3n de verduras en la comida y otra en la cena. <\/p>\n","protected":false},"excerpt":{"rendered":"<p>Damos la bienvenida a la primavera y esto es sin\u00f3nimo de buen tiempo, m\u00e1s horas de luz y la llegada de una gran variedad de frutas y verduras deliciosas y saludables que inundan las cocinas. \u00bfQuieres saber cu\u00e1les son? Frutas de primavera: &#8211; Fresas y fresones: protagonistas por su sabor, su aroma y, sobre todo, &hellip; <a href=\"https:\/\/www.ametllerorigenwp.com\/es\/disfruta-de-las-frutas-y-verduras-tipicas-de-la-primavera\/\" class=\"more-link\">Continuar leyendo<span class=\"screen-reader-text\"> \u00ab\u00a1Disfruta de las frutas y verduras t\u00edpicas de la primavera!\u00bb<\/span><\/a><\/p>\n","protected":false},"author":5,"featured_media":1290,"comment_status":"open","ping_status":"open","sticky":false,"template":"","format":"standard","meta":{"_uag_custom_page_level_css":"","advgb_blocks_editor_width":"","advgb_blocks_columns_visual_guide":"","footnotes":""},"categories":[1],"tags":[],"class_list":["post-1293","post","type-post","status-publish","format-standard","has-post-thumbnail","hentry","category-noticias"],"author_meta":{"display_name":"Mireia Zaragoza","author_link":"https:\/\/www.ametllerorigenwp.com\/es\/author\/mzaragoza\/"},"featured_img":"https:\/\/www.ametllerorigenwp.com\/wp-content\/uploads\/2021\/03\/primavera-300x102.jpg","uagb_featured_image_src":{"full":["https:\/\/www.ametllerorigenwp.com\/wp-content\/uploads\/2021\/03\/primavera.jpg",1000,340,false],"thumbnail":["https:\/\/www.ametllerorigenwp.com\/wp-content\/uploads\/2021\/03\/primavera-150x150.jpg",150,150,true],"medium":["https:\/\/www.ametllerorigenwp.com\/wp-content\/uploads\/2021\/03\/primavera-300x102.jpg",300,102,true],"medium_large":["https:\/\/www.ametllerorigenwp.com\/wp-content\/uploads\/2021\/03\/primavera-768x261.jpg",768,261,true],"large":["https:\/\/www.ametllerorigenwp.com\/wp-content\/uploads\/2021\/03\/primavera.jpg",840,286,false],"1536x1536":["https:\/\/www.ametllerorigenwp.com\/wp-content\/uploads\/2021\/03\/primavera.jpg",1000,340,false],"2048x2048":["https:\/\/www.ametllerorigenwp.com\/wp-content\/uploads\/2021\/03\/primavera.jpg",1000,340,false],"post-thumbnail":["https:\/\/www.ametllerorigenwp.com\/wp-content\/uploads\/2021\/03\/primavera.jpg",1000,340,false]},"uagb_author_info":{"display_name":"Mireia Zaragoza","author_link":"https:\/\/www.ametllerorigenwp.com\/es\/author\/mzaragoza\/"},"uagb_comment_info":0,"uagb_excerpt":"Damos la bienvenida a la primavera y esto es sin\u00f3nimo de buen tiempo, m\u00e1s horas de luz y la llegada de una gran variedad de frutas y verduras deliciosas y saludables que inundan las cocinas. \u00bfQuieres saber cu\u00e1les son? Frutas de primavera: &#8211; Fresas y fresones: protagonistas por su sabor, su aroma y, sobre todo,&hellip;","coauthors":[],"tax_additional":{"categories":{"linked":["<a href=\"https:\/\/www.ametllerorigenwp.com\/es\/category\/noticias\/\" class=\"advgb-post-tax-term\">Noticias<\/a>"],"unlinked":["<span class=\"advgb-post-tax-term\">Noticias<\/span>"]}},"comment_count":"0","relative_dates":{"created":"Publicado 5 a\u00f1os hace","modified":"Actualizado 5 a\u00f1os hace"},"absolute_dates":{"created":"Publicado el 19 de marzo de 2021","modified":"Actualizado el 22 de marzo de 2021"},"absolute_dates_time":{"created":"Publicado el 19 de marzo de 2021 13:22","modified":"Actualizado el 22 de marzo de 2021 20:48"},"featured_img_caption":"","series_order":"","show_in_app":true,"fecha_inicio_destacado":null,"hora_inicio_visualizacion":null,"minutos_inicio_visualizacion":null,"fecha_final_destacado":null,"hora_final_visualizacion":null,"minutos_final_visualizacion":null,"posicion_visualizacion":null,"estado_destacado":null,"niveles_destacados":null,"url_del_enlace":null,"banner_destacado":null,"posicion_visualizacion_de_la_noticia":null,"estado_noticia":null,"fecha_de_inicio_de_visualizacion_del_tutorial":null,"hora_inicio_visualizacion_tutorial":null,"minutos_inicio_visualizacion_tutorial":null,"fecha_de_final_de_visualizacion_del_tutorial":null,"hora_final_visualizacion_tutorial":null,"minutos_final_visualizacion_tutorial":null,"numero_de_veces_visto":null,"numero_de_veces_total":null,"niveles_tutorial":null,"tutorial_recursos_castellano":null,"tutorial_recursos_catalan":null,"dias_disponibles":null,"dias_de_la_semana":null,"dias_del_mes":null,"other_lang_post_id":null,"lang":"es","campanya_descripcion":null,"campanya_fecha_inicio":null,"campanya_fecha_fin":null,"campanya_legales":null,"campanya_imagen":null,"campanya_characteristics":null,"campanya_url":null,"campanya_posicion_visualizacion":null,"campanya_estado":null,"_links":{"self":[{"href":"https:\/\/www.ametllerorigenwp.com\/es\/wp-json\/wp\/v2\/posts\/1293","targetHints":{"allow":["GET"]}}],"collection":[{"href":"https:\/\/www.ametllerorigenwp.com\/es\/wp-json\/wp\/v2\/posts"}],"about":[{"href":"https:\/\/www.ametllerorigenwp.com\/es\/wp-json\/wp\/v2\/types\/post"}],"author":[{"embeddable":true,"href":"https:\/\/www.ametllerorigenwp.com\/es\/wp-json\/wp\/v2\/users\/5"}],"replies":[{"embeddable":true,"href":"https:\/\/www.ametllerorigenwp.com\/es\/wp-json\/wp\/v2\/comments?post=1293"}],"version-history":[{"count":3,"href":"https:\/\/www.ametllerorigenwp.com\/es\/wp-json\/wp\/v2\/posts\/1293\/revisions"}],"predecessor-version":[{"id":1345,"href":"https:\/\/www.ametllerorigenwp.com\/es\/wp-json\/wp\/v2\/posts\/1293\/revisions\/1345"}],"wp:featuredmedia":[{"embeddable":true,"href":"https:\/\/www.ametllerorigenwp.com\/es\/wp-json\/wp\/v2\/media\/1290"}],"wp:attachment":[{"href":"https:\/\/www.ametllerorigenwp.com\/es\/wp-json\/wp\/v2\/media?parent=1293"}],"wp:term":[{"taxonomy":"category","embeddable":true,"href":"https:\/\/www.ametllerorigenwp.com\/es\/wp-json\/wp\/v2\/categories?post=1293"},{"taxonomy":"post_tag","embeddable":true,"href":"https:\/\/www.ametllerorigenwp.com\/es\/wp-json\/wp\/v2\/tags?post=1293"}],"curies":[{"name":"wp","href":"https:\/\/api.w.org\/{rel}","templated":true}]}}