{"id":12975,"date":"2024-11-08T01:00:42","date_gmt":"2024-11-08T01:00:42","guid":{"rendered":"https:\/\/www.ametllerorigenwp.com\/?p=12975"},"modified":"2024-11-07T10:11:22","modified_gmt":"2024-11-07T10:11:22","slug":"ya-esta-disponible-el-calendario-de-noviembre","status":"publish","type":"post","link":"https:\/\/www.ametllerorigenwp.com\/es\/ya-esta-disponible-el-calendario-de-noviembre\/","title":{"rendered":"\u00a1Ya est\u00e1 disponible el calendario de noviembre!"},"content":{"rendered":"<p><span style=\"font-weight: 400;\">\u00a1Mes nuevo es sin\u00f3nimo de calendario mensual! Ya no tienes excusa para olvidar los compromisos m\u00e1s importantes con <\/span><b>nuestro calendario mensual y organizador semanal, dise\u00f1ado por el ilustrador Javier Royo. Te lo ponemos f\u00e1cil para anotar todo aquello que necesites y recordar los d\u00edas mundiales y festividades destacadas.<\/b><span style=\"font-weight: 400;\"> Asimismo, encontrar\u00e1s <\/span><b>informaci\u00f3n relacionada con nuestra manera de hacer y cu\u00e1les son las principales frutas y hortalizas de temporada.\u00a0<\/b><\/p>\n<p><b>Este mes de noviembre destacamos que elaboramos nuestros frutos secos de manera artesanal, tost\u00e1ndolos con le\u00f1a de encina y roble, proveniente de bosques sostenibles.\u00a0<\/b><\/p>\n<p><span style=\"font-weight: 400;\">\u00a1Desc\u00e1rgatelo<\/span><a href=\"https:\/\/corp.ametllerorigen.com\/es\/calendario-2024\/\"> <b>aqu\u00ed<\/b><\/a><span style=\"font-weight: 400;\">!<\/span><\/p>\n","protected":false},"excerpt":{"rendered":"<p>\u00a1Mes nuevo es sin\u00f3nimo de calendario mensual! Ya no tienes excusa para olvidar los compromisos m\u00e1s importantes con nuestro calendario mensual y organizador semanal, dise\u00f1ado por el ilustrador Javier Royo. Te lo ponemos f\u00e1cil para anotar todo aquello que necesites y recordar los d\u00edas mundiales y festividades destacadas. Asimismo, encontrar\u00e1s informaci\u00f3n relacionada con nuestra manera &hellip; <a href=\"https:\/\/www.ametllerorigenwp.com\/es\/ya-esta-disponible-el-calendario-de-noviembre\/\" class=\"more-link\">Continuar leyendo<span class=\"screen-reader-text\"> \u00ab\u00a1Ya est\u00e1 disponible el calendario de noviembre!\u00bb<\/span><\/a><\/p>\n","protected":false},"author":5,"featured_media":12973,"comment_status":"closed","ping_status":"closed","sticky":false,"template":"","format":"standard","meta":{"_uag_custom_page_level_css":"","advgb_blocks_editor_width":"","advgb_blocks_columns_visual_guide":"","footnotes":""},"categories":[1],"tags":[],"class_list":["post-12975","post","type-post","status-publish","format-standard","has-post-thumbnail","hentry","category-noticias"],"author_meta":{"display_name":"Mireia Zaragoza","author_link":"https:\/\/www.ametllerorigenwp.com\/es\/author\/mzaragoza\/"},"featured_img":"https:\/\/www.ametllerorigenwp.com\/wp-content\/uploads\/2024\/11\/IM_APP_CALENDARI_NOVEMBRE_DESCARREGABLE-300x102.jpg","uagb_featured_image_src":{"full":["https:\/\/www.ametllerorigenwp.com\/wp-content\/uploads\/2024\/11\/IM_APP_CALENDARI_NOVEMBRE_DESCARREGABLE.jpg",1000,340,false],"thumbnail":["https:\/\/www.ametllerorigenwp.com\/wp-content\/uploads\/2024\/11\/IM_APP_CALENDARI_NOVEMBRE_DESCARREGABLE-150x150.jpg",150,150,true],"medium":["https:\/\/www.ametllerorigenwp.com\/wp-content\/uploads\/2024\/11\/IM_APP_CALENDARI_NOVEMBRE_DESCARREGABLE-300x102.jpg",300,102,true],"medium_large":["https:\/\/www.ametllerorigenwp.com\/wp-content\/uploads\/2024\/11\/IM_APP_CALENDARI_NOVEMBRE_DESCARREGABLE-768x261.jpg",768,261,true],"large":["https:\/\/www.ametllerorigenwp.com\/wp-content\/uploads\/2024\/11\/IM_APP_CALENDARI_NOVEMBRE_DESCARREGABLE.jpg",840,286,false],"1536x1536":["https:\/\/www.ametllerorigenwp.com\/wp-content\/uploads\/2024\/11\/IM_APP_CALENDARI_NOVEMBRE_DESCARREGABLE.jpg",1000,340,false],"2048x2048":["https:\/\/www.ametllerorigenwp.com\/wp-content\/uploads\/2024\/11\/IM_APP_CALENDARI_NOVEMBRE_DESCARREGABLE.jpg",1000,340,false],"post-thumbnail":["https:\/\/www.ametllerorigenwp.com\/wp-content\/uploads\/2024\/11\/IM_APP_CALENDARI_NOVEMBRE_DESCARREGABLE.jpg",1000,340,false]},"uagb_author_info":{"display_name":"Mireia Zaragoza","author_link":"https:\/\/www.ametllerorigenwp.com\/es\/author\/mzaragoza\/"},"uagb_comment_info":0,"uagb_excerpt":"\u00a1Mes nuevo es sin\u00f3nimo de calendario mensual! Ya no tienes excusa para olvidar los compromisos m\u00e1s importantes con nuestro calendario mensual y organizador semanal, dise\u00f1ado por el ilustrador Javier Royo. Te lo ponemos f\u00e1cil para anotar todo aquello que necesites y recordar los d\u00edas mundiales y festividades destacadas. Asimismo, encontrar\u00e1s informaci\u00f3n relacionada con nuestra manera&hellip;","coauthors":[],"tax_additional":{"categories":{"linked":["<a href=\"https:\/\/www.ametllerorigenwp.com\/es\/category\/noticias\/\" class=\"advgb-post-tax-term\">Noticias<\/a>"],"unlinked":["<span class=\"advgb-post-tax-term\">Noticias<\/span>"]}},"comment_count":"0","relative_dates":{"created":"Publicado 1 a\u00f1o hace","modified":"Actualizado 1 a\u00f1o hace"},"absolute_dates":{"created":"Publicado el 8 de noviembre de 2024","modified":"Actualizado el 7 de noviembre de 2024"},"absolute_dates_time":{"created":"Publicado el 8 de noviembre de 2024 01:00","modified":"Actualizado el 7 de noviembre de 2024 10:11"},"featured_img_caption":"","series_order":"","show_in_app":true,"fecha_inicio_destacado":null,"hora_inicio_visualizacion":null,"minutos_inicio_visualizacion":null,"fecha_final_destacado":null,"hora_final_visualizacion":null,"minutos_final_visualizacion":null,"posicion_visualizacion":null,"estado_destacado":null,"niveles_destacados":null,"url_del_enlace":null,"banner_destacado":null,"posicion_visualizacion_de_la_noticia":"01","estado_noticia":["Visible"],"fecha_de_inicio_de_visualizacion_del_tutorial":null,"hora_inicio_visualizacion_tutorial":null,"minutos_inicio_visualizacion_tutorial":null,"fecha_de_final_de_visualizacion_del_tutorial":null,"hora_final_visualizacion_tutorial":null,"minutos_final_visualizacion_tutorial":null,"numero_de_veces_visto":null,"numero_de_veces_total":null,"niveles_tutorial":null,"tutorial_recursos_castellano":null,"tutorial_recursos_catalan":null,"dias_disponibles":null,"dias_de_la_semana":null,"dias_del_mes":null,"other_lang_post_id":12971,"lang":"es","campanya_descripcion":null,"campanya_fecha_inicio":null,"campanya_fecha_fin":null,"campanya_legales":null,"campanya_imagen":null,"campanya_characteristics":null,"campanya_url":null,"campanya_posicion_visualizacion":null,"campanya_estado":null,"_links":{"self":[{"href":"https:\/\/www.ametllerorigenwp.com\/es\/wp-json\/wp\/v2\/posts\/12975","targetHints":{"allow":["GET"]}}],"collection":[{"href":"https:\/\/www.ametllerorigenwp.com\/es\/wp-json\/wp\/v2\/posts"}],"about":[{"href":"https:\/\/www.ametllerorigenwp.com\/es\/wp-json\/wp\/v2\/types\/post"}],"author":[{"embeddable":true,"href":"https:\/\/www.ametllerorigenwp.com\/es\/wp-json\/wp\/v2\/users\/5"}],"replies":[{"embeddable":true,"href":"https:\/\/www.ametllerorigenwp.com\/es\/wp-json\/wp\/v2\/comments?post=12975"}],"version-history":[{"count":1,"href":"https:\/\/www.ametllerorigenwp.com\/es\/wp-json\/wp\/v2\/posts\/12975\/revisions"}],"predecessor-version":[{"id":12976,"href":"https:\/\/www.ametllerorigenwp.com\/es\/wp-json\/wp\/v2\/posts\/12975\/revisions\/12976"}],"wp:featuredmedia":[{"embeddable":true,"href":"https:\/\/www.ametllerorigenwp.com\/es\/wp-json\/wp\/v2\/media\/12973"}],"wp:attachment":[{"href":"https:\/\/www.ametllerorigenwp.com\/es\/wp-json\/wp\/v2\/media?parent=12975"}],"wp:term":[{"taxonomy":"category","embeddable":true,"href":"https:\/\/www.ametllerorigenwp.com\/es\/wp-json\/wp\/v2\/categories?post=12975"},{"taxonomy":"post_tag","embeddable":true,"href":"https:\/\/www.ametllerorigenwp.com\/es\/wp-json\/wp\/v2\/tags?post=12975"}],"curies":[{"name":"wp","href":"https:\/\/api.w.org\/{rel}","templated":true}]}}