{"id":13012,"date":"2024-11-13T01:00:07","date_gmt":"2024-11-13T01:00:07","guid":{"rendered":"https:\/\/www.ametllerorigenwp.com\/?p=13012"},"modified":"2024-11-12T18:45:37","modified_gmt":"2024-11-12T18:45:37","slug":"ultimas-plazas-para-el-iii-sopar-solidari-de-nadal","status":"publish","type":"post","link":"https:\/\/www.ametllerorigenwp.com\/es\/ultimas-plazas-para-el-iii-sopar-solidari-de-nadal\/","title":{"rendered":"\u00a1\u00daltimas plazas para el III Sopar solidari de Nadal!"},"content":{"rendered":"<p>Ya queda menos para la noche m\u00e1s especial del a\u00f1o, la tercera edici\u00f3n del <strong>Sopar solidari de Nadal de Ametller Origen en beneficio del Hospital Sant Joan de D\u00e9u Barcelona en el cual toda la recaudaci\u00f3n se destinar\u00e1 al proyecto de La Casa de Sofia.<\/strong><\/p>\n<p>Este a\u00f1o, la gala estar\u00e1 conducida por el presentador Quim Masferrer y la influencer C\u00e8lia Espanya, con la m\u00fasica de Valeria Tapia y Maria Subir\u00e0. Una noche llena de historias en la que disfrutar\u00e1s de la compa\u00f1\u00eda y de los platos de los mejores chefs del pa\u00eds: Nandu Jubany, Jordi Cruz, Hideki Matsuhisa, Lluc Crusellas y Oriol Balaguer.<\/p>\n<p><strong>\u00a1Compra tu <a href=\"https:\/\/tallers.ametllerorigen.com\/iiisoparsolidaridenadalenbeneficidelhospitalsantjoandedeubarcelona\">entrada<\/a> y aporta tu granito de arena! <\/strong><\/p>\n","protected":false},"excerpt":{"rendered":"<p>Ya queda menos para la noche m\u00e1s especial del a\u00f1o, la tercera edici\u00f3n del Sopar solidari de Nadal de Ametller Origen en beneficio del Hospital Sant Joan de D\u00e9u Barcelona en el cual toda la recaudaci\u00f3n se destinar\u00e1 al proyecto de La Casa de Sofia. Este a\u00f1o, la gala estar\u00e1 conducida por el presentador Quim &hellip; <a href=\"https:\/\/www.ametllerorigenwp.com\/es\/ultimas-plazas-para-el-iii-sopar-solidari-de-nadal\/\" class=\"more-link\">Continuar leyendo<span class=\"screen-reader-text\"> \u00ab\u00a1\u00daltimas plazas para el III Sopar solidari de Nadal!\u00bb<\/span><\/a><\/p>\n","protected":false},"author":5,"featured_media":12847,"comment_status":"closed","ping_status":"closed","sticky":false,"template":"","format":"standard","meta":{"_uag_custom_page_level_css":"","advgb_blocks_editor_width":"","advgb_blocks_columns_visual_guide":"","footnotes":""},"categories":[1],"tags":[],"class_list":["post-13012","post","type-post","status-publish","format-standard","has-post-thumbnail","hentry","category-noticias"],"author_meta":{"display_name":"Mireia Zaragoza","author_link":"https:\/\/www.ametllerorigenwp.com\/es\/author\/mzaragoza\/"},"featured_img":"https:\/\/www.ametllerorigenwp.com\/wp-content\/uploads\/2024\/10\/Proyecto-nuevo-9-300x102.jpeg","uagb_featured_image_src":{"full":["https:\/\/www.ametllerorigenwp.com\/wp-content\/uploads\/2024\/10\/Proyecto-nuevo-9.jpeg",1000,340,false],"thumbnail":["https:\/\/www.ametllerorigenwp.com\/wp-content\/uploads\/2024\/10\/Proyecto-nuevo-9-150x150.jpeg",150,150,true],"medium":["https:\/\/www.ametllerorigenwp.com\/wp-content\/uploads\/2024\/10\/Proyecto-nuevo-9-300x102.jpeg",300,102,true],"medium_large":["https:\/\/www.ametllerorigenwp.com\/wp-content\/uploads\/2024\/10\/Proyecto-nuevo-9-768x261.jpeg",768,261,true],"large":["https:\/\/www.ametllerorigenwp.com\/wp-content\/uploads\/2024\/10\/Proyecto-nuevo-9.jpeg",840,286,false],"1536x1536":["https:\/\/www.ametllerorigenwp.com\/wp-content\/uploads\/2024\/10\/Proyecto-nuevo-9.jpeg",1000,340,false],"2048x2048":["https:\/\/www.ametllerorigenwp.com\/wp-content\/uploads\/2024\/10\/Proyecto-nuevo-9.jpeg",1000,340,false],"post-thumbnail":["https:\/\/www.ametllerorigenwp.com\/wp-content\/uploads\/2024\/10\/Proyecto-nuevo-9.jpeg",1000,340,false]},"uagb_author_info":{"display_name":"Mireia Zaragoza","author_link":"https:\/\/www.ametllerorigenwp.com\/es\/author\/mzaragoza\/"},"uagb_comment_info":0,"uagb_excerpt":"Ya queda menos para la noche m\u00e1s especial del a\u00f1o, la tercera edici\u00f3n del Sopar solidari de Nadal de Ametller Origen en beneficio del Hospital Sant Joan de D\u00e9u Barcelona en el cual toda la recaudaci\u00f3n se destinar\u00e1 al proyecto de La Casa de Sofia. Este a\u00f1o, la gala estar\u00e1 conducida por el presentador Quim&hellip;","coauthors":[],"tax_additional":{"categories":{"linked":["<a href=\"https:\/\/www.ametllerorigenwp.com\/es\/category\/noticias\/\" class=\"advgb-post-tax-term\">Noticias<\/a>"],"unlinked":["<span class=\"advgb-post-tax-term\">Noticias<\/span>"]}},"comment_count":"0","relative_dates":{"created":"Publicado 1 a\u00f1o hace","modified":"Actualizado 1 a\u00f1o hace"},"absolute_dates":{"created":"Publicado el 13 de noviembre de 2024","modified":"Actualizado el 12 de noviembre de 2024"},"absolute_dates_time":{"created":"Publicado el 13 de noviembre de 2024 01:00","modified":"Actualizado el 12 de noviembre de 2024 18:45"},"featured_img_caption":"","series_order":"","show_in_app":true,"fecha_inicio_destacado":null,"hora_inicio_visualizacion":null,"minutos_inicio_visualizacion":null,"fecha_final_destacado":null,"hora_final_visualizacion":null,"minutos_final_visualizacion":null,"posicion_visualizacion":null,"estado_destacado":null,"niveles_destacados":null,"url_del_enlace":null,"banner_destacado":null,"posicion_visualizacion_de_la_noticia":"01","estado_noticia":["Visible"],"fecha_de_inicio_de_visualizacion_del_tutorial":null,"hora_inicio_visualizacion_tutorial":null,"minutos_inicio_visualizacion_tutorial":null,"fecha_de_final_de_visualizacion_del_tutorial":null,"hora_final_visualizacion_tutorial":null,"minutos_final_visualizacion_tutorial":null,"numero_de_veces_visto":null,"numero_de_veces_total":null,"niveles_tutorial":null,"tutorial_recursos_castellano":null,"tutorial_recursos_catalan":null,"dias_disponibles":null,"dias_de_la_semana":null,"dias_del_mes":null,"other_lang_post_id":13009,"lang":"es","campanya_descripcion":null,"campanya_fecha_inicio":null,"campanya_fecha_fin":null,"campanya_legales":null,"campanya_imagen":null,"campanya_characteristics":null,"campanya_url":null,"campanya_posicion_visualizacion":null,"campanya_estado":null,"_links":{"self":[{"href":"https:\/\/www.ametllerorigenwp.com\/es\/wp-json\/wp\/v2\/posts\/13012","targetHints":{"allow":["GET"]}}],"collection":[{"href":"https:\/\/www.ametllerorigenwp.com\/es\/wp-json\/wp\/v2\/posts"}],"about":[{"href":"https:\/\/www.ametllerorigenwp.com\/es\/wp-json\/wp\/v2\/types\/post"}],"author":[{"embeddable":true,"href":"https:\/\/www.ametllerorigenwp.com\/es\/wp-json\/wp\/v2\/users\/5"}],"replies":[{"embeddable":true,"href":"https:\/\/www.ametllerorigenwp.com\/es\/wp-json\/wp\/v2\/comments?post=13012"}],"version-history":[{"count":1,"href":"https:\/\/www.ametllerorigenwp.com\/es\/wp-json\/wp\/v2\/posts\/13012\/revisions"}],"predecessor-version":[{"id":13013,"href":"https:\/\/www.ametllerorigenwp.com\/es\/wp-json\/wp\/v2\/posts\/13012\/revisions\/13013"}],"wp:featuredmedia":[{"embeddable":true,"href":"https:\/\/www.ametllerorigenwp.com\/es\/wp-json\/wp\/v2\/media\/12847"}],"wp:attachment":[{"href":"https:\/\/www.ametllerorigenwp.com\/es\/wp-json\/wp\/v2\/media?parent=13012"}],"wp:term":[{"taxonomy":"category","embeddable":true,"href":"https:\/\/www.ametllerorigenwp.com\/es\/wp-json\/wp\/v2\/categories?post=13012"},{"taxonomy":"post_tag","embeddable":true,"href":"https:\/\/www.ametllerorigenwp.com\/es\/wp-json\/wp\/v2\/tags?post=13012"}],"curies":[{"name":"wp","href":"https:\/\/api.w.org\/{rel}","templated":true}]}}