{"id":13228,"date":"2025-02-13T01:00:21","date_gmt":"2025-02-13T01:00:21","guid":{"rendered":"https:\/\/www.ametllerorigenwp.com\/?p=13228"},"modified":"2025-02-12T16:58:36","modified_gmt":"2025-02-12T16:58:36","slug":"amante-de-los-calcots-la-gran-calcotada-de-ametller-origen-ya-esta-aqui","status":"publish","type":"post","link":"https:\/\/www.ametllerorigenwp.com\/es\/amante-de-los-calcots-la-gran-calcotada-de-ametller-origen-ya-esta-aqui\/","title":{"rendered":"Amante de los cal\u00e7ots, \u00a1La Gran Cal\u00e7otada de Ametller Origen ya est\u00e1 aqu\u00ed!\u00a0\u00a0"},"content":{"rendered":"<p><span style=\"font-weight: 400;\">\u00bfQuieres disfrutar de una deliciosa tradici\u00f3n catalana con la mejor compa\u00f1\u00eda mientras nosotros ponemos el resto? <\/span><b>Te invitamos el pr\u00f3ximo s\u00e1bado 15 de marzo a disfrutar de La Gran Cal\u00e7otada de Ametller Origen en la Masia Josep Masachs.\u00a0<\/b><\/p>\n<p><span style=\"font-weight: 400;\">Una actividad llena de diversi\u00f3n donde no faltar\u00e1 <\/span><b>m\u00fasica en directo, exhibiciones tradicionales, actividades para los m\u00e1s peque\u00f1os, \u00a1y un men\u00fa delicioso con vermut, cal\u00e7ots, carne a la brasa, postre y bebida!<\/b><\/p>\n<p><span style=\"font-weight: 400;\">\u00a1Compra ya tus <\/span><a href=\"https:\/\/tallers.ametllerorigen.com\/lagrancalcotadadametllerorigen\"><span style=\"font-weight: 400;\">entradas<\/span><\/a><span style=\"font-weight: 400;\"> antes de que se agoten!<\/span><\/p>\n","protected":false},"excerpt":{"rendered":"<p>\u00bfQuieres disfrutar de una deliciosa tradici\u00f3n catalana con la mejor compa\u00f1\u00eda mientras nosotros ponemos el resto? Te invitamos el pr\u00f3ximo s\u00e1bado 15 de marzo a disfrutar de La Gran Cal\u00e7otada de Ametller Origen en la Masia Josep Masachs.\u00a0 Una actividad llena de diversi\u00f3n donde no faltar\u00e1 m\u00fasica en directo, exhibiciones tradicionales, actividades para los m\u00e1s &hellip; <a href=\"https:\/\/www.ametllerorigenwp.com\/es\/amante-de-los-calcots-la-gran-calcotada-de-ametller-origen-ya-esta-aqui\/\" class=\"more-link\">Continuar leyendo<span class=\"screen-reader-text\"> \u00abAmante de los cal\u00e7ots, \u00a1La Gran Cal\u00e7otada de Ametller Origen ya est\u00e1 aqu\u00ed!\u00a0\u00a0\u00ab<\/span><\/a><\/p>\n","protected":false},"author":5,"featured_media":13226,"comment_status":"closed","ping_status":"closed","sticky":false,"template":"","format":"standard","meta":{"_uag_custom_page_level_css":"","advgb_blocks_editor_width":"","advgb_blocks_columns_visual_guide":"","footnotes":""},"categories":[1],"tags":[],"class_list":["post-13228","post","type-post","status-publish","format-standard","has-post-thumbnail","hentry","category-noticias"],"author_meta":{"display_name":"Mireia Zaragoza","author_link":"https:\/\/www.ametllerorigenwp.com\/es\/author\/mzaragoza\/"},"featured_img":"https:\/\/www.ametllerorigenwp.com\/wp-content\/uploads\/2025\/02\/Proyecto-nuevo-14-300x102.jpg","uagb_featured_image_src":{"full":["https:\/\/www.ametllerorigenwp.com\/wp-content\/uploads\/2025\/02\/Proyecto-nuevo-14.jpg",1000,340,false],"thumbnail":["https:\/\/www.ametllerorigenwp.com\/wp-content\/uploads\/2025\/02\/Proyecto-nuevo-14-150x150.jpg",150,150,true],"medium":["https:\/\/www.ametllerorigenwp.com\/wp-content\/uploads\/2025\/02\/Proyecto-nuevo-14-300x102.jpg",300,102,true],"medium_large":["https:\/\/www.ametllerorigenwp.com\/wp-content\/uploads\/2025\/02\/Proyecto-nuevo-14-768x261.jpg",768,261,true],"large":["https:\/\/www.ametllerorigenwp.com\/wp-content\/uploads\/2025\/02\/Proyecto-nuevo-14.jpg",840,286,false],"1536x1536":["https:\/\/www.ametllerorigenwp.com\/wp-content\/uploads\/2025\/02\/Proyecto-nuevo-14.jpg",1000,340,false],"2048x2048":["https:\/\/www.ametllerorigenwp.com\/wp-content\/uploads\/2025\/02\/Proyecto-nuevo-14.jpg",1000,340,false],"post-thumbnail":["https:\/\/www.ametllerorigenwp.com\/wp-content\/uploads\/2025\/02\/Proyecto-nuevo-14.jpg",1000,340,false]},"uagb_author_info":{"display_name":"Mireia Zaragoza","author_link":"https:\/\/www.ametllerorigenwp.com\/es\/author\/mzaragoza\/"},"uagb_comment_info":0,"uagb_excerpt":"\u00bfQuieres disfrutar de una deliciosa tradici\u00f3n catalana con la mejor compa\u00f1\u00eda mientras nosotros ponemos el resto? Te invitamos el pr\u00f3ximo s\u00e1bado 15 de marzo a disfrutar de La Gran Cal\u00e7otada de Ametller Origen en la Masia Josep Masachs.\u00a0 Una actividad llena de diversi\u00f3n donde no faltar\u00e1 m\u00fasica en directo, exhibiciones tradicionales, actividades para los m\u00e1s&hellip;","coauthors":[],"tax_additional":{"categories":{"linked":["<a href=\"https:\/\/www.ametllerorigenwp.com\/es\/category\/noticias\/\" class=\"advgb-post-tax-term\">Noticias<\/a>"],"unlinked":["<span class=\"advgb-post-tax-term\">Noticias<\/span>"]}},"comment_count":"0","relative_dates":{"created":"Publicado 1 a\u00f1o hace","modified":"Actualizado 1 a\u00f1o hace"},"absolute_dates":{"created":"Publicado el 13 de febrero de 2025","modified":"Actualizado el 12 de febrero de 2025"},"absolute_dates_time":{"created":"Publicado el 13 de febrero de 2025 01:00","modified":"Actualizado el 12 de febrero de 2025 16:58"},"featured_img_caption":"","series_order":"","show_in_app":true,"fecha_inicio_destacado":null,"hora_inicio_visualizacion":null,"minutos_inicio_visualizacion":null,"fecha_final_destacado":null,"hora_final_visualizacion":null,"minutos_final_visualizacion":null,"posicion_visualizacion":null,"estado_destacado":null,"niveles_destacados":null,"url_del_enlace":null,"banner_destacado":null,"posicion_visualizacion_de_la_noticia":"01","estado_noticia":["Visible"],"fecha_de_inicio_de_visualizacion_del_tutorial":null,"hora_inicio_visualizacion_tutorial":null,"minutos_inicio_visualizacion_tutorial":null,"fecha_de_final_de_visualizacion_del_tutorial":null,"hora_final_visualizacion_tutorial":null,"minutos_final_visualizacion_tutorial":null,"numero_de_veces_visto":null,"numero_de_veces_total":null,"niveles_tutorial":null,"tutorial_recursos_castellano":null,"tutorial_recursos_catalan":null,"dias_disponibles":null,"dias_de_la_semana":null,"dias_del_mes":null,"other_lang_post_id":13224,"lang":"es","campanya_descripcion":null,"campanya_fecha_inicio":null,"campanya_fecha_fin":null,"campanya_legales":null,"campanya_imagen":null,"campanya_characteristics":null,"campanya_url":null,"campanya_posicion_visualizacion":null,"campanya_estado":null,"_links":{"self":[{"href":"https:\/\/www.ametllerorigenwp.com\/es\/wp-json\/wp\/v2\/posts\/13228","targetHints":{"allow":["GET"]}}],"collection":[{"href":"https:\/\/www.ametllerorigenwp.com\/es\/wp-json\/wp\/v2\/posts"}],"about":[{"href":"https:\/\/www.ametllerorigenwp.com\/es\/wp-json\/wp\/v2\/types\/post"}],"author":[{"embeddable":true,"href":"https:\/\/www.ametllerorigenwp.com\/es\/wp-json\/wp\/v2\/users\/5"}],"replies":[{"embeddable":true,"href":"https:\/\/www.ametllerorigenwp.com\/es\/wp-json\/wp\/v2\/comments?post=13228"}],"version-history":[{"count":1,"href":"https:\/\/www.ametllerorigenwp.com\/es\/wp-json\/wp\/v2\/posts\/13228\/revisions"}],"predecessor-version":[{"id":13229,"href":"https:\/\/www.ametllerorigenwp.com\/es\/wp-json\/wp\/v2\/posts\/13228\/revisions\/13229"}],"wp:featuredmedia":[{"embeddable":true,"href":"https:\/\/www.ametllerorigenwp.com\/es\/wp-json\/wp\/v2\/media\/13226"}],"wp:attachment":[{"href":"https:\/\/www.ametllerorigenwp.com\/es\/wp-json\/wp\/v2\/media?parent=13228"}],"wp:term":[{"taxonomy":"category","embeddable":true,"href":"https:\/\/www.ametllerorigenwp.com\/es\/wp-json\/wp\/v2\/categories?post=13228"},{"taxonomy":"post_tag","embeddable":true,"href":"https:\/\/www.ametllerorigenwp.com\/es\/wp-json\/wp\/v2\/tags?post=13228"}],"curies":[{"name":"wp","href":"https:\/\/api.w.org\/{rel}","templated":true}]}}