{"id":13256,"date":"2025-03-07T01:00:39","date_gmt":"2025-03-07T01:00:39","guid":{"rendered":"https:\/\/www.ametllerorigenwp.com\/?p=13256"},"modified":"2025-03-06T16:50:32","modified_gmt":"2025-03-06T16:50:32","slug":"prepara-la-agenda-con-los-talleres-de-marzo","status":"publish","type":"post","link":"https:\/\/www.ametllerorigenwp.com\/es\/prepara-la-agenda-con-los-talleres-de-marzo\/","title":{"rendered":"\u00a1Prepara la agenda con los talleres de marzo!"},"content":{"rendered":"<p>\u00bfQuieres pasar una tarde divertida y entretenida? Consulta nuestro<a href=\"https:\/\/tallers.ametllerorigen.com\/\"> calendario<\/a> de marzo y disfruta de los mejores talleres.<\/p>\n<p>Si eres un amante de los\u00a0<span class=\"hiddenSpellError\">cal\u00e7ots<\/span>, <strong>no te pierdas el maridaje de vinos con\u00a0<span class=\"hiddenSpellError\">cal\u00e7ots<\/span>\u00a0con el sommelier Xavier\u00a0<span class=\"hiddenSpellError\">Bassa<\/span>.<\/strong> Y si a\u00fan no tienes tu entrada, date prisa, que quedan las \u00faltimas plazas para vivir <strong>La Gran\u00a0<span class=\"hiddenSpellError\">Cal\u00e7otada<\/span>: \u00a1una combinaci\u00f3n perfecta de sabor y tradici\u00f3n!<\/strong><\/p>\n<p>Adem\u00e1s, si lo que quieres es aprender a cocinar recetas f\u00e1ciles y r\u00e1pidas, <strong>no te pierdas el showcooking de cocina\u00a0<span class=\"hiddenSpellError\">Pim<\/span>\u00a0<span class=\"hiddenSpellError\">Pam<\/span>\u00a0con el chef Arnau Par\u00eds &amp;\u00a0<span class=\"hiddenSpellError\">Specials<\/span>.<\/strong><\/p>\n<p>\u00a1Y eso no es todo! Para los amantes de la alimentaci\u00f3n saludable y sostenible, <strong>estrenamos las\u00a0<span class=\"hiddenSpellError\">Nutri<\/span>\u00a0<span class=\"hiddenSpellError\">Talks<\/span>, un espacio donde aprender\u00e1s sobre h\u00e1bitos nutricionales.<\/strong> Este mes,<strong> de la mano de la nutricionista Ana\u00a0<span class=\"hiddenSpellError\">Viu<\/span>, aprende a cuidar tu salud intestinal<\/strong> mientras disfrutas de una merienda con alimentos antiinflamatorios.<\/p>\n<p>\u00a1Te esperamos!<\/p>\n","protected":false},"excerpt":{"rendered":"<p>\u00bfQuieres pasar una tarde divertida y entretenida? Consulta nuestro calendario de marzo y disfruta de los mejores talleres. Si eres un amante de los\u00a0cal\u00e7ots, no te pierdas el maridaje de vinos con\u00a0cal\u00e7ots\u00a0con el sommelier Xavier\u00a0Bassa. Y si a\u00fan no tienes tu entrada, date prisa, que quedan las \u00faltimas plazas para vivir La Gran\u00a0Cal\u00e7otada: \u00a1una combinaci\u00f3n &hellip; <a href=\"https:\/\/www.ametllerorigenwp.com\/es\/prepara-la-agenda-con-los-talleres-de-marzo\/\" class=\"more-link\">Continuar leyendo<span class=\"screen-reader-text\"> \u00ab\u00a1Prepara la agenda con los talleres de marzo!\u00bb<\/span><\/a><\/p>\n","protected":false},"author":5,"featured_media":13252,"comment_status":"closed","ping_status":"closed","sticky":false,"template":"","format":"standard","meta":{"_uag_custom_page_level_css":"","advgb_blocks_editor_width":"","advgb_blocks_columns_visual_guide":"","footnotes":""},"categories":[1],"tags":[],"class_list":["post-13256","post","type-post","status-publish","format-standard","has-post-thumbnail","hentry","category-noticias"],"author_meta":{"display_name":"Mireia Zaragoza","author_link":"https:\/\/www.ametllerorigenwp.com\/es\/author\/mzaragoza\/"},"featured_img":"https:\/\/www.ametllerorigenwp.com\/wp-content\/uploads\/2025\/03\/COMMS_GEN_APP_ESDEVENIMENTS_1000x340-300x102.jpg","uagb_featured_image_src":{"full":["https:\/\/www.ametllerorigenwp.com\/wp-content\/uploads\/2025\/03\/COMMS_GEN_APP_ESDEVENIMENTS_1000x340.jpg",1001,341,false],"thumbnail":["https:\/\/www.ametllerorigenwp.com\/wp-content\/uploads\/2025\/03\/COMMS_GEN_APP_ESDEVENIMENTS_1000x340-150x150.jpg",150,150,true],"medium":["https:\/\/www.ametllerorigenwp.com\/wp-content\/uploads\/2025\/03\/COMMS_GEN_APP_ESDEVENIMENTS_1000x340-300x102.jpg",300,102,true],"medium_large":["https:\/\/www.ametllerorigenwp.com\/wp-content\/uploads\/2025\/03\/COMMS_GEN_APP_ESDEVENIMENTS_1000x340-768x262.jpg",768,262,true],"large":["https:\/\/www.ametllerorigenwp.com\/wp-content\/uploads\/2025\/03\/COMMS_GEN_APP_ESDEVENIMENTS_1000x340.jpg",840,286,false],"1536x1536":["https:\/\/www.ametllerorigenwp.com\/wp-content\/uploads\/2025\/03\/COMMS_GEN_APP_ESDEVENIMENTS_1000x340.jpg",1001,341,false],"2048x2048":["https:\/\/www.ametllerorigenwp.com\/wp-content\/uploads\/2025\/03\/COMMS_GEN_APP_ESDEVENIMENTS_1000x340.jpg",1001,341,false],"post-thumbnail":["https:\/\/www.ametllerorigenwp.com\/wp-content\/uploads\/2025\/03\/COMMS_GEN_APP_ESDEVENIMENTS_1000x340.jpg",1001,341,false]},"uagb_author_info":{"display_name":"Mireia Zaragoza","author_link":"https:\/\/www.ametllerorigenwp.com\/es\/author\/mzaragoza\/"},"uagb_comment_info":0,"uagb_excerpt":"\u00bfQuieres pasar una tarde divertida y entretenida? Consulta nuestro calendario de marzo y disfruta de los mejores talleres. Si eres un amante de los\u00a0cal\u00e7ots, no te pierdas el maridaje de vinos con\u00a0cal\u00e7ots\u00a0con el sommelier Xavier\u00a0Bassa. Y si a\u00fan no tienes tu entrada, date prisa, que quedan las \u00faltimas plazas para vivir La Gran\u00a0Cal\u00e7otada: \u00a1una combinaci\u00f3n&hellip;","coauthors":[],"tax_additional":{"categories":{"linked":["<a href=\"https:\/\/www.ametllerorigenwp.com\/es\/category\/noticias\/\" class=\"advgb-post-tax-term\">Noticias<\/a>"],"unlinked":["<span class=\"advgb-post-tax-term\">Noticias<\/span>"]}},"comment_count":"0","relative_dates":{"created":"Publicado 1 a\u00f1o hace","modified":"Actualizado 1 a\u00f1o hace"},"absolute_dates":{"created":"Publicado el 7 de marzo de 2025","modified":"Actualizado el 6 de marzo de 2025"},"absolute_dates_time":{"created":"Publicado el 7 de marzo de 2025 01:00","modified":"Actualizado el 6 de marzo de 2025 16:50"},"featured_img_caption":"","series_order":"","show_in_app":true,"fecha_inicio_destacado":null,"hora_inicio_visualizacion":null,"minutos_inicio_visualizacion":null,"fecha_final_destacado":null,"hora_final_visualizacion":null,"minutos_final_visualizacion":null,"posicion_visualizacion":null,"estado_destacado":null,"niveles_destacados":null,"url_del_enlace":null,"banner_destacado":null,"posicion_visualizacion_de_la_noticia":null,"estado_noticia":null,"fecha_de_inicio_de_visualizacion_del_tutorial":null,"hora_inicio_visualizacion_tutorial":null,"minutos_inicio_visualizacion_tutorial":null,"fecha_de_final_de_visualizacion_del_tutorial":null,"hora_final_visualizacion_tutorial":null,"minutos_final_visualizacion_tutorial":null,"numero_de_veces_visto":null,"numero_de_veces_total":null,"niveles_tutorial":null,"tutorial_recursos_castellano":null,"tutorial_recursos_catalan":null,"dias_disponibles":null,"dias_de_la_semana":null,"dias_del_mes":null,"other_lang_post_id":13241,"lang":"es","campanya_descripcion":null,"campanya_fecha_inicio":null,"campanya_fecha_fin":null,"campanya_legales":null,"campanya_imagen":null,"campanya_characteristics":null,"campanya_url":null,"campanya_posicion_visualizacion":null,"campanya_estado":null,"_links":{"self":[{"href":"https:\/\/www.ametllerorigenwp.com\/es\/wp-json\/wp\/v2\/posts\/13256","targetHints":{"allow":["GET"]}}],"collection":[{"href":"https:\/\/www.ametllerorigenwp.com\/es\/wp-json\/wp\/v2\/posts"}],"about":[{"href":"https:\/\/www.ametllerorigenwp.com\/es\/wp-json\/wp\/v2\/types\/post"}],"author":[{"embeddable":true,"href":"https:\/\/www.ametllerorigenwp.com\/es\/wp-json\/wp\/v2\/users\/5"}],"replies":[{"embeddable":true,"href":"https:\/\/www.ametllerorigenwp.com\/es\/wp-json\/wp\/v2\/comments?post=13256"}],"version-history":[{"count":1,"href":"https:\/\/www.ametllerorigenwp.com\/es\/wp-json\/wp\/v2\/posts\/13256\/revisions"}],"predecessor-version":[{"id":13258,"href":"https:\/\/www.ametllerorigenwp.com\/es\/wp-json\/wp\/v2\/posts\/13256\/revisions\/13258"}],"wp:featuredmedia":[{"embeddable":true,"href":"https:\/\/www.ametllerorigenwp.com\/es\/wp-json\/wp\/v2\/media\/13252"}],"wp:attachment":[{"href":"https:\/\/www.ametllerorigenwp.com\/es\/wp-json\/wp\/v2\/media?parent=13256"}],"wp:term":[{"taxonomy":"category","embeddable":true,"href":"https:\/\/www.ametllerorigenwp.com\/es\/wp-json\/wp\/v2\/categories?post=13256"},{"taxonomy":"post_tag","embeddable":true,"href":"https:\/\/www.ametllerorigenwp.com\/es\/wp-json\/wp\/v2\/tags?post=13256"}],"curies":[{"name":"wp","href":"https:\/\/api.w.org\/{rel}","templated":true}]}}