{"id":13278,"date":"2025-03-28T01:00:50","date_gmt":"2025-03-28T01:00:50","guid":{"rendered":"https:\/\/www.ametllerorigenwp.com\/?p=13278"},"modified":"2025-03-27T14:39:29","modified_gmt":"2025-03-27T14:39:29","slug":"da-la-bienvenida-a-la-primavera-con-los-nuevos-talleres-de-abril","status":"publish","type":"post","link":"https:\/\/www.ametllerorigenwp.com\/es\/da-la-bienvenida-a-la-primavera-con-los-nuevos-talleres-de-abril\/","title":{"rendered":"Da la bienvenida a la primavera con los nuevos talleres de abril"},"content":{"rendered":"<p><span style=\"font-weight: 400;\">La primavera ya ha llegado y es el momento ideal para preparar una agenda llena de actividades. Consulta nuestro <\/span><a href=\"https:\/\/tallers.ametllerorigen.com\/\"><span style=\"font-weight: 400;\">calendario<\/span><\/a><span style=\"font-weight: 400;\"> de abril y disfruta del taller de <\/span><b>cocina con huevos con la instagramer @albitrips <\/b><span style=\"font-weight: 400;\">y del taller de<\/span><b> tartar de carne con el carn\u00f3logo Sebas.<\/b><\/p>\n<p><span style=\"font-weight: 400;\">Adem\u00e1s, para los amantes del queso hemos preparado un<\/span><b> showcooking de recetas con quesos italianos,<\/b><span style=\"font-weight: 400;\"> y para quienes buscan catas y maridajes, no te puedes perder el <\/span><b>maridaje de vinos y cavas con ib\u00e9ricos con el sommelier Xavier Bassa.<\/b><span style=\"font-weight: 400;\"> Adem\u00e1s, si lo que deseas es descubrir los efectos de tus h\u00e1bitos alimenticios en el descanso, te invitamos a la <\/span><b>Nutri Talk de Antoni Esteve, el autor del libro <\/b><b><i>Dime qu\u00e9 comes y te dir\u00e9 c\u00f3mo duermes<\/i><\/b><b>.<\/b><\/p>\n<p><span style=\"font-weight: 400;\">Y si lo que te interesa es aprender de primera mano los secretos de nuestras verduras y hortalizas de temporada, te proponemos disfrutar de la<\/span><b> visita a nuestro invernadero de I+D de fresas<\/b><span style=\"font-weight: 400;\"> y de la<\/span><b> cena gastron\u00f3mica de primavera<\/b><span style=\"font-weight: 400;\">: \u00a1una experiencia \u00fanica para saborear los sabores m\u00e1s frescos de la temporada!<\/span><\/p>\n","protected":false},"excerpt":{"rendered":"<p>La primavera ya ha llegado y es el momento ideal para preparar una agenda llena de actividades. Consulta nuestro calendario de abril y disfruta del taller de cocina con huevos con la instagramer @albitrips y del taller de tartar de carne con el carn\u00f3logo Sebas. Adem\u00e1s, para los amantes del queso hemos preparado un showcooking &hellip; <a href=\"https:\/\/www.ametllerorigenwp.com\/es\/da-la-bienvenida-a-la-primavera-con-los-nuevos-talleres-de-abril\/\" class=\"more-link\">Continuar leyendo<span class=\"screen-reader-text\"> \u00abDa la bienvenida a la primavera con los nuevos talleres de abril\u00bb<\/span><\/a><\/p>\n","protected":false},"author":5,"featured_media":13280,"comment_status":"closed","ping_status":"closed","sticky":false,"template":"","format":"standard","meta":{"_uag_custom_page_level_css":"","advgb_blocks_editor_width":"","advgb_blocks_columns_visual_guide":"","footnotes":""},"categories":[1],"tags":[],"class_list":["post-13278","post","type-post","status-publish","format-standard","has-post-thumbnail","hentry","category-noticias"],"author_meta":{"display_name":"Mireia Zaragoza","author_link":"https:\/\/www.ametllerorigenwp.com\/es\/author\/mzaragoza\/"},"featured_img":"https:\/\/www.ametllerorigenwp.com\/wp-content\/uploads\/2025\/03\/COMMS_DES_APP_ESDV_ABR_2025_1000x340_2-300x102.jpg","uagb_featured_image_src":{"full":["https:\/\/www.ametllerorigenwp.com\/wp-content\/uploads\/2025\/03\/COMMS_DES_APP_ESDV_ABR_2025_1000x340_2.jpg",1000,340,false],"thumbnail":["https:\/\/www.ametllerorigenwp.com\/wp-content\/uploads\/2025\/03\/COMMS_DES_APP_ESDV_ABR_2025_1000x340_2-150x150.jpg",150,150,true],"medium":["https:\/\/www.ametllerorigenwp.com\/wp-content\/uploads\/2025\/03\/COMMS_DES_APP_ESDV_ABR_2025_1000x340_2-300x102.jpg",300,102,true],"medium_large":["https:\/\/www.ametllerorigenwp.com\/wp-content\/uploads\/2025\/03\/COMMS_DES_APP_ESDV_ABR_2025_1000x340_2-768x261.jpg",768,261,true],"large":["https:\/\/www.ametllerorigenwp.com\/wp-content\/uploads\/2025\/03\/COMMS_DES_APP_ESDV_ABR_2025_1000x340_2.jpg",840,286,false],"1536x1536":["https:\/\/www.ametllerorigenwp.com\/wp-content\/uploads\/2025\/03\/COMMS_DES_APP_ESDV_ABR_2025_1000x340_2.jpg",1000,340,false],"2048x2048":["https:\/\/www.ametllerorigenwp.com\/wp-content\/uploads\/2025\/03\/COMMS_DES_APP_ESDV_ABR_2025_1000x340_2.jpg",1000,340,false],"post-thumbnail":["https:\/\/www.ametllerorigenwp.com\/wp-content\/uploads\/2025\/03\/COMMS_DES_APP_ESDV_ABR_2025_1000x340_2.jpg",1000,340,false]},"uagb_author_info":{"display_name":"Mireia Zaragoza","author_link":"https:\/\/www.ametllerorigenwp.com\/es\/author\/mzaragoza\/"},"uagb_comment_info":0,"uagb_excerpt":"La primavera ya ha llegado y es el momento ideal para preparar una agenda llena de actividades. Consulta nuestro calendario de abril y disfruta del taller de cocina con huevos con la instagramer @albitrips y del taller de tartar de carne con el carn\u00f3logo Sebas. Adem\u00e1s, para los amantes del queso hemos preparado un showcooking&hellip;","coauthors":[],"tax_additional":{"categories":{"linked":["<a href=\"https:\/\/www.ametllerorigenwp.com\/es\/category\/noticias\/\" class=\"advgb-post-tax-term\">Noticias<\/a>"],"unlinked":["<span class=\"advgb-post-tax-term\">Noticias<\/span>"]}},"comment_count":"0","relative_dates":{"created":"Publicado 1 a\u00f1o hace","modified":"Actualizado 1 a\u00f1o hace"},"absolute_dates":{"created":"Publicado el 28 de marzo de 2025","modified":"Actualizado el 27 de marzo de 2025"},"absolute_dates_time":{"created":"Publicado el 28 de marzo de 2025 01:00","modified":"Actualizado el 27 de marzo de 2025 14:39"},"featured_img_caption":"","series_order":"","show_in_app":true,"fecha_inicio_destacado":null,"hora_inicio_visualizacion":null,"minutos_inicio_visualizacion":null,"fecha_final_destacado":null,"hora_final_visualizacion":null,"minutos_final_visualizacion":null,"posicion_visualizacion":null,"estado_destacado":null,"niveles_destacados":null,"url_del_enlace":null,"banner_destacado":null,"posicion_visualizacion_de_la_noticia":"01","estado_noticia":["Visible"],"fecha_de_inicio_de_visualizacion_del_tutorial":null,"hora_inicio_visualizacion_tutorial":null,"minutos_inicio_visualizacion_tutorial":null,"fecha_de_final_de_visualizacion_del_tutorial":null,"hora_final_visualizacion_tutorial":null,"minutos_final_visualizacion_tutorial":null,"numero_de_veces_visto":null,"numero_de_veces_total":null,"niveles_tutorial":null,"tutorial_recursos_castellano":null,"tutorial_recursos_catalan":null,"dias_disponibles":null,"dias_de_la_semana":null,"dias_del_mes":null,"other_lang_post_id":null,"lang":"es","campanya_descripcion":null,"campanya_fecha_inicio":null,"campanya_fecha_fin":null,"campanya_legales":null,"campanya_imagen":null,"campanya_characteristics":null,"campanya_url":null,"campanya_posicion_visualizacion":null,"campanya_estado":null,"_links":{"self":[{"href":"https:\/\/www.ametllerorigenwp.com\/es\/wp-json\/wp\/v2\/posts\/13278","targetHints":{"allow":["GET"]}}],"collection":[{"href":"https:\/\/www.ametllerorigenwp.com\/es\/wp-json\/wp\/v2\/posts"}],"about":[{"href":"https:\/\/www.ametllerorigenwp.com\/es\/wp-json\/wp\/v2\/types\/post"}],"author":[{"embeddable":true,"href":"https:\/\/www.ametllerorigenwp.com\/es\/wp-json\/wp\/v2\/users\/5"}],"replies":[{"embeddable":true,"href":"https:\/\/www.ametllerorigenwp.com\/es\/wp-json\/wp\/v2\/comments?post=13278"}],"version-history":[{"count":1,"href":"https:\/\/www.ametllerorigenwp.com\/es\/wp-json\/wp\/v2\/posts\/13278\/revisions"}],"predecessor-version":[{"id":13282,"href":"https:\/\/www.ametllerorigenwp.com\/es\/wp-json\/wp\/v2\/posts\/13278\/revisions\/13282"}],"wp:featuredmedia":[{"embeddable":true,"href":"https:\/\/www.ametllerorigenwp.com\/es\/wp-json\/wp\/v2\/media\/13280"}],"wp:attachment":[{"href":"https:\/\/www.ametllerorigenwp.com\/es\/wp-json\/wp\/v2\/media?parent=13278"}],"wp:term":[{"taxonomy":"category","embeddable":true,"href":"https:\/\/www.ametllerorigenwp.com\/es\/wp-json\/wp\/v2\/categories?post=13278"},{"taxonomy":"post_tag","embeddable":true,"href":"https:\/\/www.ametllerorigenwp.com\/es\/wp-json\/wp\/v2\/tags?post=13278"}],"curies":[{"name":"wp","href":"https:\/\/api.w.org\/{rel}","templated":true}]}}