{"id":13328,"date":"2025-04-24T14:20:40","date_gmt":"2025-04-24T14:20:40","guid":{"rendered":"https:\/\/www.ametllerorigenwp.com\/?p=13328"},"modified":"2025-05-15T14:50:29","modified_gmt":"2025-05-15T14:50:29","slug":"apuntate-al-mejor-plan-de-fin-de-semana-el-vermutet-de-ametller-origen","status":"publish","type":"post","link":"https:\/\/www.ametllerorigenwp.com\/es\/apuntate-al-mejor-plan-de-fin-de-semana-el-vermutet-de-ametller-origen\/","title":{"rendered":"Ap\u00fantate al mejor plan de fin de semana: el Vermutet de Ametller Origen"},"content":{"rendered":"<div class=\"TypographyPresentation TypographyPresentation--medium RichText3-paragraph--withVSpacingNormal RichText3-paragraph HighlightSol HighlightSol--buildingBlock\"><strong>\u00bfQuieres disfrutar de una experiencia \u00fanica con nosotros? \u00a1Te invitamos el pr\u00f3ximo s\u00e1bado 10 de mayo al Vermutet de Ametller Origen en la terraza de Norrsken House Barcelona!<\/strong><\/div>\n<div class=\"TypographyPresentation TypographyPresentation--medium RichText3-paragraph--withVSpacingNormal RichText3-paragraph HighlightSol HighlightSol--buildingBlock\"><\/div>\n<div class=\"TypographyPresentation TypographyPresentation--medium RichText3-paragraph--withVSpacingNormal RichText3-paragraph HighlightSol HighlightSol--buildingBlock\">Comparte una jornada inolbidable en buena compa\u00f1\u00eda y d\u00e9jate seducir durante cuatro horas por las <strong>mejores vistas al mar, m\u00fasica en directo<\/strong> a cargo de Tura &amp; The Soul Band, y por supuesto, de una <strong>propuesta gastron\u00f3mica deliciosa donde el vermut es el protagonista<\/strong>.<\/div>\n<div class=\"TypographyPresentation TypographyPresentation--medium RichText3-paragraph--withVSpacingNormal RichText3-paragraph HighlightSol HighlightSol--buildingBlock\"><\/div>\n<div class=\"TypographyPresentation TypographyPresentation--medium RichText3-paragraph--withVSpacingNormal RichText3-paragraph HighlightSol HighlightSol--buildingBlock\">\u00a1Compra <a class=\"PrimaryLink HighlightSol HighlightSol--core LinkBase\" href=\"https:\/\/tallers.ametllerorigen.com\/elvermutetdametllerorigen?utm_source=app&amp;utm_medium=appes&amp;utm_campaign=eve_esd-micro_ao_hipervincle_sales_10052025\" target=\"_blank\" rel=\"noreferrer noopener\">tus entradas<\/a> antes de que se agoten!<\/div>\n","protected":false},"excerpt":{"rendered":"<p>\u00bfQuieres disfrutar de una experiencia \u00fanica con nosotros? \u00a1Te invitamos el pr\u00f3ximo s\u00e1bado 10 de mayo al Vermutet de Ametller Origen en la terraza de Norrsken House Barcelona! Comparte una jornada inolbidable en buena compa\u00f1\u00eda y d\u00e9jate seducir durante cuatro horas por las mejores vistas al mar, m\u00fasica en directo a cargo de Tura &amp; &hellip; <a href=\"https:\/\/www.ametllerorigenwp.com\/es\/apuntate-al-mejor-plan-de-fin-de-semana-el-vermutet-de-ametller-origen\/\" class=\"more-link\">Continuar leyendo<span class=\"screen-reader-text\"> \u00abAp\u00fantate al mejor plan de fin de semana: el Vermutet de Ametller Origen\u00bb<\/span><\/a><\/p>\n","protected":false},"author":5,"featured_media":13360,"comment_status":"closed","ping_status":"closed","sticky":false,"template":"","format":"standard","meta":{"_uag_custom_page_level_css":"","advgb_blocks_editor_width":"","advgb_blocks_columns_visual_guide":"","footnotes":""},"categories":[1],"tags":[],"class_list":["post-13328","post","type-post","status-publish","format-standard","has-post-thumbnail","hentry","category-noticias"],"author_meta":{"display_name":"Mireia Zaragoza","author_link":"https:\/\/www.ametllerorigenwp.com\/es\/author\/mzaragoza\/"},"featured_img":"https:\/\/www.ametllerorigenwp.com\/wp-content\/uploads\/2025\/04\/El-Vermutet-Ametller-076-\u00a9-2025-Miquel-Monfort-1-300x102.jpg","uagb_featured_image_src":{"full":["https:\/\/www.ametllerorigenwp.com\/wp-content\/uploads\/2025\/04\/El-Vermutet-Ametller-076-\u00a9-2025-Miquel-Monfort-1.jpg",1000,340,false],"thumbnail":["https:\/\/www.ametllerorigenwp.com\/wp-content\/uploads\/2025\/04\/El-Vermutet-Ametller-076-\u00a9-2025-Miquel-Monfort-1-150x150.jpg",150,150,true],"medium":["https:\/\/www.ametllerorigenwp.com\/wp-content\/uploads\/2025\/04\/El-Vermutet-Ametller-076-\u00a9-2025-Miquel-Monfort-1-300x102.jpg",300,102,true],"medium_large":["https:\/\/www.ametllerorigenwp.com\/wp-content\/uploads\/2025\/04\/El-Vermutet-Ametller-076-\u00a9-2025-Miquel-Monfort-1-768x261.jpg",768,261,true],"large":["https:\/\/www.ametllerorigenwp.com\/wp-content\/uploads\/2025\/04\/El-Vermutet-Ametller-076-\u00a9-2025-Miquel-Monfort-1.jpg",840,286,false],"1536x1536":["https:\/\/www.ametllerorigenwp.com\/wp-content\/uploads\/2025\/04\/El-Vermutet-Ametller-076-\u00a9-2025-Miquel-Monfort-1.jpg",1000,340,false],"2048x2048":["https:\/\/www.ametllerorigenwp.com\/wp-content\/uploads\/2025\/04\/El-Vermutet-Ametller-076-\u00a9-2025-Miquel-Monfort-1.jpg",1000,340,false],"post-thumbnail":["https:\/\/www.ametllerorigenwp.com\/wp-content\/uploads\/2025\/04\/El-Vermutet-Ametller-076-\u00a9-2025-Miquel-Monfort-1.jpg",1000,340,false]},"uagb_author_info":{"display_name":"Mireia Zaragoza","author_link":"https:\/\/www.ametllerorigenwp.com\/es\/author\/mzaragoza\/"},"uagb_comment_info":0,"uagb_excerpt":"\u00bfQuieres disfrutar de una experiencia \u00fanica con nosotros? \u00a1Te invitamos el pr\u00f3ximo s\u00e1bado 10 de mayo al Vermutet de Ametller Origen en la terraza de Norrsken House Barcelona! Comparte una jornada inolbidable en buena compa\u00f1\u00eda y d\u00e9jate seducir durante cuatro horas por las mejores vistas al mar, m\u00fasica en directo a cargo de Tura &amp;&hellip;","coauthors":[],"tax_additional":{"categories":{"linked":["<a href=\"https:\/\/www.ametllerorigenwp.com\/es\/category\/noticias\/\" class=\"advgb-post-tax-term\">Noticias<\/a>"],"unlinked":["<span class=\"advgb-post-tax-term\">Noticias<\/span>"]}},"comment_count":"0","relative_dates":{"created":"Publicado 1 a\u00f1o hace","modified":"Actualizado 12 meses hace"},"absolute_dates":{"created":"Publicado el 24 de abril de 2025","modified":"Actualizado el 15 de mayo de 2025"},"absolute_dates_time":{"created":"Publicado el 24 de abril de 2025 14:20","modified":"Actualizado el 15 de mayo de 2025 14:50"},"featured_img_caption":"","series_order":"","show_in_app":true,"fecha_inicio_destacado":null,"hora_inicio_visualizacion":null,"minutos_inicio_visualizacion":null,"fecha_final_destacado":null,"hora_final_visualizacion":null,"minutos_final_visualizacion":null,"posicion_visualizacion":null,"estado_destacado":null,"niveles_destacados":null,"url_del_enlace":null,"banner_destacado":null,"posicion_visualizacion_de_la_noticia":"01","estado_noticia":["Visible"],"fecha_de_inicio_de_visualizacion_del_tutorial":null,"hora_inicio_visualizacion_tutorial":null,"minutos_inicio_visualizacion_tutorial":null,"fecha_de_final_de_visualizacion_del_tutorial":null,"hora_final_visualizacion_tutorial":null,"minutos_final_visualizacion_tutorial":null,"numero_de_veces_visto":null,"numero_de_veces_total":null,"niveles_tutorial":null,"tutorial_recursos_castellano":null,"tutorial_recursos_catalan":null,"dias_disponibles":null,"dias_de_la_semana":null,"dias_del_mes":null,"other_lang_post_id":13324,"lang":"es","campanya_descripcion":null,"campanya_fecha_inicio":null,"campanya_fecha_fin":null,"campanya_legales":null,"campanya_imagen":null,"campanya_characteristics":null,"campanya_url":null,"campanya_posicion_visualizacion":null,"campanya_estado":null,"_links":{"self":[{"href":"https:\/\/www.ametllerorigenwp.com\/es\/wp-json\/wp\/v2\/posts\/13328","targetHints":{"allow":["GET"]}}],"collection":[{"href":"https:\/\/www.ametllerorigenwp.com\/es\/wp-json\/wp\/v2\/posts"}],"about":[{"href":"https:\/\/www.ametllerorigenwp.com\/es\/wp-json\/wp\/v2\/types\/post"}],"author":[{"embeddable":true,"href":"https:\/\/www.ametllerorigenwp.com\/es\/wp-json\/wp\/v2\/users\/5"}],"replies":[{"embeddable":true,"href":"https:\/\/www.ametllerorigenwp.com\/es\/wp-json\/wp\/v2\/comments?post=13328"}],"version-history":[{"count":2,"href":"https:\/\/www.ametllerorigenwp.com\/es\/wp-json\/wp\/v2\/posts\/13328\/revisions"}],"predecessor-version":[{"id":13362,"href":"https:\/\/www.ametllerorigenwp.com\/es\/wp-json\/wp\/v2\/posts\/13328\/revisions\/13362"}],"wp:featuredmedia":[{"embeddable":true,"href":"https:\/\/www.ametllerorigenwp.com\/es\/wp-json\/wp\/v2\/media\/13360"}],"wp:attachment":[{"href":"https:\/\/www.ametllerorigenwp.com\/es\/wp-json\/wp\/v2\/media?parent=13328"}],"wp:term":[{"taxonomy":"category","embeddable":true,"href":"https:\/\/www.ametllerorigenwp.com\/es\/wp-json\/wp\/v2\/categories?post=13328"},{"taxonomy":"post_tag","embeddable":true,"href":"https:\/\/www.ametllerorigenwp.com\/es\/wp-json\/wp\/v2\/tags?post=13328"}],"curies":[{"name":"wp","href":"https:\/\/api.w.org\/{rel}","templated":true}]}}