{"id":13918,"date":"2025-12-12T16:24:25","date_gmt":"2025-12-12T16:24:25","guid":{"rendered":"https:\/\/www.ametllerorigenwp.com\/?p=13918"},"modified":"2025-12-12T16:24:25","modified_gmt":"2025-12-12T16:24:25","slug":"mas-de-80-500-e-recaudados-para-el-sjd-pediatric-cancer-center-barcelona","status":"publish","type":"post","link":"https:\/\/www.ametllerorigenwp.com\/es\/mas-de-80-500-e-recaudados-para-el-sjd-pediatric-cancer-center-barcelona\/","title":{"rendered":"M\u00e1s de 80.500 \u20ac recaudados para el SJD Pediatric Cancer Center Barcelona"},"content":{"rendered":"<p><span style=\"font-weight: 400;\">Ayer <\/span><b>m\u00e1s de 900 personas vivimos juntas una de las noches m\u00e1s m\u00e1gicas y solidarias del a\u00f1o, el IV Sopar solidari de Nadal d\u2019Ametller Origen, celebrado en beneficio del Hospital Sant Joan de D\u00e9u Barcelona<\/b><span style=\"font-weight: 400;\">.\u00a0<\/span><\/p>\n<p><span style=\"font-weight: 400;\">Los asistentes disfrutaron de los espect\u00e1culos llenos de m\u00fasica y baile, como la <\/span><b>actuaci\u00f3n de Ramon Mirabet<\/b><span style=\"font-weight: 400;\">. <\/span><b>Bibiana Ballb\u00e8 y Quim Masferrer<\/b><span style=\"font-weight: 400;\"> nos acompa\u00f1aron durante toda la noche, y adem\u00e1s, pudimos disfrutar de los platos de los chefs de renombre <\/span><b>Carlota Claver, Hideki Matsuhisa, Martina Puigvert, Nandu Jubany, Jordi Cruz, Lluc Crusellas y Oriol Balaguer<\/b><span style=\"font-weight: 400;\">.<\/span><\/p>\n<p><span style=\"font-weight: 400;\">Gracias a todas las personas que han hecho posible esta edici\u00f3n del Sopar solidari d\u2019Ametller Origen, <\/span><b>hemos conseguido recaudar m\u00e1s de 80.000 \u20ac, que se destinaran \u00edntegramente al Pediatric Cancer Center Barcelona<\/b><span style=\"font-weight: 400;\">,\u00a0 un centro \u00fanico en Espa\u00f1a dedicado a la atenci\u00f3n ambulatoria y hospitalizaci\u00f3n, tratamientos e investigaci\u00f3n del c\u00e1ncer infantojuvenil.\u00a0<\/span><\/p>\n<p><span style=\"font-weight: 400;\">\u00a1Nos llena de orgullo decir que ha sido todo un \u00e9xito!\u00a0<\/span><\/p>\n<p>&nbsp;<\/p>\n<p><span style=\"font-weight: 400;\">Este evento ha contado con la colaboraci\u00f3n de:\u00a0<\/span><span style=\"font-weight: 400;\">Panasonic, Biocop, Valcoiberia, El abuelo de los melones, Torrent i Fills, Damm, Ahumados Dominguez, Torrons Vicen\u00e7, Europastry, Ibermicar, Caf\u00e8s Novell, Entemont, Ous roig, Etiquetas Anver, NaturSoy, Hinojosa, Lactalis, Quesos el Pastor, Mid\u00f3 Group, Frit Ravich, Banc Sabadell, PriceWaterhouseCoopers, La Granja, Artyplan, Aldel\u00eds, Sim\u00f3n Coll, Mitjans, Liquats YoSoy, Arla Food, Audens Foods, Formatge de Su\u00efssa, Tacisa, Orsero, Santiveri, Biopack, Mammafiore, Borja, Pl\u00e1tanos Ruiz, Lider Villaconejos, Anecoop, Soul K, Moyca Grapes, C\u00e0rnia, Bocatto di Cardinale, Tropicales del Valle Europe, Familia Torres, Pirinat, Fot-li Vermut, H\u00e4gen Daaz, Raimba Fluidtech, HL Display, Banca March, Kreston Iberaudit, Protegim l&#8217;alarma catalana, Andreu Alimentaci\u00f3, Queixos Barral, Germans Barri, La Cosa Nostra, ProvelPack, Garda import, Nomen Foods, Cultivar, Berryworld Iberia, Fontestad Citrus, Frutas y Verduras Antonio, Guaperal, Eversia, Dehesa de los Llanos, Neules Artesanes Sant Tirs, Prats Fruits, ERA Group, Panet, Sa Croqueta, Can Company, Gr\u00e0fiques Impres R\u00e0pid, Bliss, Barnhouse, Driscoll\u2019s, Profruit, Casa Mas, Fuencampo, Torra, Plastic Free, Driscoll\u2019s, Cynara The Artichoke Company, Limdor &amp; Castang, Plastic Free, Farm House i Covert Security.<\/span><\/p>\n","protected":false},"excerpt":{"rendered":"<p>Ayer m\u00e1s de 900 personas vivimos juntas una de las noches m\u00e1s m\u00e1gicas y solidarias del a\u00f1o, el IV Sopar solidari de Nadal d\u2019Ametller Origen, celebrado en beneficio del Hospital Sant Joan de D\u00e9u Barcelona.\u00a0 Los asistentes disfrutaron de los espect\u00e1culos llenos de m\u00fasica y baile, como la actuaci\u00f3n de Ramon Mirabet. Bibiana Ballb\u00e8 y &hellip; <a href=\"https:\/\/www.ametllerorigenwp.com\/es\/mas-de-80-500-e-recaudados-para-el-sjd-pediatric-cancer-center-barcelona\/\" class=\"more-link\">Continuar leyendo<span class=\"screen-reader-text\"> \u00abM\u00e1s de 80.500 \u20ac recaudados para el SJD Pediatric Cancer Center Barcelona\u00bb<\/span><\/a><\/p>\n","protected":false},"author":5,"featured_media":13915,"comment_status":"closed","ping_status":"closed","sticky":false,"template":"","format":"standard","meta":{"_uag_custom_page_level_css":"","advgb_blocks_editor_width":"","advgb_blocks_columns_visual_guide":"","footnotes":""},"categories":[1],"tags":[],"class_list":["post-13918","post","type-post","status-publish","format-standard","has-post-thumbnail","hentry","category-noticias"],"author_meta":{"display_name":"Mireia Zaragoza","author_link":"https:\/\/www.ametllerorigenwp.com\/es\/author\/mzaragoza\/"},"featured_img":"https:\/\/www.ametllerorigenwp.com\/wp-content\/uploads\/2025\/12\/IV-Sopar-Solidari-Ametller-Origen-112-\u00a9-2025-Miquel-Monfort-1-300x102.jpg","uagb_featured_image_src":{"full":["https:\/\/www.ametllerorigenwp.com\/wp-content\/uploads\/2025\/12\/IV-Sopar-Solidari-Ametller-Origen-112-\u00a9-2025-Miquel-Monfort-1.jpg",1000,340,false],"thumbnail":["https:\/\/www.ametllerorigenwp.com\/wp-content\/uploads\/2025\/12\/IV-Sopar-Solidari-Ametller-Origen-112-\u00a9-2025-Miquel-Monfort-1-150x150.jpg",150,150,true],"medium":["https:\/\/www.ametllerorigenwp.com\/wp-content\/uploads\/2025\/12\/IV-Sopar-Solidari-Ametller-Origen-112-\u00a9-2025-Miquel-Monfort-1-300x102.jpg",300,102,true],"medium_large":["https:\/\/www.ametllerorigenwp.com\/wp-content\/uploads\/2025\/12\/IV-Sopar-Solidari-Ametller-Origen-112-\u00a9-2025-Miquel-Monfort-1-768x261.jpg",768,261,true],"large":["https:\/\/www.ametllerorigenwp.com\/wp-content\/uploads\/2025\/12\/IV-Sopar-Solidari-Ametller-Origen-112-\u00a9-2025-Miquel-Monfort-1.jpg",840,286,false],"1536x1536":["https:\/\/www.ametllerorigenwp.com\/wp-content\/uploads\/2025\/12\/IV-Sopar-Solidari-Ametller-Origen-112-\u00a9-2025-Miquel-Monfort-1.jpg",1000,340,false],"2048x2048":["https:\/\/www.ametllerorigenwp.com\/wp-content\/uploads\/2025\/12\/IV-Sopar-Solidari-Ametller-Origen-112-\u00a9-2025-Miquel-Monfort-1.jpg",1000,340,false],"post-thumbnail":["https:\/\/www.ametllerorigenwp.com\/wp-content\/uploads\/2025\/12\/IV-Sopar-Solidari-Ametller-Origen-112-\u00a9-2025-Miquel-Monfort-1.jpg",1000,340,false]},"uagb_author_info":{"display_name":"Mireia Zaragoza","author_link":"https:\/\/www.ametllerorigenwp.com\/es\/author\/mzaragoza\/"},"uagb_comment_info":0,"uagb_excerpt":"Ayer m\u00e1s de 900 personas vivimos juntas una de las noches m\u00e1s m\u00e1gicas y solidarias del a\u00f1o, el IV Sopar solidari de Nadal d\u2019Ametller Origen, celebrado en beneficio del Hospital Sant Joan de D\u00e9u Barcelona.\u00a0 Los asistentes disfrutaron de los espect\u00e1culos llenos de m\u00fasica y baile, como la actuaci\u00f3n de Ramon Mirabet. Bibiana Ballb\u00e8 y&hellip;","coauthors":[],"tax_additional":{"categories":{"linked":["<a href=\"https:\/\/www.ametllerorigenwp.com\/es\/category\/noticias\/\" class=\"advgb-post-tax-term\">Noticias<\/a>"],"unlinked":["<span class=\"advgb-post-tax-term\">Noticias<\/span>"]}},"comment_count":"0","relative_dates":{"created":"Publicado 5 meses hace","modified":"Actualizado 5 meses hace"},"absolute_dates":{"created":"Publicado el 12 de diciembre de 2025","modified":"Actualizado el 12 de diciembre de 2025"},"absolute_dates_time":{"created":"Publicado el 12 de diciembre de 2025 16:24","modified":"Actualizado el 12 de diciembre de 2025 16:24"},"featured_img_caption":"","series_order":"","show_in_app":true,"fecha_inicio_destacado":null,"hora_inicio_visualizacion":null,"minutos_inicio_visualizacion":null,"fecha_final_destacado":null,"hora_final_visualizacion":null,"minutos_final_visualizacion":null,"posicion_visualizacion":null,"estado_destacado":null,"niveles_destacados":null,"url_del_enlace":null,"banner_destacado":null,"posicion_visualizacion_de_la_noticia":"01","estado_noticia":["Visible"],"fecha_de_inicio_de_visualizacion_del_tutorial":null,"hora_inicio_visualizacion_tutorial":null,"minutos_inicio_visualizacion_tutorial":null,"fecha_de_final_de_visualizacion_del_tutorial":null,"hora_final_visualizacion_tutorial":null,"minutos_final_visualizacion_tutorial":null,"numero_de_veces_visto":null,"numero_de_veces_total":null,"niveles_tutorial":null,"tutorial_recursos_castellano":null,"tutorial_recursos_catalan":null,"dias_disponibles":null,"dias_de_la_semana":null,"dias_del_mes":null,"other_lang_post_id":null,"lang":"es","campanya_descripcion":null,"campanya_fecha_inicio":null,"campanya_fecha_fin":null,"campanya_legales":null,"campanya_imagen":null,"campanya_characteristics":null,"campanya_url":null,"campanya_posicion_visualizacion":null,"campanya_estado":null,"_links":{"self":[{"href":"https:\/\/www.ametllerorigenwp.com\/es\/wp-json\/wp\/v2\/posts\/13918","targetHints":{"allow":["GET"]}}],"collection":[{"href":"https:\/\/www.ametllerorigenwp.com\/es\/wp-json\/wp\/v2\/posts"}],"about":[{"href":"https:\/\/www.ametllerorigenwp.com\/es\/wp-json\/wp\/v2\/types\/post"}],"author":[{"embeddable":true,"href":"https:\/\/www.ametllerorigenwp.com\/es\/wp-json\/wp\/v2\/users\/5"}],"replies":[{"embeddable":true,"href":"https:\/\/www.ametllerorigenwp.com\/es\/wp-json\/wp\/v2\/comments?post=13918"}],"version-history":[{"count":1,"href":"https:\/\/www.ametllerorigenwp.com\/es\/wp-json\/wp\/v2\/posts\/13918\/revisions"}],"predecessor-version":[{"id":13919,"href":"https:\/\/www.ametllerorigenwp.com\/es\/wp-json\/wp\/v2\/posts\/13918\/revisions\/13919"}],"wp:featuredmedia":[{"embeddable":true,"href":"https:\/\/www.ametllerorigenwp.com\/es\/wp-json\/wp\/v2\/media\/13915"}],"wp:attachment":[{"href":"https:\/\/www.ametllerorigenwp.com\/es\/wp-json\/wp\/v2\/media?parent=13918"}],"wp:term":[{"taxonomy":"category","embeddable":true,"href":"https:\/\/www.ametllerorigenwp.com\/es\/wp-json\/wp\/v2\/categories?post=13918"},{"taxonomy":"post_tag","embeddable":true,"href":"https:\/\/www.ametllerorigenwp.com\/es\/wp-json\/wp\/v2\/tags?post=13918"}],"curies":[{"name":"wp","href":"https:\/\/api.w.org\/{rel}","templated":true}]}}