{"id":1398,"date":"2021-03-26T07:20:25","date_gmt":"2021-03-26T07:20:25","guid":{"rendered":"https:\/\/www.ametllerorigenwp.com\/?p=1398"},"modified":"2021-03-26T07:20:28","modified_gmt":"2021-03-26T07:20:28","slug":"nos-unimos-a-la-hora-del-planeta","status":"publish","type":"post","link":"https:\/\/www.ametllerorigenwp.com\/es\/nos-unimos-a-la-hora-del-planeta\/","title":{"rendered":"\u00a1Nos unimos a la Hora del Planeta!"},"content":{"rendered":"\n<p>Hoy,<strong> coincidiendo con la Hora del Planeta, todas nuestras tiendas cerrar\u00e1n a las 20.30 h, treinta minutos antes de nuestro horario habitual, para sumarnos a la apagada el\u00e9ctrica mundial.<\/strong><\/p>\n\n\n\n<p>Nuestro objetivo es <strong>llegar a la neutralidad de emisiones en alcance 1, 2, y 3, el a\u00f1o 2027<\/strong>, veintitr\u00e9s a\u00f1os antes del Acuerdo de Par\u00eds. Estamos convencidos de que cada peque\u00f1a acci\u00f3n es un paso para frenar el aumento de la temperatura del planeta y avanzar juntos hacia un mundo m\u00e1s sostenible. Por esto, nos adherimos a la campa\u00f1a internacional con el cierre de todas nuestras tiendas a las 20.30 h, acci\u00f3n con la cual te queremos involucrar.<\/p>\n\n\n\n<p>\u00a1Avanzamos hacia el mundo donde queremos vivir!<\/p>\n","protected":false},"excerpt":{"rendered":"<p>Hoy, coincidiendo con la Hora del Planeta, todas nuestras tiendas cerrar\u00e1n a las 20.30 h, treinta minutos antes de nuestro horario habitual, para sumarnos a la apagada el\u00e9ctrica mundial. Nuestro objetivo es llegar a la neutralidad de emisiones en alcance 1, 2, y 3, el a\u00f1o 2027, veintitr\u00e9s a\u00f1os antes del Acuerdo de Par\u00eds. Estamos &hellip; <a href=\"https:\/\/www.ametllerorigenwp.com\/es\/nos-unimos-a-la-hora-del-planeta\/\" class=\"more-link\">Continuar leyendo<span class=\"screen-reader-text\"> \u00ab\u00a1Nos unimos a la Hora del Planeta!\u00bb<\/span><\/a><\/p>\n","protected":false},"author":5,"featured_media":1395,"comment_status":"open","ping_status":"open","sticky":false,"template":"","format":"standard","meta":{"_uag_custom_page_level_css":"","advgb_blocks_editor_width":"","advgb_blocks_columns_visual_guide":"","footnotes":""},"categories":[1],"tags":[],"class_list":["post-1398","post","type-post","status-publish","format-standard","has-post-thumbnail","hentry","category-noticias"],"author_meta":{"display_name":"Mireia Zaragoza","author_link":"https:\/\/www.ametllerorigenwp.com\/es\/author\/mzaragoza\/"},"featured_img":"https:\/\/www.ametllerorigenwp.com\/wp-content\/uploads\/2021\/03\/Hora-del-planeta-APP-300x102.jpg","uagb_featured_image_src":{"full":["https:\/\/www.ametllerorigenwp.com\/wp-content\/uploads\/2021\/03\/Hora-del-planeta-APP.jpg",1000,340,false],"thumbnail":["https:\/\/www.ametllerorigenwp.com\/wp-content\/uploads\/2021\/03\/Hora-del-planeta-APP-150x150.jpg",150,150,true],"medium":["https:\/\/www.ametllerorigenwp.com\/wp-content\/uploads\/2021\/03\/Hora-del-planeta-APP-300x102.jpg",300,102,true],"medium_large":["https:\/\/www.ametllerorigenwp.com\/wp-content\/uploads\/2021\/03\/Hora-del-planeta-APP-768x261.jpg",768,261,true],"large":["https:\/\/www.ametllerorigenwp.com\/wp-content\/uploads\/2021\/03\/Hora-del-planeta-APP.jpg",840,286,false],"1536x1536":["https:\/\/www.ametllerorigenwp.com\/wp-content\/uploads\/2021\/03\/Hora-del-planeta-APP.jpg",1000,340,false],"2048x2048":["https:\/\/www.ametllerorigenwp.com\/wp-content\/uploads\/2021\/03\/Hora-del-planeta-APP.jpg",1000,340,false],"post-thumbnail":["https:\/\/www.ametllerorigenwp.com\/wp-content\/uploads\/2021\/03\/Hora-del-planeta-APP.jpg",1000,340,false]},"uagb_author_info":{"display_name":"Mireia Zaragoza","author_link":"https:\/\/www.ametllerorigenwp.com\/es\/author\/mzaragoza\/"},"uagb_comment_info":0,"uagb_excerpt":"Hoy, coincidiendo con la Hora del Planeta, todas nuestras tiendas cerrar\u00e1n a las 20.30 h, treinta minutos antes de nuestro horario habitual, para sumarnos a la apagada el\u00e9ctrica mundial. Nuestro objetivo es llegar a la neutralidad de emisiones en alcance 1, 2, y 3, el a\u00f1o 2027, veintitr\u00e9s a\u00f1os antes del Acuerdo de Par\u00eds. Estamos&hellip;","coauthors":[],"tax_additional":{"categories":{"linked":["<a href=\"https:\/\/www.ametllerorigenwp.com\/es\/category\/noticias\/\" class=\"advgb-post-tax-term\">Noticias<\/a>"],"unlinked":["<span class=\"advgb-post-tax-term\">Noticias<\/span>"]}},"comment_count":"0","relative_dates":{"created":"Publicado 5 a\u00f1os hace","modified":"Actualizado 5 a\u00f1os hace"},"absolute_dates":{"created":"Publicado el 26 de marzo de 2021","modified":"Actualizado el 26 de marzo de 2021"},"absolute_dates_time":{"created":"Publicado el 26 de marzo de 2021 07:20","modified":"Actualizado el 26 de marzo de 2021 07:20"},"featured_img_caption":"","series_order":"","show_in_app":true,"fecha_inicio_destacado":null,"hora_inicio_visualizacion":null,"minutos_inicio_visualizacion":null,"fecha_final_destacado":null,"hora_final_visualizacion":null,"minutos_final_visualizacion":null,"posicion_visualizacion":null,"estado_destacado":null,"niveles_destacados":null,"url_del_enlace":null,"banner_destacado":null,"posicion_visualizacion_de_la_noticia":null,"estado_noticia":null,"fecha_de_inicio_de_visualizacion_del_tutorial":null,"hora_inicio_visualizacion_tutorial":null,"minutos_inicio_visualizacion_tutorial":null,"fecha_de_final_de_visualizacion_del_tutorial":null,"hora_final_visualizacion_tutorial":null,"minutos_final_visualizacion_tutorial":null,"numero_de_veces_visto":null,"numero_de_veces_total":null,"niveles_tutorial":null,"tutorial_recursos_castellano":null,"tutorial_recursos_catalan":null,"dias_disponibles":null,"dias_de_la_semana":null,"dias_del_mes":null,"other_lang_post_id":null,"lang":"es","campanya_descripcion":null,"campanya_fecha_inicio":null,"campanya_fecha_fin":null,"campanya_legales":null,"campanya_imagen":null,"campanya_characteristics":null,"campanya_url":null,"campanya_posicion_visualizacion":null,"campanya_estado":null,"_links":{"self":[{"href":"https:\/\/www.ametllerorigenwp.com\/es\/wp-json\/wp\/v2\/posts\/1398","targetHints":{"allow":["GET"]}}],"collection":[{"href":"https:\/\/www.ametllerorigenwp.com\/es\/wp-json\/wp\/v2\/posts"}],"about":[{"href":"https:\/\/www.ametllerorigenwp.com\/es\/wp-json\/wp\/v2\/types\/post"}],"author":[{"embeddable":true,"href":"https:\/\/www.ametllerorigenwp.com\/es\/wp-json\/wp\/v2\/users\/5"}],"replies":[{"embeddable":true,"href":"https:\/\/www.ametllerorigenwp.com\/es\/wp-json\/wp\/v2\/comments?post=1398"}],"version-history":[{"count":1,"href":"https:\/\/www.ametllerorigenwp.com\/es\/wp-json\/wp\/v2\/posts\/1398\/revisions"}],"predecessor-version":[{"id":1399,"href":"https:\/\/www.ametllerorigenwp.com\/es\/wp-json\/wp\/v2\/posts\/1398\/revisions\/1399"}],"wp:featuredmedia":[{"embeddable":true,"href":"https:\/\/www.ametllerorigenwp.com\/es\/wp-json\/wp\/v2\/media\/1395"}],"wp:attachment":[{"href":"https:\/\/www.ametllerorigenwp.com\/es\/wp-json\/wp\/v2\/media?parent=1398"}],"wp:term":[{"taxonomy":"category","embeddable":true,"href":"https:\/\/www.ametllerorigenwp.com\/es\/wp-json\/wp\/v2\/categories?post=1398"},{"taxonomy":"post_tag","embeddable":true,"href":"https:\/\/www.ametllerorigenwp.com\/es\/wp-json\/wp\/v2\/tags?post=1398"}],"curies":[{"name":"wp","href":"https:\/\/api.w.org\/{rel}","templated":true}]}}