{"id":1406,"date":"2021-03-28T13:30:00","date_gmt":"2021-03-28T13:30:00","guid":{"rendered":"https:\/\/www.ametllerorigenwp.com\/?p=1406"},"modified":"2021-03-26T13:31:26","modified_gmt":"2021-03-26T13:31:26","slug":"ideas-para-preparar-tu-propia-mona-de-pascua","status":"publish","type":"post","link":"https:\/\/www.ametllerorigenwp.com\/es\/ideas-para-preparar-tu-propia-mona-de-pascua\/","title":{"rendered":"\u00a1Ideas para preparar tu propia mona de Pascua!"},"content":{"rendered":"\n<p>\u00bfYa tienes la mona preparada? \u00a1Hoy te proponemos <strong>dos ideas originales para preparar la mona de Pascua con los m\u00e1s peque\u00f1os de la casa!<\/strong><\/p>\n\n\n\n<p>Cintet te ense\u00f1a en este <a href=\"https:\/\/www.youtube.com\/watch?v=BcraX4BC374&amp;list=PL_it555ubt2QbF9MXbVY0S66uzueX2Tv1&amp;index=12\">v\u00eddeo<\/a> una primera opci\u00f3n de mona, con <strong>base de pastel, mermelada y frutos rojos<\/strong>. Otra opci\u00f3n es con <strong>guirnalda, nata y frutos rojos<\/strong>. \u00a1Descubre c\u00f3mo la prepara en este <a href=\"https:\/\/www.instagram.com\/tv\/CMxh12XIbb1\/?igshid=12lbiblx3fq54\">v\u00eddeo<\/a>!<\/p>\n\n\n\n<p>Y para decorar la mona, \u00a1hemos preparado estos recortables para los m\u00e1s peque\u00f1os de la casa! <a href=\"090221%20CONVOCATORIA%20PREMSA%20AMETLLER%20ORIGEN%20(1).pdf\">Desc\u00e1rgalos aqu\u00ed<\/a>.<\/p>\n\n\n\n<p>\u00a1Feliz Pascua!<\/p>\n","protected":false},"excerpt":{"rendered":"<p>\u00bfYa tienes la mona preparada? \u00a1Hoy te proponemos dos ideas originales para preparar la mona de Pascua con los m\u00e1s peque\u00f1os de la casa! Cintet te ense\u00f1a en este v\u00eddeo una primera opci\u00f3n de mona, con base de pastel, mermelada y frutos rojos. Otra opci\u00f3n es con guirnalda, nata y frutos rojos. \u00a1Descubre c\u00f3mo la &hellip; <a href=\"https:\/\/www.ametllerorigenwp.com\/es\/ideas-para-preparar-tu-propia-mona-de-pascua\/\" class=\"more-link\">Continuar leyendo<span class=\"screen-reader-text\"> \u00ab\u00a1Ideas para preparar tu propia mona de Pascua!\u00bb<\/span><\/a><\/p>\n","protected":false},"author":5,"featured_media":1403,"comment_status":"open","ping_status":"open","sticky":false,"template":"","format":"standard","meta":{"_uag_custom_page_level_css":"","advgb_blocks_editor_width":"","advgb_blocks_columns_visual_guide":"","footnotes":""},"categories":[1],"tags":[],"class_list":["post-1406","post","type-post","status-publish","format-standard","has-post-thumbnail","hentry","category-noticias"],"author_meta":{"display_name":"Mireia Zaragoza","author_link":"https:\/\/www.ametllerorigenwp.com\/es\/author\/mzaragoza\/"},"featured_img":"https:\/\/www.ametllerorigenwp.com\/wp-content\/uploads\/2021\/03\/mona-garlanda-300x102.jpg","uagb_featured_image_src":{"full":["https:\/\/www.ametllerorigenwp.com\/wp-content\/uploads\/2021\/03\/mona-garlanda.jpg",1000,340,false],"thumbnail":["https:\/\/www.ametllerorigenwp.com\/wp-content\/uploads\/2021\/03\/mona-garlanda-150x150.jpg",150,150,true],"medium":["https:\/\/www.ametllerorigenwp.com\/wp-content\/uploads\/2021\/03\/mona-garlanda-300x102.jpg",300,102,true],"medium_large":["https:\/\/www.ametllerorigenwp.com\/wp-content\/uploads\/2021\/03\/mona-garlanda-768x261.jpg",768,261,true],"large":["https:\/\/www.ametllerorigenwp.com\/wp-content\/uploads\/2021\/03\/mona-garlanda.jpg",840,286,false],"1536x1536":["https:\/\/www.ametllerorigenwp.com\/wp-content\/uploads\/2021\/03\/mona-garlanda.jpg",1000,340,false],"2048x2048":["https:\/\/www.ametllerorigenwp.com\/wp-content\/uploads\/2021\/03\/mona-garlanda.jpg",1000,340,false],"post-thumbnail":["https:\/\/www.ametllerorigenwp.com\/wp-content\/uploads\/2021\/03\/mona-garlanda.jpg",1000,340,false]},"uagb_author_info":{"display_name":"Mireia Zaragoza","author_link":"https:\/\/www.ametllerorigenwp.com\/es\/author\/mzaragoza\/"},"uagb_comment_info":0,"uagb_excerpt":"\u00bfYa tienes la mona preparada? \u00a1Hoy te proponemos dos ideas originales para preparar la mona de Pascua con los m\u00e1s peque\u00f1os de la casa! Cintet te ense\u00f1a en este v\u00eddeo una primera opci\u00f3n de mona, con base de pastel, mermelada y frutos rojos. Otra opci\u00f3n es con guirnalda, nata y frutos rojos. \u00a1Descubre c\u00f3mo la&hellip;","coauthors":[],"tax_additional":{"categories":{"linked":["<a href=\"https:\/\/www.ametllerorigenwp.com\/es\/category\/noticias\/\" class=\"advgb-post-tax-term\">Noticias<\/a>"],"unlinked":["<span class=\"advgb-post-tax-term\">Noticias<\/span>"]}},"comment_count":"0","relative_dates":{"created":"Publicado 5 a\u00f1os hace","modified":"Actualizado 5 a\u00f1os hace"},"absolute_dates":{"created":"Publicado el 28 de marzo de 2021","modified":"Actualizado el 26 de marzo de 2021"},"absolute_dates_time":{"created":"Publicado el 28 de marzo de 2021 13:30","modified":"Actualizado el 26 de marzo de 2021 13:31"},"featured_img_caption":"","series_order":"","show_in_app":true,"fecha_inicio_destacado":null,"hora_inicio_visualizacion":null,"minutos_inicio_visualizacion":null,"fecha_final_destacado":null,"hora_final_visualizacion":null,"minutos_final_visualizacion":null,"posicion_visualizacion":null,"estado_destacado":null,"niveles_destacados":null,"url_del_enlace":null,"banner_destacado":null,"posicion_visualizacion_de_la_noticia":null,"estado_noticia":null,"fecha_de_inicio_de_visualizacion_del_tutorial":null,"hora_inicio_visualizacion_tutorial":null,"minutos_inicio_visualizacion_tutorial":null,"fecha_de_final_de_visualizacion_del_tutorial":null,"hora_final_visualizacion_tutorial":null,"minutos_final_visualizacion_tutorial":null,"numero_de_veces_visto":null,"numero_de_veces_total":null,"niveles_tutorial":null,"tutorial_recursos_castellano":null,"tutorial_recursos_catalan":null,"dias_disponibles":null,"dias_de_la_semana":null,"dias_del_mes":null,"other_lang_post_id":null,"lang":"es","campanya_descripcion":null,"campanya_fecha_inicio":null,"campanya_fecha_fin":null,"campanya_legales":null,"campanya_imagen":null,"campanya_characteristics":null,"campanya_url":null,"campanya_posicion_visualizacion":null,"campanya_estado":null,"_links":{"self":[{"href":"https:\/\/www.ametllerorigenwp.com\/es\/wp-json\/wp\/v2\/posts\/1406","targetHints":{"allow":["GET"]}}],"collection":[{"href":"https:\/\/www.ametllerorigenwp.com\/es\/wp-json\/wp\/v2\/posts"}],"about":[{"href":"https:\/\/www.ametllerorigenwp.com\/es\/wp-json\/wp\/v2\/types\/post"}],"author":[{"embeddable":true,"href":"https:\/\/www.ametllerorigenwp.com\/es\/wp-json\/wp\/v2\/users\/5"}],"replies":[{"embeddable":true,"href":"https:\/\/www.ametllerorigenwp.com\/es\/wp-json\/wp\/v2\/comments?post=1406"}],"version-history":[{"count":1,"href":"https:\/\/www.ametllerorigenwp.com\/es\/wp-json\/wp\/v2\/posts\/1406\/revisions"}],"predecessor-version":[{"id":1407,"href":"https:\/\/www.ametllerorigenwp.com\/es\/wp-json\/wp\/v2\/posts\/1406\/revisions\/1407"}],"wp:featuredmedia":[{"embeddable":true,"href":"https:\/\/www.ametllerorigenwp.com\/es\/wp-json\/wp\/v2\/media\/1403"}],"wp:attachment":[{"href":"https:\/\/www.ametllerorigenwp.com\/es\/wp-json\/wp\/v2\/media?parent=1406"}],"wp:term":[{"taxonomy":"category","embeddable":true,"href":"https:\/\/www.ametllerorigenwp.com\/es\/wp-json\/wp\/v2\/categories?post=1406"},{"taxonomy":"post_tag","embeddable":true,"href":"https:\/\/www.ametllerorigenwp.com\/es\/wp-json\/wp\/v2\/tags?post=1406"}],"curies":[{"name":"wp","href":"https:\/\/api.w.org\/{rel}","templated":true}]}}