{"id":1415,"date":"2021-03-29T21:54:56","date_gmt":"2021-03-29T21:54:56","guid":{"rendered":"https:\/\/www.ametllerorigenwp.com\/?p=1415"},"modified":"2021-03-29T21:55:00","modified_gmt":"2021-03-29T21:55:00","slug":"que-te-aporta-el-mango-y-como-puedes-cortarlo","status":"publish","type":"post","link":"https:\/\/www.ametllerorigenwp.com\/es\/que-te-aporta-el-mango-y-como-puedes-cortarlo\/","title":{"rendered":"\u00bfQu\u00e9 te aporta el mango y c\u00f3mo puedes cortarlo?"},"content":{"rendered":"\n<p>De origen tropical, el mango es una de las frutas m\u00e1s dulces que hay. Con <strong>numerosas propiedades<\/strong> para tu salud, a continuaci\u00f3n te explicamos c\u00f3mo puedes incorporar esta fruta a tu dieta.<\/p>\n\n\n\n<p>Se trata de una fruta <strong>rica en fibra<\/strong>, que <strong>ayuda a tu tr\u00e1nsito intestinal<\/strong>, en <strong>minerales, como el magnesio y el potasio, y rica en vitaminas, especialmente C que le dan propiedades antioxidantes<\/strong> que <strong>contribuyen a prevenir el envejecimiento celular<\/strong> junto con los <strong>betacarotenos, que ayudan a proteger la vista<\/strong>.<\/p>\n\n\n\n<p>Esta fruta es ideal para comer sola o en macedonia. Puedes a\u00f1adir unos trocitos dentro del yogur o si te gusta innovar, pru\u00e9balo en una ensalada. \u00a1Cortarlo es muy sencillo! Cintet te ense\u00f1a c\u00f3mo hacerlo en el siguiente <a href=\"https:\/\/www.youtube.com\/watch?v=N87ieU22Okw&amp;list=PL_it555ubt2QbF9MXbVY0S66uzueX2Tv1&amp;index=13\" target=\"_blank\" rel=\"noreferrer noopener\">v\u00eddeo<\/a>.<\/p>\n\n\n\n<p>Recuerda que para <strong>llevar una dieta equilibrada, la Organizaci\u00f3n Mundial de Salud (OMS) recomienda consumir un m\u00ednimo de tres piezas de fruta al d\u00eda<\/strong>.<\/p>\n\n\n\n<p>\u00a1Buen provecho!<\/p>\n","protected":false},"excerpt":{"rendered":"<p>De origen tropical, el mango es una de las frutas m\u00e1s dulces que hay. Con numerosas propiedades para tu salud, a continuaci\u00f3n te explicamos c\u00f3mo puedes incorporar esta fruta a tu dieta. Se trata de una fruta rica en fibra, que ayuda a tu tr\u00e1nsito intestinal, en minerales, como el magnesio y el potasio, y &hellip; <a href=\"https:\/\/www.ametllerorigenwp.com\/es\/que-te-aporta-el-mango-y-como-puedes-cortarlo\/\" class=\"more-link\">Continuar leyendo<span class=\"screen-reader-text\"> \u00ab\u00bfQu\u00e9 te aporta el mango y c\u00f3mo puedes cortarlo?\u00bb<\/span><\/a><\/p>\n","protected":false},"author":5,"featured_media":1413,"comment_status":"open","ping_status":"open","sticky":false,"template":"","format":"standard","meta":{"_uag_custom_page_level_css":"","advgb_blocks_editor_width":"","advgb_blocks_columns_visual_guide":"","footnotes":""},"categories":[1],"tags":[],"class_list":["post-1415","post","type-post","status-publish","format-standard","has-post-thumbnail","hentry","category-noticias"],"author_meta":{"display_name":"Mireia Zaragoza","author_link":"https:\/\/www.ametllerorigenwp.com\/es\/author\/mzaragoza\/"},"featured_img":"https:\/\/www.ametllerorigenwp.com\/wp-content\/uploads\/2021\/03\/image00003-300x102.jpg","uagb_featured_image_src":{"full":["https:\/\/www.ametllerorigenwp.com\/wp-content\/uploads\/2021\/03\/image00003.jpg",1000,340,false],"thumbnail":["https:\/\/www.ametllerorigenwp.com\/wp-content\/uploads\/2021\/03\/image00003-150x150.jpg",150,150,true],"medium":["https:\/\/www.ametllerorigenwp.com\/wp-content\/uploads\/2021\/03\/image00003-300x102.jpg",300,102,true],"medium_large":["https:\/\/www.ametllerorigenwp.com\/wp-content\/uploads\/2021\/03\/image00003-768x261.jpg",768,261,true],"large":["https:\/\/www.ametllerorigenwp.com\/wp-content\/uploads\/2021\/03\/image00003.jpg",840,286,false],"1536x1536":["https:\/\/www.ametllerorigenwp.com\/wp-content\/uploads\/2021\/03\/image00003.jpg",1000,340,false],"2048x2048":["https:\/\/www.ametllerorigenwp.com\/wp-content\/uploads\/2021\/03\/image00003.jpg",1000,340,false],"post-thumbnail":["https:\/\/www.ametllerorigenwp.com\/wp-content\/uploads\/2021\/03\/image00003.jpg",1000,340,false]},"uagb_author_info":{"display_name":"Mireia Zaragoza","author_link":"https:\/\/www.ametllerorigenwp.com\/es\/author\/mzaragoza\/"},"uagb_comment_info":0,"uagb_excerpt":"De origen tropical, el mango es una de las frutas m\u00e1s dulces que hay. Con numerosas propiedades para tu salud, a continuaci\u00f3n te explicamos c\u00f3mo puedes incorporar esta fruta a tu dieta. Se trata de una fruta rica en fibra, que ayuda a tu tr\u00e1nsito intestinal, en minerales, como el magnesio y el potasio, y&hellip;","coauthors":[],"tax_additional":{"categories":{"linked":["<a href=\"https:\/\/www.ametllerorigenwp.com\/es\/category\/noticias\/\" class=\"advgb-post-tax-term\">Noticias<\/a>"],"unlinked":["<span class=\"advgb-post-tax-term\">Noticias<\/span>"]}},"comment_count":"0","relative_dates":{"created":"Publicado 5 a\u00f1os hace","modified":"Actualizado 5 a\u00f1os hace"},"absolute_dates":{"created":"Publicado el 29 de marzo de 2021","modified":"Actualizado el 29 de marzo de 2021"},"absolute_dates_time":{"created":"Publicado el 29 de marzo de 2021 21:54","modified":"Actualizado el 29 de marzo de 2021 21:55"},"featured_img_caption":"","series_order":"","show_in_app":true,"fecha_inicio_destacado":null,"hora_inicio_visualizacion":null,"minutos_inicio_visualizacion":null,"fecha_final_destacado":null,"hora_final_visualizacion":null,"minutos_final_visualizacion":null,"posicion_visualizacion":null,"estado_destacado":null,"niveles_destacados":null,"url_del_enlace":null,"banner_destacado":null,"posicion_visualizacion_de_la_noticia":null,"estado_noticia":null,"fecha_de_inicio_de_visualizacion_del_tutorial":null,"hora_inicio_visualizacion_tutorial":null,"minutos_inicio_visualizacion_tutorial":null,"fecha_de_final_de_visualizacion_del_tutorial":null,"hora_final_visualizacion_tutorial":null,"minutos_final_visualizacion_tutorial":null,"numero_de_veces_visto":null,"numero_de_veces_total":null,"niveles_tutorial":null,"tutorial_recursos_castellano":null,"tutorial_recursos_catalan":null,"dias_disponibles":null,"dias_de_la_semana":null,"dias_del_mes":null,"other_lang_post_id":null,"lang":"es","campanya_descripcion":null,"campanya_fecha_inicio":null,"campanya_fecha_fin":null,"campanya_legales":null,"campanya_imagen":null,"campanya_characteristics":null,"campanya_url":null,"campanya_posicion_visualizacion":null,"campanya_estado":null,"_links":{"self":[{"href":"https:\/\/www.ametllerorigenwp.com\/es\/wp-json\/wp\/v2\/posts\/1415","targetHints":{"allow":["GET"]}}],"collection":[{"href":"https:\/\/www.ametllerorigenwp.com\/es\/wp-json\/wp\/v2\/posts"}],"about":[{"href":"https:\/\/www.ametllerorigenwp.com\/es\/wp-json\/wp\/v2\/types\/post"}],"author":[{"embeddable":true,"href":"https:\/\/www.ametllerorigenwp.com\/es\/wp-json\/wp\/v2\/users\/5"}],"replies":[{"embeddable":true,"href":"https:\/\/www.ametllerorigenwp.com\/es\/wp-json\/wp\/v2\/comments?post=1415"}],"version-history":[{"count":1,"href":"https:\/\/www.ametllerorigenwp.com\/es\/wp-json\/wp\/v2\/posts\/1415\/revisions"}],"predecessor-version":[{"id":1418,"href":"https:\/\/www.ametllerorigenwp.com\/es\/wp-json\/wp\/v2\/posts\/1415\/revisions\/1418"}],"wp:featuredmedia":[{"embeddable":true,"href":"https:\/\/www.ametllerorigenwp.com\/es\/wp-json\/wp\/v2\/media\/1413"}],"wp:attachment":[{"href":"https:\/\/www.ametllerorigenwp.com\/es\/wp-json\/wp\/v2\/media?parent=1415"}],"wp:term":[{"taxonomy":"category","embeddable":true,"href":"https:\/\/www.ametllerorigenwp.com\/es\/wp-json\/wp\/v2\/categories?post=1415"},{"taxonomy":"post_tag","embeddable":true,"href":"https:\/\/www.ametllerorigenwp.com\/es\/wp-json\/wp\/v2\/tags?post=1415"}],"curies":[{"name":"wp","href":"https:\/\/api.w.org\/{rel}","templated":true}]}}