{"id":1556,"date":"2021-04-11T15:49:00","date_gmt":"2021-04-11T15:49:00","guid":{"rendered":"https:\/\/www.ametllerorigenwp.com\/?p=1556"},"modified":"2021-04-11T21:10:49","modified_gmt":"2021-04-11T21:10:49","slug":"gracias-a-todos-hemos-recaudado-mas-de-20-000-e-para-proyectos-solidarios-del-hospital-sant-joan-de-deu","status":"publish","type":"post","link":"https:\/\/www.ametllerorigenwp.com\/es\/gracias-a-todos-hemos-recaudado-mas-de-20-000-e-para-proyectos-solidarios-del-hospital-sant-joan-de-deu\/","title":{"rendered":"Hemos recaudado m\u00e1s de 20.000 \u20ac para el Hospital Sant Joan de D\u00e9u"},"content":{"rendered":"\n<p>Gracias a vuestra solidaridad, <strong>hemos recaudado m\u00e1s de 20.000 \u20ac con la venta de mascarillas solidarias. Un importe que se destinar\u00e1 \u00edntegramente a financiar proyectos solidarios del Hospital Sant Joan de D\u00e9u<\/strong>.<\/p>\n\n\n\n<p>Durante la campa\u00f1a, que ha durado cuatro meses, <strong>se han vendido casi 4.000 mascarillas solidarias para ni\u00f1os y adultos<\/strong>.<\/p>\n\n\n\n<p>\u00a1Gracias a todo por hacerlo posible!<\/p>\n","protected":false},"excerpt":{"rendered":"<p>Gracias a vuestra solidaridad, hemos recaudado m\u00e1s de 20.000 \u20ac con la venta de mascarillas solidarias. Un importe que se destinar\u00e1 \u00edntegramente a financiar proyectos solidarios del Hospital Sant Joan de D\u00e9u. Durante la campa\u00f1a, que ha durado cuatro meses, se han vendido casi 4.000 mascarillas solidarias para ni\u00f1os y adultos. \u00a1Gracias a todo por &hellip; <a href=\"https:\/\/www.ametllerorigenwp.com\/es\/gracias-a-todos-hemos-recaudado-mas-de-20-000-e-para-proyectos-solidarios-del-hospital-sant-joan-de-deu\/\" class=\"more-link\">Continuar leyendo<span class=\"screen-reader-text\"> \u00abHemos recaudado m\u00e1s de 20.000 \u20ac para el Hospital Sant Joan de D\u00e9u\u00bb<\/span><\/a><\/p>\n","protected":false},"author":5,"featured_media":1553,"comment_status":"open","ping_status":"open","sticky":false,"template":"","format":"standard","meta":{"_uag_custom_page_level_css":"","advgb_blocks_editor_width":"","advgb_blocks_columns_visual_guide":"","footnotes":""},"categories":[1],"tags":[],"class_list":["post-1556","post","type-post","status-publish","format-standard","has-post-thumbnail","hentry","category-noticias"],"author_meta":{"display_name":"Mireia Zaragoza","author_link":"https:\/\/www.ametllerorigenwp.com\/es\/author\/mzaragoza\/"},"featured_img":"https:\/\/www.ametllerorigenwp.com\/wp-content\/uploads\/2021\/04\/mascareta-solidaria-300x102.jpg","uagb_featured_image_src":{"full":["https:\/\/www.ametllerorigenwp.com\/wp-content\/uploads\/2021\/04\/mascareta-solidaria.jpg",1000,340,false],"thumbnail":["https:\/\/www.ametllerorigenwp.com\/wp-content\/uploads\/2021\/04\/mascareta-solidaria-150x150.jpg",150,150,true],"medium":["https:\/\/www.ametllerorigenwp.com\/wp-content\/uploads\/2021\/04\/mascareta-solidaria-300x102.jpg",300,102,true],"medium_large":["https:\/\/www.ametllerorigenwp.com\/wp-content\/uploads\/2021\/04\/mascareta-solidaria-768x261.jpg",768,261,true],"large":["https:\/\/www.ametllerorigenwp.com\/wp-content\/uploads\/2021\/04\/mascareta-solidaria.jpg",840,286,false],"1536x1536":["https:\/\/www.ametllerorigenwp.com\/wp-content\/uploads\/2021\/04\/mascareta-solidaria.jpg",1000,340,false],"2048x2048":["https:\/\/www.ametllerorigenwp.com\/wp-content\/uploads\/2021\/04\/mascareta-solidaria.jpg",1000,340,false],"post-thumbnail":["https:\/\/www.ametllerorigenwp.com\/wp-content\/uploads\/2021\/04\/mascareta-solidaria.jpg",1000,340,false]},"uagb_author_info":{"display_name":"Mireia Zaragoza","author_link":"https:\/\/www.ametllerorigenwp.com\/es\/author\/mzaragoza\/"},"uagb_comment_info":0,"uagb_excerpt":"Gracias a vuestra solidaridad, hemos recaudado m\u00e1s de 20.000 \u20ac con la venta de mascarillas solidarias. Un importe que se destinar\u00e1 \u00edntegramente a financiar proyectos solidarios del Hospital Sant Joan de D\u00e9u. Durante la campa\u00f1a, que ha durado cuatro meses, se han vendido casi 4.000 mascarillas solidarias para ni\u00f1os y adultos. \u00a1Gracias a todo por&hellip;","coauthors":[],"tax_additional":{"categories":{"linked":["<a href=\"https:\/\/www.ametllerorigenwp.com\/es\/category\/noticias\/\" class=\"advgb-post-tax-term\">Noticias<\/a>"],"unlinked":["<span class=\"advgb-post-tax-term\">Noticias<\/span>"]}},"comment_count":"0","relative_dates":{"created":"Publicado 5 a\u00f1os hace","modified":"Actualizado 5 a\u00f1os hace"},"absolute_dates":{"created":"Publicado el 11 de abril de 2021","modified":"Actualizado el 11 de abril de 2021"},"absolute_dates_time":{"created":"Publicado el 11 de abril de 2021 15:49","modified":"Actualizado el 11 de abril de 2021 21:10"},"featured_img_caption":"","series_order":"","show_in_app":true,"fecha_inicio_destacado":null,"hora_inicio_visualizacion":null,"minutos_inicio_visualizacion":null,"fecha_final_destacado":null,"hora_final_visualizacion":null,"minutos_final_visualizacion":null,"posicion_visualizacion":null,"estado_destacado":null,"niveles_destacados":null,"url_del_enlace":null,"banner_destacado":null,"posicion_visualizacion_de_la_noticia":null,"estado_noticia":null,"fecha_de_inicio_de_visualizacion_del_tutorial":null,"hora_inicio_visualizacion_tutorial":null,"minutos_inicio_visualizacion_tutorial":null,"fecha_de_final_de_visualizacion_del_tutorial":null,"hora_final_visualizacion_tutorial":null,"minutos_final_visualizacion_tutorial":null,"numero_de_veces_visto":null,"numero_de_veces_total":null,"niveles_tutorial":null,"tutorial_recursos_castellano":null,"tutorial_recursos_catalan":null,"dias_disponibles":null,"dias_de_la_semana":null,"dias_del_mes":null,"other_lang_post_id":null,"lang":"es","campanya_descripcion":null,"campanya_fecha_inicio":null,"campanya_fecha_fin":null,"campanya_legales":null,"campanya_imagen":null,"campanya_characteristics":null,"campanya_url":null,"campanya_posicion_visualizacion":null,"campanya_estado":null,"_links":{"self":[{"href":"https:\/\/www.ametllerorigenwp.com\/es\/wp-json\/wp\/v2\/posts\/1556","targetHints":{"allow":["GET"]}}],"collection":[{"href":"https:\/\/www.ametllerorigenwp.com\/es\/wp-json\/wp\/v2\/posts"}],"about":[{"href":"https:\/\/www.ametllerorigenwp.com\/es\/wp-json\/wp\/v2\/types\/post"}],"author":[{"embeddable":true,"href":"https:\/\/www.ametllerorigenwp.com\/es\/wp-json\/wp\/v2\/users\/5"}],"replies":[{"embeddable":true,"href":"https:\/\/www.ametllerorigenwp.com\/es\/wp-json\/wp\/v2\/comments?post=1556"}],"version-history":[{"count":2,"href":"https:\/\/www.ametllerorigenwp.com\/es\/wp-json\/wp\/v2\/posts\/1556\/revisions"}],"predecessor-version":[{"id":1561,"href":"https:\/\/www.ametllerorigenwp.com\/es\/wp-json\/wp\/v2\/posts\/1556\/revisions\/1561"}],"wp:featuredmedia":[{"embeddable":true,"href":"https:\/\/www.ametllerorigenwp.com\/es\/wp-json\/wp\/v2\/media\/1553"}],"wp:attachment":[{"href":"https:\/\/www.ametllerorigenwp.com\/es\/wp-json\/wp\/v2\/media?parent=1556"}],"wp:term":[{"taxonomy":"category","embeddable":true,"href":"https:\/\/www.ametllerorigenwp.com\/es\/wp-json\/wp\/v2\/categories?post=1556"},{"taxonomy":"post_tag","embeddable":true,"href":"https:\/\/www.ametllerorigenwp.com\/es\/wp-json\/wp\/v2\/tags?post=1556"}],"curies":[{"name":"wp","href":"https:\/\/api.w.org\/{rel}","templated":true}]}}