{"id":1643,"date":"2021-04-18T11:04:00","date_gmt":"2021-04-18T11:04:00","guid":{"rendered":"https:\/\/www.ametllerorigenwp.com\/?p=1643"},"modified":"2021-04-16T16:51:46","modified_gmt":"2021-04-16T16:51:46","slug":"visita-nuestro-huerto-y-cosecha-habas","status":"publish","type":"post","link":"https:\/\/www.ametllerorigenwp.com\/es\/visita-nuestro-huerto-y-cosecha-habas\/","title":{"rendered":"\u00a1Visita nuestro huerto y cosecha habas!"},"content":{"rendered":"\n<p>El <strong>pr\u00f3ximo domingo 25 de abril, de 10:30h. a 12:30h., te invitamos a visitar nuestros campos de habas para que descubras c\u00f3mo se cultiva esta legumbre de temporada.<\/strong><\/p>\n\n\n\n<p>El jefe de finca te ofrecer\u00e1 una <strong>visita guiada por nuestra finca Can Farigola a Vilanova del Vall\u00e8s<\/strong> (Vall\u00e8s Oriental). Podr\u00e1s conocer de primera mano c\u00f3mo se cultivan las habas, sus peculiaridades y sus propiedades. <strong>Para finalizar esta experiencia, \u00a1podr\u00e1s degustar un desayuno de pay\u00e9s, cosechar habas y llev\u00e1rtelas a casa!<\/strong><\/p>\n\n\n\n<p>\u00a1An\u00edmate a visitar nuestros campos de habas! Puedes comprar <strong><a href=\"https:\/\/www.inscribirme.com\/etportemalhortacollirfaves\" target=\"_blank\" rel=\"noreferrer noopener\">aqu\u00ed<\/a><\/strong> tu entrada.<\/p>\n\n\n\n<p>\u00a1Te esperamos!<\/p>\n\n\n\n<p><em>*La visita contar\u00e1 con todas las medidas de seguridad de acuerdo con los protocolos Covid-19. Recuerda que las restricciones de movilidad en el territorio restringen la entrada y salida de la comarca.<\/em><\/p>\n","protected":false},"excerpt":{"rendered":"<p>El pr\u00f3ximo domingo 25 de abril, de 10:30h. a 12:30h., te invitamos a visitar nuestros campos de habas para que descubras c\u00f3mo se cultiva esta legumbre de temporada. El jefe de finca te ofrecer\u00e1 una visita guiada por nuestra finca Can Farigola a Vilanova del Vall\u00e8s (Vall\u00e8s Oriental). Podr\u00e1s conocer de primera mano c\u00f3mo se &hellip; <a href=\"https:\/\/www.ametllerorigenwp.com\/es\/visita-nuestro-huerto-y-cosecha-habas\/\" class=\"more-link\">Continuar leyendo<span class=\"screen-reader-text\"> \u00ab\u00a1Visita nuestro huerto y cosecha habas!\u00bb<\/span><\/a><\/p>\n","protected":false},"author":4,"featured_media":1641,"comment_status":"open","ping_status":"open","sticky":false,"template":"","format":"standard","meta":{"_uag_custom_page_level_css":"","advgb_blocks_editor_width":"","advgb_blocks_columns_visual_guide":"","footnotes":""},"categories":[1],"tags":[],"class_list":["post-1643","post","type-post","status-publish","format-standard","has-post-thumbnail","hentry","category-noticias"],"author_meta":{"display_name":"Pol Alberdola","author_link":"https:\/\/www.ametllerorigenwp.com\/es\/author\/palberola\/"},"featured_img":"https:\/\/www.ametllerorigenwp.com\/wp-content\/uploads\/2021\/04\/faves-2-300x102.jpg","uagb_featured_image_src":{"full":["https:\/\/www.ametllerorigenwp.com\/wp-content\/uploads\/2021\/04\/faves-2.jpg",1000,340,false],"thumbnail":["https:\/\/www.ametllerorigenwp.com\/wp-content\/uploads\/2021\/04\/faves-2-150x150.jpg",150,150,true],"medium":["https:\/\/www.ametllerorigenwp.com\/wp-content\/uploads\/2021\/04\/faves-2-300x102.jpg",300,102,true],"medium_large":["https:\/\/www.ametllerorigenwp.com\/wp-content\/uploads\/2021\/04\/faves-2-768x261.jpg",768,261,true],"large":["https:\/\/www.ametllerorigenwp.com\/wp-content\/uploads\/2021\/04\/faves-2.jpg",840,286,false],"1536x1536":["https:\/\/www.ametllerorigenwp.com\/wp-content\/uploads\/2021\/04\/faves-2.jpg",1000,340,false],"2048x2048":["https:\/\/www.ametllerorigenwp.com\/wp-content\/uploads\/2021\/04\/faves-2.jpg",1000,340,false],"post-thumbnail":["https:\/\/www.ametllerorigenwp.com\/wp-content\/uploads\/2021\/04\/faves-2.jpg",1000,340,false]},"uagb_author_info":{"display_name":"Pol Alberdola","author_link":"https:\/\/www.ametllerorigenwp.com\/es\/author\/palberola\/"},"uagb_comment_info":0,"uagb_excerpt":"El pr\u00f3ximo domingo 25 de abril, de 10:30h. a 12:30h., te invitamos a visitar nuestros campos de habas para que descubras c\u00f3mo se cultiva esta legumbre de temporada. El jefe de finca te ofrecer\u00e1 una visita guiada por nuestra finca Can Farigola a Vilanova del Vall\u00e8s (Vall\u00e8s Oriental). Podr\u00e1s conocer de primera mano c\u00f3mo se&hellip;","coauthors":[],"tax_additional":{"categories":{"linked":["<a href=\"https:\/\/www.ametllerorigenwp.com\/es\/category\/noticias\/\" class=\"advgb-post-tax-term\">Noticias<\/a>"],"unlinked":["<span class=\"advgb-post-tax-term\">Noticias<\/span>"]}},"comment_count":"0","relative_dates":{"created":"Publicado 5 a\u00f1os hace","modified":"Actualizado 5 a\u00f1os hace"},"absolute_dates":{"created":"Publicado el 18 de abril de 2021","modified":"Actualizado el 16 de abril de 2021"},"absolute_dates_time":{"created":"Publicado el 18 de abril de 2021 11:04","modified":"Actualizado el 16 de abril de 2021 16:51"},"featured_img_caption":"","series_order":"","show_in_app":true,"fecha_inicio_destacado":null,"hora_inicio_visualizacion":null,"minutos_inicio_visualizacion":null,"fecha_final_destacado":null,"hora_final_visualizacion":null,"minutos_final_visualizacion":null,"posicion_visualizacion":null,"estado_destacado":null,"niveles_destacados":null,"url_del_enlace":null,"banner_destacado":null,"posicion_visualizacion_de_la_noticia":null,"estado_noticia":null,"fecha_de_inicio_de_visualizacion_del_tutorial":null,"hora_inicio_visualizacion_tutorial":null,"minutos_inicio_visualizacion_tutorial":null,"fecha_de_final_de_visualizacion_del_tutorial":null,"hora_final_visualizacion_tutorial":null,"minutos_final_visualizacion_tutorial":null,"numero_de_veces_visto":null,"numero_de_veces_total":null,"niveles_tutorial":null,"tutorial_recursos_castellano":null,"tutorial_recursos_catalan":null,"dias_disponibles":null,"dias_de_la_semana":null,"dias_del_mes":null,"other_lang_post_id":null,"lang":"es","campanya_descripcion":null,"campanya_fecha_inicio":null,"campanya_fecha_fin":null,"campanya_legales":null,"campanya_imagen":null,"campanya_characteristics":null,"campanya_url":null,"campanya_posicion_visualizacion":null,"campanya_estado":null,"_links":{"self":[{"href":"https:\/\/www.ametllerorigenwp.com\/es\/wp-json\/wp\/v2\/posts\/1643","targetHints":{"allow":["GET"]}}],"collection":[{"href":"https:\/\/www.ametllerorigenwp.com\/es\/wp-json\/wp\/v2\/posts"}],"about":[{"href":"https:\/\/www.ametllerorigenwp.com\/es\/wp-json\/wp\/v2\/types\/post"}],"author":[{"embeddable":true,"href":"https:\/\/www.ametllerorigenwp.com\/es\/wp-json\/wp\/v2\/users\/4"}],"replies":[{"embeddable":true,"href":"https:\/\/www.ametllerorigenwp.com\/es\/wp-json\/wp\/v2\/comments?post=1643"}],"version-history":[{"count":3,"href":"https:\/\/www.ametllerorigenwp.com\/es\/wp-json\/wp\/v2\/posts\/1643\/revisions"}],"predecessor-version":[{"id":1651,"href":"https:\/\/www.ametllerorigenwp.com\/es\/wp-json\/wp\/v2\/posts\/1643\/revisions\/1651"}],"wp:featuredmedia":[{"embeddable":true,"href":"https:\/\/www.ametllerorigenwp.com\/es\/wp-json\/wp\/v2\/media\/1641"}],"wp:attachment":[{"href":"https:\/\/www.ametllerorigenwp.com\/es\/wp-json\/wp\/v2\/media?parent=1643"}],"wp:term":[{"taxonomy":"category","embeddable":true,"href":"https:\/\/www.ametllerorigenwp.com\/es\/wp-json\/wp\/v2\/categories?post=1643"},{"taxonomy":"post_tag","embeddable":true,"href":"https:\/\/www.ametllerorigenwp.com\/es\/wp-json\/wp\/v2\/tags?post=1643"}],"curies":[{"name":"wp","href":"https:\/\/api.w.org\/{rel}","templated":true}]}}