{"id":1681,"date":"2021-04-21T19:12:39","date_gmt":"2021-04-21T19:12:39","guid":{"rendered":"https:\/\/www.ametllerorigenwp.com\/?p=1681"},"modified":"2021-04-21T19:31:59","modified_gmt":"2021-04-21T19:31:59","slug":"fem-cami-talks-el-futuro-del-planeta-a-debate","status":"publish","type":"post","link":"https:\/\/www.ametllerorigenwp.com\/es\/fem-cami-talks-el-futuro-del-planeta-a-debate\/","title":{"rendered":"Fem Cam\u00ed Talks: el futuro del planeta a debate"},"content":{"rendered":"\n<p>El pr\u00f3ximo <strong>27 de abril, a las 18.30 h, en Casa Seat<\/strong> (Paseo de Gracia, 109) celebraremos <strong>la primera sesi\u00f3n de este ciclo de charlas donde abordaremos el impacto del cambio clim\u00e1tico<\/strong> con el jefe de meteorolog\u00eda de Televisi\u00f3n de Catalu\u00f1a, <strong>Tom\u00e0s Molina<\/strong>, la periodista de medio ambiente de Televisi\u00f3n de Catalu\u00f1a, <strong>Cori Calero<\/strong>, el co-fundador de Ametller Origen<strong>, Jordi Ametller<\/strong> y el director general de Familia Torres, <strong>Miquel Torres<\/strong>. El acto estar\u00e1 conducido por el periodista de RAC1, <strong>Xavier Bund\u00f3<\/strong>.<\/p>\n\n\n\n<p>Asimismo, durante la sesi\u00f3n, tambi\u00e9n <strong>presentaremos el primer n\u00famero de la revista Fem Cam\u00ed y las cantantes Alicia Rey y La Pau interpretar\u00e1n el himno del movimiento #FemCam\u00ed<\/strong>.<\/p>\n\n\n\n<p>Si quieres asistir reserva tu entrada <a href=\"https:\/\/www.casa.seat\/es\/agenda\/el-impacto-del-cambio-climatico-fem-cami-talks.html\" target=\"_blank\" rel=\"noreferrer noopener\">aqu\u00ed<\/a> o sigue el acto en streaming.<\/p>\n\n\n\n<p><strong>Fem Cam\u00ed Talks<\/strong> es un ciclo de charlas que se enmarca dentro del movimiento #FemCam\u00ed y en el cual trataremos temas de actualidad, relacionados con la sostenibilidad y la alimentaci\u00f3n saludable, con el objetivo de sacudir conciencias y crear debate.<\/p>\n\n\n\n<p>\u00a1Fem Cam\u00ed hacia el mundo donde quieres vivir!<\/p>\n","protected":false},"excerpt":{"rendered":"<p>El pr\u00f3ximo 27 de abril, a las 18.30 h, en Casa Seat (Paseo de Gracia, 109) celebraremos la primera sesi\u00f3n de este ciclo de charlas donde abordaremos el impacto del cambio clim\u00e1tico con el jefe de meteorolog\u00eda de Televisi\u00f3n de Catalu\u00f1a, Tom\u00e0s Molina, la periodista de medio ambiente de Televisi\u00f3n de Catalu\u00f1a, Cori Calero, el &hellip; <a href=\"https:\/\/www.ametllerorigenwp.com\/es\/fem-cami-talks-el-futuro-del-planeta-a-debate\/\" class=\"more-link\">Continuar leyendo<span class=\"screen-reader-text\"> \u00abFem Cam\u00ed Talks: el futuro del planeta a debate\u00bb<\/span><\/a><\/p>\n","protected":false},"author":5,"featured_media":1679,"comment_status":"open","ping_status":"open","sticky":false,"template":"","format":"standard","meta":{"_uag_custom_page_level_css":"","advgb_blocks_editor_width":"","advgb_blocks_columns_visual_guide":"","footnotes":""},"categories":[1],"tags":[],"class_list":["post-1681","post","type-post","status-publish","format-standard","has-post-thumbnail","hentry","category-noticias"],"author_meta":{"display_name":"Mireia Zaragoza","author_link":"https:\/\/www.ametllerorigenwp.com\/es\/author\/mzaragoza\/"},"featured_img":"https:\/\/www.ametllerorigenwp.com\/wp-content\/uploads\/2021\/04\/app-talks-1-300x111.jpg","uagb_featured_image_src":{"full":["https:\/\/www.ametllerorigenwp.com\/wp-content\/uploads\/2021\/04\/app-talks-1.jpg",1000,370,false],"thumbnail":["https:\/\/www.ametllerorigenwp.com\/wp-content\/uploads\/2021\/04\/app-talks-1-150x150.jpg",150,150,true],"medium":["https:\/\/www.ametllerorigenwp.com\/wp-content\/uploads\/2021\/04\/app-talks-1-300x111.jpg",300,111,true],"medium_large":["https:\/\/www.ametllerorigenwp.com\/wp-content\/uploads\/2021\/04\/app-talks-1-768x284.jpg",768,284,true],"large":["https:\/\/www.ametllerorigenwp.com\/wp-content\/uploads\/2021\/04\/app-talks-1.jpg",840,311,false],"1536x1536":["https:\/\/www.ametllerorigenwp.com\/wp-content\/uploads\/2021\/04\/app-talks-1.jpg",1000,370,false],"2048x2048":["https:\/\/www.ametllerorigenwp.com\/wp-content\/uploads\/2021\/04\/app-talks-1.jpg",1000,370,false],"post-thumbnail":["https:\/\/www.ametllerorigenwp.com\/wp-content\/uploads\/2021\/04\/app-talks-1.jpg",1000,370,false]},"uagb_author_info":{"display_name":"Mireia Zaragoza","author_link":"https:\/\/www.ametllerorigenwp.com\/es\/author\/mzaragoza\/"},"uagb_comment_info":0,"uagb_excerpt":"El pr\u00f3ximo 27 de abril, a las 18.30 h, en Casa Seat (Paseo de Gracia, 109) celebraremos la primera sesi\u00f3n de este ciclo de charlas donde abordaremos el impacto del cambio clim\u00e1tico con el jefe de meteorolog\u00eda de Televisi\u00f3n de Catalu\u00f1a, Tom\u00e0s Molina, la periodista de medio ambiente de Televisi\u00f3n de Catalu\u00f1a, Cori Calero, el&hellip;","coauthors":[],"tax_additional":{"categories":{"linked":["<a href=\"https:\/\/www.ametllerorigenwp.com\/es\/category\/noticias\/\" class=\"advgb-post-tax-term\">Noticias<\/a>"],"unlinked":["<span class=\"advgb-post-tax-term\">Noticias<\/span>"]}},"comment_count":"0","relative_dates":{"created":"Publicado 5 a\u00f1os hace","modified":"Actualizado 5 a\u00f1os hace"},"absolute_dates":{"created":"Publicado el 21 de abril de 2021","modified":"Actualizado el 21 de abril de 2021"},"absolute_dates_time":{"created":"Publicado el 21 de abril de 2021 19:12","modified":"Actualizado el 21 de abril de 2021 19:31"},"featured_img_caption":"","series_order":"","show_in_app":true,"fecha_inicio_destacado":null,"hora_inicio_visualizacion":null,"minutos_inicio_visualizacion":null,"fecha_final_destacado":null,"hora_final_visualizacion":null,"minutos_final_visualizacion":null,"posicion_visualizacion":null,"estado_destacado":null,"niveles_destacados":null,"url_del_enlace":null,"banner_destacado":null,"posicion_visualizacion_de_la_noticia":null,"estado_noticia":null,"fecha_de_inicio_de_visualizacion_del_tutorial":null,"hora_inicio_visualizacion_tutorial":null,"minutos_inicio_visualizacion_tutorial":null,"fecha_de_final_de_visualizacion_del_tutorial":null,"hora_final_visualizacion_tutorial":null,"minutos_final_visualizacion_tutorial":null,"numero_de_veces_visto":null,"numero_de_veces_total":null,"niveles_tutorial":null,"tutorial_recursos_castellano":null,"tutorial_recursos_catalan":null,"dias_disponibles":null,"dias_de_la_semana":null,"dias_del_mes":null,"other_lang_post_id":null,"lang":"es","campanya_descripcion":null,"campanya_fecha_inicio":null,"campanya_fecha_fin":null,"campanya_legales":null,"campanya_imagen":null,"campanya_characteristics":null,"campanya_url":null,"campanya_posicion_visualizacion":null,"campanya_estado":null,"_links":{"self":[{"href":"https:\/\/www.ametllerorigenwp.com\/es\/wp-json\/wp\/v2\/posts\/1681","targetHints":{"allow":["GET"]}}],"collection":[{"href":"https:\/\/www.ametllerorigenwp.com\/es\/wp-json\/wp\/v2\/posts"}],"about":[{"href":"https:\/\/www.ametllerorigenwp.com\/es\/wp-json\/wp\/v2\/types\/post"}],"author":[{"embeddable":true,"href":"https:\/\/www.ametllerorigenwp.com\/es\/wp-json\/wp\/v2\/users\/5"}],"replies":[{"embeddable":true,"href":"https:\/\/www.ametllerorigenwp.com\/es\/wp-json\/wp\/v2\/comments?post=1681"}],"version-history":[{"count":2,"href":"https:\/\/www.ametllerorigenwp.com\/es\/wp-json\/wp\/v2\/posts\/1681\/revisions"}],"predecessor-version":[{"id":1683,"href":"https:\/\/www.ametllerorigenwp.com\/es\/wp-json\/wp\/v2\/posts\/1681\/revisions\/1683"}],"wp:featuredmedia":[{"embeddable":true,"href":"https:\/\/www.ametllerorigenwp.com\/es\/wp-json\/wp\/v2\/media\/1679"}],"wp:attachment":[{"href":"https:\/\/www.ametllerorigenwp.com\/es\/wp-json\/wp\/v2\/media?parent=1681"}],"wp:term":[{"taxonomy":"category","embeddable":true,"href":"https:\/\/www.ametllerorigenwp.com\/es\/wp-json\/wp\/v2\/categories?post=1681"},{"taxonomy":"post_tag","embeddable":true,"href":"https:\/\/www.ametllerorigenwp.com\/es\/wp-json\/wp\/v2\/tags?post=1681"}],"curies":[{"name":"wp","href":"https:\/\/api.w.org\/{rel}","templated":true}]}}