{"id":1728,"date":"2021-04-26T13:36:31","date_gmt":"2021-04-26T13:36:31","guid":{"rendered":"https:\/\/www.ametllerorigenwp.com\/?p=1728"},"modified":"2021-04-26T16:26:43","modified_gmt":"2021-04-26T16:26:43","slug":"conectate-hoy-a-la-primera-charla-sobre-el-futuro-del-planeta","status":"publish","type":"post","link":"https:\/\/www.ametllerorigenwp.com\/es\/conectate-hoy-a-la-primera-charla-sobre-el-futuro-del-planeta\/","title":{"rendered":"\u00a1Con\u00e9ctate hoy a la primera charla sobre el futuro del planeta!"},"content":{"rendered":"\n<p><strong>Esta tarde, a las 18:30h, iniciamos el ciclo FemCam\u00ed Talks donde abordaremos las consecuencias del cambio clim\u00e1tico y el futuro del planeta<\/strong> de la mano del jefe de meteorolog\u00eda de Televisi\u00f3 de Catalunya, <strong>Tom\u00e0s Molina<\/strong>, la periodista de medioambiente de Televisi\u00f3 de Catalunya, <strong>Cori Calero<\/strong>, el cofundador de Ametller Origen, <strong>Jordi Ametller<\/strong>, y el director general de Familia Torres, <strong>Miquel Torres<\/strong>. El debate estar\u00e1 moderado por el periodista de RAC1, <strong>Xavier Bund\u00f3<\/strong>.<\/p>\n\n\n\n<p>Durante la sesi\u00f3n, <strong>se presentar\u00e1 el primer n\u00famero de la revista Fem Cam\u00ed<\/strong> y las cantantes <strong>Alicia Rey y La Pau interpretaran el himno del movimiento #FemCam\u00ed.<\/strong><\/p>\n\n\n\n<p>\u00a1Recuerda que puedes seguir en directo el evento <strong><a href=\"https:\/\/events.yumiwi.io\/streaming-el-canvio-climatico-fem-cami-talks\/registration#\/?utm_source=app&amp;utm_medium=appes&amp;utm_campaign=org\" target=\"_blank\" rel=\"noreferrer noopener\">aqu\u00ed<\/a><\/strong>!<\/p>\n","protected":false},"excerpt":{"rendered":"<p>Esta tarde, a las 18:30h, iniciamos el ciclo FemCam\u00ed Talks donde abordaremos las consecuencias del cambio clim\u00e1tico y el futuro del planeta de la mano del jefe de meteorolog\u00eda de Televisi\u00f3 de Catalunya, Tom\u00e0s Molina, la periodista de medioambiente de Televisi\u00f3 de Catalunya, Cori Calero, el cofundador de Ametller Origen, Jordi Ametller, y el director &hellip; <a href=\"https:\/\/www.ametllerorigenwp.com\/es\/conectate-hoy-a-la-primera-charla-sobre-el-futuro-del-planeta\/\" class=\"more-link\">Continuar leyendo<span class=\"screen-reader-text\"> \u00ab\u00a1Con\u00e9ctate hoy a la primera charla sobre el futuro del planeta!\u00bb<\/span><\/a><\/p>\n","protected":false},"author":4,"featured_media":1732,"comment_status":"open","ping_status":"open","sticky":false,"template":"","format":"standard","meta":{"_uag_custom_page_level_css":"","advgb_blocks_editor_width":"","advgb_blocks_columns_visual_guide":"","footnotes":""},"categories":[1],"tags":[],"class_list":["post-1728","post","type-post","status-publish","format-standard","has-post-thumbnail","hentry","category-noticias"],"author_meta":{"display_name":"Pol Alberdola","author_link":"https:\/\/www.ametllerorigenwp.com\/es\/author\/palberola\/"},"featured_img":"https:\/\/www.ametllerorigenwp.com\/wp-content\/uploads\/2021\/04\/Banner_App2-300x102.jpg","uagb_featured_image_src":{"full":["https:\/\/www.ametllerorigenwp.com\/wp-content\/uploads\/2021\/04\/Banner_App2.jpg",1333,453,false],"thumbnail":["https:\/\/www.ametllerorigenwp.com\/wp-content\/uploads\/2021\/04\/Banner_App2-150x150.jpg",150,150,true],"medium":["https:\/\/www.ametllerorigenwp.com\/wp-content\/uploads\/2021\/04\/Banner_App2-300x102.jpg",300,102,true],"medium_large":["https:\/\/www.ametllerorigenwp.com\/wp-content\/uploads\/2021\/04\/Banner_App2-768x261.jpg",768,261,true],"large":["https:\/\/www.ametllerorigenwp.com\/wp-content\/uploads\/2021\/04\/Banner_App2-1024x348.jpg",840,285,true],"1536x1536":["https:\/\/www.ametllerorigenwp.com\/wp-content\/uploads\/2021\/04\/Banner_App2.jpg",1333,453,false],"2048x2048":["https:\/\/www.ametllerorigenwp.com\/wp-content\/uploads\/2021\/04\/Banner_App2.jpg",1333,453,false],"post-thumbnail":["https:\/\/www.ametllerorigenwp.com\/wp-content\/uploads\/2021\/04\/Banner_App2-1200x408.jpg",1200,408,true]},"uagb_author_info":{"display_name":"Pol Alberdola","author_link":"https:\/\/www.ametllerorigenwp.com\/es\/author\/palberola\/"},"uagb_comment_info":0,"uagb_excerpt":"Esta tarde, a las 18:30h, iniciamos el ciclo FemCam\u00ed Talks donde abordaremos las consecuencias del cambio clim\u00e1tico y el futuro del planeta de la mano del jefe de meteorolog\u00eda de Televisi\u00f3 de Catalunya, Tom\u00e0s Molina, la periodista de medioambiente de Televisi\u00f3 de Catalunya, Cori Calero, el cofundador de Ametller Origen, Jordi Ametller, y el director&hellip;","coauthors":[],"tax_additional":{"categories":{"linked":["<a href=\"https:\/\/www.ametllerorigenwp.com\/es\/category\/noticias\/\" class=\"advgb-post-tax-term\">Noticias<\/a>"],"unlinked":["<span class=\"advgb-post-tax-term\">Noticias<\/span>"]}},"comment_count":"0","relative_dates":{"created":"Publicado 5 a\u00f1os hace","modified":"Actualizado 5 a\u00f1os hace"},"absolute_dates":{"created":"Publicado el 26 de abril de 2021","modified":"Actualizado el 26 de abril de 2021"},"absolute_dates_time":{"created":"Publicado el 26 de abril de 2021 13:36","modified":"Actualizado el 26 de abril de 2021 16:26"},"featured_img_caption":"","series_order":"","show_in_app":true,"fecha_inicio_destacado":null,"hora_inicio_visualizacion":null,"minutos_inicio_visualizacion":null,"fecha_final_destacado":null,"hora_final_visualizacion":null,"minutos_final_visualizacion":null,"posicion_visualizacion":null,"estado_destacado":null,"niveles_destacados":null,"url_del_enlace":null,"banner_destacado":null,"posicion_visualizacion_de_la_noticia":null,"estado_noticia":null,"fecha_de_inicio_de_visualizacion_del_tutorial":null,"hora_inicio_visualizacion_tutorial":null,"minutos_inicio_visualizacion_tutorial":null,"fecha_de_final_de_visualizacion_del_tutorial":null,"hora_final_visualizacion_tutorial":null,"minutos_final_visualizacion_tutorial":null,"numero_de_veces_visto":null,"numero_de_veces_total":null,"niveles_tutorial":null,"tutorial_recursos_castellano":null,"tutorial_recursos_catalan":null,"dias_disponibles":null,"dias_de_la_semana":null,"dias_del_mes":null,"other_lang_post_id":null,"lang":"es","campanya_descripcion":null,"campanya_fecha_inicio":null,"campanya_fecha_fin":null,"campanya_legales":null,"campanya_imagen":null,"campanya_characteristics":null,"campanya_url":null,"campanya_posicion_visualizacion":null,"campanya_estado":null,"_links":{"self":[{"href":"https:\/\/www.ametllerorigenwp.com\/es\/wp-json\/wp\/v2\/posts\/1728","targetHints":{"allow":["GET"]}}],"collection":[{"href":"https:\/\/www.ametllerorigenwp.com\/es\/wp-json\/wp\/v2\/posts"}],"about":[{"href":"https:\/\/www.ametllerorigenwp.com\/es\/wp-json\/wp\/v2\/types\/post"}],"author":[{"embeddable":true,"href":"https:\/\/www.ametllerorigenwp.com\/es\/wp-json\/wp\/v2\/users\/4"}],"replies":[{"embeddable":true,"href":"https:\/\/www.ametllerorigenwp.com\/es\/wp-json\/wp\/v2\/comments?post=1728"}],"version-history":[{"count":3,"href":"https:\/\/www.ametllerorigenwp.com\/es\/wp-json\/wp\/v2\/posts\/1728\/revisions"}],"predecessor-version":[{"id":1736,"href":"https:\/\/www.ametllerorigenwp.com\/es\/wp-json\/wp\/v2\/posts\/1728\/revisions\/1736"}],"wp:featuredmedia":[{"embeddable":true,"href":"https:\/\/www.ametllerorigenwp.com\/es\/wp-json\/wp\/v2\/media\/1732"}],"wp:attachment":[{"href":"https:\/\/www.ametllerorigenwp.com\/es\/wp-json\/wp\/v2\/media?parent=1728"}],"wp:term":[{"taxonomy":"category","embeddable":true,"href":"https:\/\/www.ametllerorigenwp.com\/es\/wp-json\/wp\/v2\/categories?post=1728"},{"taxonomy":"post_tag","embeddable":true,"href":"https:\/\/www.ametllerorigenwp.com\/es\/wp-json\/wp\/v2\/tags?post=1728"}],"curies":[{"name":"wp","href":"https:\/\/api.w.org\/{rel}","templated":true}]}}