{"id":1753,"date":"2021-04-28T15:43:56","date_gmt":"2021-04-28T15:43:56","guid":{"rendered":"https:\/\/www.ametllerorigenwp.com\/?p=1753"},"modified":"2021-04-28T15:44:10","modified_gmt":"2021-04-28T15:44:10","slug":"nos-adherimos-a-la-carta-alimentaria-de-la-region-metropolitana","status":"publish","type":"post","link":"https:\/\/www.ametllerorigenwp.com\/es\/nos-adherimos-a-la-carta-alimentaria-de-la-region-metropolitana\/","title":{"rendered":"\u00a1Nos adherimos a la Carta Alimentaria de la Regi\u00f3n Metropolitana!"},"content":{"rendered":"\n<p>Este a\u00f1o, Barcelona es la <strong>Capital Mundial de la Alimentaci\u00f3n Sostenible.<\/strong> Un hito para alertar a todo el mundo que es urgente <strong>desarrollar en las ciudades sistemas de alimentaci\u00f3n sostenible que permitan el acceso a la comida saludable y erradiquen la malnutrici\u00f3n.<\/strong><\/p>\n\n\n\n<p>En el marco de esta efem\u00e9ride, el Ayuntamiento de Barcelona y el \u00c1rea Metropolitana de Barcelona han impulsado la <strong>Carta Alimentaria de la Regi\u00f3n Metropolitana (CARM)<\/strong> a la que nos hemos adherido con el objetivo de avanzar hacia un <strong>sistema alimentario m\u00e1s justo, seguro, saludable y sostenible.<\/strong><\/p>\n\n\n\n<p>Desde <strong>Ametller Origen seguimos avanzando hacia el mundo donde quieres vivir<\/strong> y ya hemos plantado m\u00e1s de 100 semillas que corresponden a acciones de mejora en el \u00e1mbito de la salud y la sostenibilidad. Puedes consultarlas en <a href=\"https:\/\/www.femcami.org\/es\/?utm_source=app&amp;utm_medium=appes&amp;utm_campaign=org%20incloent%20l%27interrogant\" target=\"_blank\" rel=\"noreferrer noopener\">femcami.org<\/a>. \u00a1\u00danete al movimiento!<\/p>\n","protected":false},"excerpt":{"rendered":"<p>Este a\u00f1o, Barcelona es la Capital Mundial de la Alimentaci\u00f3n Sostenible. Un hito para alertar a todo el mundo que es urgente desarrollar en las ciudades sistemas de alimentaci\u00f3n sostenible que permitan el acceso a la comida saludable y erradiquen la malnutrici\u00f3n. En el marco de esta efem\u00e9ride, el Ayuntamiento de Barcelona y el \u00c1rea &hellip; <a href=\"https:\/\/www.ametllerorigenwp.com\/es\/nos-adherimos-a-la-carta-alimentaria-de-la-region-metropolitana\/\" class=\"more-link\">Continuar leyendo<span class=\"screen-reader-text\"> \u00ab\u00a1Nos adherimos a la Carta Alimentaria de la Regi\u00f3n Metropolitana!\u00bb<\/span><\/a><\/p>\n","protected":false},"author":4,"featured_media":1751,"comment_status":"open","ping_status":"open","sticky":false,"template":"","format":"standard","meta":{"_uag_custom_page_level_css":"","advgb_blocks_editor_width":"","advgb_blocks_columns_visual_guide":"","footnotes":""},"categories":[1],"tags":[],"class_list":["post-1753","post","type-post","status-publish","format-standard","has-post-thumbnail","hentry","category-noticias"],"author_meta":{"display_name":"Pol Alberdola","author_link":"https:\/\/www.ametllerorigenwp.com\/es\/author\/palberola\/"},"featured_img":"https:\/\/www.ametllerorigenwp.com\/wp-content\/uploads\/2021\/04\/Compra-zero-waste_app-300x102.jpg","uagb_featured_image_src":{"full":["https:\/\/www.ametllerorigenwp.com\/wp-content\/uploads\/2021\/04\/Compra-zero-waste_app.jpg",1000,340,false],"thumbnail":["https:\/\/www.ametllerorigenwp.com\/wp-content\/uploads\/2021\/04\/Compra-zero-waste_app-150x150.jpg",150,150,true],"medium":["https:\/\/www.ametllerorigenwp.com\/wp-content\/uploads\/2021\/04\/Compra-zero-waste_app-300x102.jpg",300,102,true],"medium_large":["https:\/\/www.ametllerorigenwp.com\/wp-content\/uploads\/2021\/04\/Compra-zero-waste_app-768x261.jpg",768,261,true],"large":["https:\/\/www.ametllerorigenwp.com\/wp-content\/uploads\/2021\/04\/Compra-zero-waste_app.jpg",840,286,false],"1536x1536":["https:\/\/www.ametllerorigenwp.com\/wp-content\/uploads\/2021\/04\/Compra-zero-waste_app.jpg",1000,340,false],"2048x2048":["https:\/\/www.ametllerorigenwp.com\/wp-content\/uploads\/2021\/04\/Compra-zero-waste_app.jpg",1000,340,false],"post-thumbnail":["https:\/\/www.ametllerorigenwp.com\/wp-content\/uploads\/2021\/04\/Compra-zero-waste_app.jpg",1000,340,false]},"uagb_author_info":{"display_name":"Pol Alberdola","author_link":"https:\/\/www.ametllerorigenwp.com\/es\/author\/palberola\/"},"uagb_comment_info":0,"uagb_excerpt":"Este a\u00f1o, Barcelona es la Capital Mundial de la Alimentaci\u00f3n Sostenible. Un hito para alertar a todo el mundo que es urgente desarrollar en las ciudades sistemas de alimentaci\u00f3n sostenible que permitan el acceso a la comida saludable y erradiquen la malnutrici\u00f3n. En el marco de esta efem\u00e9ride, el Ayuntamiento de Barcelona y el \u00c1rea&hellip;","coauthors":[],"tax_additional":{"categories":{"linked":["<a href=\"https:\/\/www.ametllerorigenwp.com\/es\/category\/noticias\/\" class=\"advgb-post-tax-term\">Noticias<\/a>"],"unlinked":["<span class=\"advgb-post-tax-term\">Noticias<\/span>"]}},"comment_count":"0","relative_dates":{"created":"Publicado 5 a\u00f1os hace","modified":"Actualizado 5 a\u00f1os hace"},"absolute_dates":{"created":"Publicado el 28 de abril de 2021","modified":"Actualizado el 28 de abril de 2021"},"absolute_dates_time":{"created":"Publicado el 28 de abril de 2021 15:43","modified":"Actualizado el 28 de abril de 2021 15:44"},"featured_img_caption":"","series_order":"","show_in_app":true,"fecha_inicio_destacado":null,"hora_inicio_visualizacion":null,"minutos_inicio_visualizacion":null,"fecha_final_destacado":null,"hora_final_visualizacion":null,"minutos_final_visualizacion":null,"posicion_visualizacion":null,"estado_destacado":null,"niveles_destacados":null,"url_del_enlace":null,"banner_destacado":null,"posicion_visualizacion_de_la_noticia":null,"estado_noticia":null,"fecha_de_inicio_de_visualizacion_del_tutorial":null,"hora_inicio_visualizacion_tutorial":null,"minutos_inicio_visualizacion_tutorial":null,"fecha_de_final_de_visualizacion_del_tutorial":null,"hora_final_visualizacion_tutorial":null,"minutos_final_visualizacion_tutorial":null,"numero_de_veces_visto":null,"numero_de_veces_total":null,"niveles_tutorial":null,"tutorial_recursos_castellano":null,"tutorial_recursos_catalan":null,"dias_disponibles":null,"dias_de_la_semana":null,"dias_del_mes":null,"other_lang_post_id":null,"lang":"es","campanya_descripcion":null,"campanya_fecha_inicio":null,"campanya_fecha_fin":null,"campanya_legales":null,"campanya_imagen":null,"campanya_characteristics":null,"campanya_url":null,"campanya_posicion_visualizacion":null,"campanya_estado":null,"_links":{"self":[{"href":"https:\/\/www.ametllerorigenwp.com\/es\/wp-json\/wp\/v2\/posts\/1753","targetHints":{"allow":["GET"]}}],"collection":[{"href":"https:\/\/www.ametllerorigenwp.com\/es\/wp-json\/wp\/v2\/posts"}],"about":[{"href":"https:\/\/www.ametllerorigenwp.com\/es\/wp-json\/wp\/v2\/types\/post"}],"author":[{"embeddable":true,"href":"https:\/\/www.ametllerorigenwp.com\/es\/wp-json\/wp\/v2\/users\/4"}],"replies":[{"embeddable":true,"href":"https:\/\/www.ametllerorigenwp.com\/es\/wp-json\/wp\/v2\/comments?post=1753"}],"version-history":[{"count":1,"href":"https:\/\/www.ametllerorigenwp.com\/es\/wp-json\/wp\/v2\/posts\/1753\/revisions"}],"predecessor-version":[{"id":1754,"href":"https:\/\/www.ametllerorigenwp.com\/es\/wp-json\/wp\/v2\/posts\/1753\/revisions\/1754"}],"wp:featuredmedia":[{"embeddable":true,"href":"https:\/\/www.ametllerorigenwp.com\/es\/wp-json\/wp\/v2\/media\/1751"}],"wp:attachment":[{"href":"https:\/\/www.ametllerorigenwp.com\/es\/wp-json\/wp\/v2\/media?parent=1753"}],"wp:term":[{"taxonomy":"category","embeddable":true,"href":"https:\/\/www.ametllerorigenwp.com\/es\/wp-json\/wp\/v2\/categories?post=1753"},{"taxonomy":"post_tag","embeddable":true,"href":"https:\/\/www.ametllerorigenwp.com\/es\/wp-json\/wp\/v2\/tags?post=1753"}],"curies":[{"name":"wp","href":"https:\/\/api.w.org\/{rel}","templated":true}]}}