{"id":1773,"date":"2021-05-02T15:56:00","date_gmt":"2021-05-02T15:56:00","guid":{"rendered":"https:\/\/www.ametllerorigenwp.com\/?p=1773"},"modified":"2021-04-30T15:58:29","modified_gmt":"2021-04-30T15:58:29","slug":"necesitas-ayuda-para-escoger-el-vino-adecuado-dejate-asesorar-por-nuestro-sumiller-2","status":"publish","type":"post","link":"https:\/\/www.ametllerorigenwp.com\/es\/necesitas-ayuda-para-escoger-el-vino-adecuado-dejate-asesorar-por-nuestro-sumiller-2\/","title":{"rendered":"\u00bfNecesitas ayuda para escoger el vino adecuado? \u00a1D\u00e9jate asesorar por nuestro sumiller!"},"content":{"rendered":"\n<p>Si te gusta el vino, pero tienes dudas a la hora de elegir cu\u00e1l es el m\u00e1s adecuado para cada ocasi\u00f3n, d\u00e9jate asesorar por el sumiller de Ametller Origen.<\/p>\n\n\n\n<p><strong>\u00c0lex te atender\u00e1 encantado en tu tienda habitual para recomendarte los mejores vinos<\/strong> seg\u00fan tus gustos. Blancos, rosados, tintos, un abanico de posibilidades infinitas para ti. \u00a1Te queremos <strong>acercar <a href=\"https:\/\/familiaametller.com\/es\/?utm_source=app&amp;utm_medium=appes&amp;utm_campaign=org\" target=\"_blank\" rel=\"noreferrer noopener\">los vinos de Familia Ametller<\/a><\/strong> y otras variedades!<\/p>\n\n\n\n<p>Este es el <strong>calendario del mes de mayo donde podr\u00e1s recibir el asesoramiento de nuestro sumiller:<\/strong><\/p>\n\n\n\n<p>Martes 4\/5: Sant Cugat del Vall\u00e8s (C\/Cerdanya, 2 \u2013 C\/Vic, 28)<\/p>\n\n\n\n<p>Jueves 6\/5: Barcelona (C\/Val\u00e8ncia, 184)<\/p>\n\n\n\n<p>Viernes 7\/5: Barcelona (Pla\u00e7a Joaquim Folguera, 6)<\/p>\n\n\n\n<p>S\u00e1bado 8\/5: Barcelona (C\/Num\u00e0ncia, 47)<\/p>\n\n\n\n<p>Domingo 9\/5: Castelldefels (Carrer Antic Cam\u00ed Ral de Val\u00e8ncia, s\/n)<\/p>\n\n\n\n<p>Martes 11\/5: Barcelona (Passeig Manuel Girona, 51)<\/p>\n\n\n\n<p>Jueves 13\/5: Barcelona (C\/Calvet, 33-37)<\/p>\n\n\n\n<p>Viernes 14\/5: Barcelona (Rambla Poblenou, 124)<\/p>\n\n\n\n<p>S\u00e1bado 15\/5: Barcelona (C\/Num\u00e0ncia, 47)<\/p>\n\n\n\n<p>Domingo 16\/5: Castelldefels (Carrer Antic Cam\u00ed Ral de Val\u00e8ncia, s\/n)<\/p>\n\n\n\n<p>Martes 18\/5: Barcelona (C\/Borrell, 71)<\/p>\n\n\n\n<p>Jueves 20\/5: Sant Cugat del Vall\u00e8s (C\/Cerdanya, 2 \u2013 C\/Vic, 28)<\/p>\n\n\n\n<p>Viernes 21\/5: Castelldefels (Carrer Antic Cam\u00ed Ral de Val\u00e8ncia, s\/n)<\/p>\n\n\n\n<p>S\u00e1bado 22\/5: Barcelona (C\/Num\u00e0ncia, 47)<\/p>\n\n\n\n<p>Martes 25\/5: Barcelona (Rambla Poblenou, 124)<\/p>\n\n\n\n<p>Jueves 27\/5: Barcelona (C\/Calvet, 33-37)<\/p>\n\n\n\n<p>Viernes 28\/5: Barcelona (C\/Num\u00e0ncia, 47)<\/p>\n\n\n\n<p>Cada mes actualizaremos el calendario con nuevas fechas. \u00a1Estate atento!<\/p>\n\n\n\n<p>\u00a1Te esperamos en tu tienda Ametller Origen habitual!<\/p>\n","protected":false},"excerpt":{"rendered":"<p>Si te gusta el vino, pero tienes dudas a la hora de elegir cu\u00e1l es el m\u00e1s adecuado para cada ocasi\u00f3n, d\u00e9jate asesorar por el sumiller de Ametller Origen. \u00c0lex te atender\u00e1 encantado en tu tienda habitual para recomendarte los mejores vinos seg\u00fan tus gustos. Blancos, rosados, tintos, un abanico de posibilidades infinitas para ti. &hellip; <a href=\"https:\/\/www.ametllerorigenwp.com\/es\/necesitas-ayuda-para-escoger-el-vino-adecuado-dejate-asesorar-por-nuestro-sumiller-2\/\" class=\"more-link\">Continuar leyendo<span class=\"screen-reader-text\"> \u00ab\u00bfNecesitas ayuda para escoger el vino adecuado? \u00a1D\u00e9jate asesorar por nuestro sumiller!\u00bb<\/span><\/a><\/p>\n","protected":false},"author":4,"featured_media":1461,"comment_status":"open","ping_status":"open","sticky":false,"template":"","format":"standard","meta":{"_uag_custom_page_level_css":"","advgb_blocks_editor_width":"","advgb_blocks_columns_visual_guide":"","footnotes":""},"categories":[1],"tags":[],"class_list":["post-1773","post","type-post","status-publish","format-standard","has-post-thumbnail","hentry","category-noticias"],"author_meta":{"display_name":"Pol Alberdola","author_link":"https:\/\/www.ametllerorigenwp.com\/es\/author\/palberola\/"},"featured_img":"https:\/\/www.ametllerorigenwp.com\/wp-content\/uploads\/2021\/04\/AlexAzor-300x102.jpg","uagb_featured_image_src":{"full":["https:\/\/www.ametllerorigenwp.com\/wp-content\/uploads\/2021\/04\/AlexAzor.jpg",1000,340,false],"thumbnail":["https:\/\/www.ametllerorigenwp.com\/wp-content\/uploads\/2021\/04\/AlexAzor-150x150.jpg",150,150,true],"medium":["https:\/\/www.ametllerorigenwp.com\/wp-content\/uploads\/2021\/04\/AlexAzor-300x102.jpg",300,102,true],"medium_large":["https:\/\/www.ametllerorigenwp.com\/wp-content\/uploads\/2021\/04\/AlexAzor-768x261.jpg",768,261,true],"large":["https:\/\/www.ametllerorigenwp.com\/wp-content\/uploads\/2021\/04\/AlexAzor.jpg",840,286,false],"1536x1536":["https:\/\/www.ametllerorigenwp.com\/wp-content\/uploads\/2021\/04\/AlexAzor.jpg",1000,340,false],"2048x2048":["https:\/\/www.ametllerorigenwp.com\/wp-content\/uploads\/2021\/04\/AlexAzor.jpg",1000,340,false],"post-thumbnail":["https:\/\/www.ametllerorigenwp.com\/wp-content\/uploads\/2021\/04\/AlexAzor.jpg",1000,340,false]},"uagb_author_info":{"display_name":"Pol Alberdola","author_link":"https:\/\/www.ametllerorigenwp.com\/es\/author\/palberola\/"},"uagb_comment_info":0,"uagb_excerpt":"Si te gusta el vino, pero tienes dudas a la hora de elegir cu\u00e1l es el m\u00e1s adecuado para cada ocasi\u00f3n, d\u00e9jate asesorar por el sumiller de Ametller Origen. \u00c0lex te atender\u00e1 encantado en tu tienda habitual para recomendarte los mejores vinos seg\u00fan tus gustos. Blancos, rosados, tintos, un abanico de posibilidades infinitas para ti.&hellip;","coauthors":[],"tax_additional":{"categories":{"linked":["<a href=\"https:\/\/www.ametllerorigenwp.com\/es\/category\/noticias\/\" class=\"advgb-post-tax-term\">Noticias<\/a>"],"unlinked":["<span class=\"advgb-post-tax-term\">Noticias<\/span>"]}},"comment_count":"0","relative_dates":{"created":"Publicado 5 a\u00f1os hace","modified":"Actualizado 5 a\u00f1os hace"},"absolute_dates":{"created":"Publicado el 2 de mayo de 2021","modified":"Actualizado el 30 de abril de 2021"},"absolute_dates_time":{"created":"Publicado el 2 de mayo de 2021 15:56","modified":"Actualizado el 30 de abril de 2021 15:58"},"featured_img_caption":"","series_order":"","show_in_app":true,"fecha_inicio_destacado":null,"hora_inicio_visualizacion":null,"minutos_inicio_visualizacion":null,"fecha_final_destacado":null,"hora_final_visualizacion":null,"minutos_final_visualizacion":null,"posicion_visualizacion":null,"estado_destacado":null,"niveles_destacados":null,"url_del_enlace":null,"banner_destacado":null,"posicion_visualizacion_de_la_noticia":null,"estado_noticia":null,"fecha_de_inicio_de_visualizacion_del_tutorial":null,"hora_inicio_visualizacion_tutorial":null,"minutos_inicio_visualizacion_tutorial":null,"fecha_de_final_de_visualizacion_del_tutorial":null,"hora_final_visualizacion_tutorial":null,"minutos_final_visualizacion_tutorial":null,"numero_de_veces_visto":null,"numero_de_veces_total":null,"niveles_tutorial":null,"tutorial_recursos_castellano":null,"tutorial_recursos_catalan":null,"dias_disponibles":null,"dias_de_la_semana":null,"dias_del_mes":null,"other_lang_post_id":null,"lang":"es","campanya_descripcion":null,"campanya_fecha_inicio":null,"campanya_fecha_fin":null,"campanya_legales":null,"campanya_imagen":null,"campanya_characteristics":null,"campanya_url":null,"campanya_posicion_visualizacion":null,"campanya_estado":null,"_links":{"self":[{"href":"https:\/\/www.ametllerorigenwp.com\/es\/wp-json\/wp\/v2\/posts\/1773","targetHints":{"allow":["GET"]}}],"collection":[{"href":"https:\/\/www.ametllerorigenwp.com\/es\/wp-json\/wp\/v2\/posts"}],"about":[{"href":"https:\/\/www.ametllerorigenwp.com\/es\/wp-json\/wp\/v2\/types\/post"}],"author":[{"embeddable":true,"href":"https:\/\/www.ametllerorigenwp.com\/es\/wp-json\/wp\/v2\/users\/4"}],"replies":[{"embeddable":true,"href":"https:\/\/www.ametllerorigenwp.com\/es\/wp-json\/wp\/v2\/comments?post=1773"}],"version-history":[{"count":1,"href":"https:\/\/www.ametllerorigenwp.com\/es\/wp-json\/wp\/v2\/posts\/1773\/revisions"}],"predecessor-version":[{"id":1774,"href":"https:\/\/www.ametllerorigenwp.com\/es\/wp-json\/wp\/v2\/posts\/1773\/revisions\/1774"}],"wp:featuredmedia":[{"embeddable":true,"href":"https:\/\/www.ametllerorigenwp.com\/es\/wp-json\/wp\/v2\/media\/1461"}],"wp:attachment":[{"href":"https:\/\/www.ametllerorigenwp.com\/es\/wp-json\/wp\/v2\/media?parent=1773"}],"wp:term":[{"taxonomy":"category","embeddable":true,"href":"https:\/\/www.ametllerorigenwp.com\/es\/wp-json\/wp\/v2\/categories?post=1773"},{"taxonomy":"post_tag","embeddable":true,"href":"https:\/\/www.ametllerorigenwp.com\/es\/wp-json\/wp\/v2\/tags?post=1773"}],"curies":[{"name":"wp","href":"https:\/\/api.w.org\/{rel}","templated":true}]}}