{"id":1798,"date":"2021-05-03T15:07:22","date_gmt":"2021-05-03T15:07:22","guid":{"rendered":"https:\/\/www.ametllerorigenwp.com\/?p=1798"},"modified":"2021-05-03T21:16:49","modified_gmt":"2021-05-03T21:16:49","slug":"descubre-las-propiedades-de-los-esparragos-y-aprende-a-cocinarlos","status":"publish","type":"post","link":"https:\/\/www.ametllerorigenwp.com\/es\/descubre-las-propiedades-de-los-esparragos-y-aprende-a-cocinarlos\/","title":{"rendered":"\u00a1Descubre las propiedades de los esp\u00e1rragos y aprende a cocinarlos!"},"content":{"rendered":"\n<p>\u00bfSab\u00edas que los esp\u00e1rragos son blancos o verdes en funci\u00f3n de c\u00f3mo se cultiven? Si se cubren de tierra y quedan a oscuras hasta el momento de cosecharlos, ser\u00e1n blancos. En cambio, si se dejan crecer de forma natural, al aire libre y con luz del sol, \u00a1ser\u00e1n verdes!<\/p>\n\n\n\n<p>Ahora que ya lo sabes, te contamos cu\u00e1les son sus principales propiedades. Esta hortaliza es una <strong>gran fuente de vitamina C y E, con propiedades antioxidantes muy importantes<\/strong>. Adem\u00e1s, los esp\u00e1rragos <strong>tienen un alto contenido en agua, por lo que son muy diur\u00e9ticos.<\/strong> Tambi\u00e9n destaca <strong>su elevado contenido en fibra, que ayuda a tu microbiota intestinal.<\/strong><\/p>\n\n\n\n<p>Respecto a su sabor, <strong>los esp\u00e1rragos verdes tienen un toque m\u00e1s salado y amargo<\/strong>, mientras que <strong>los blancos son m\u00e1s dulces y tiernos<\/strong>. Sin duda, una hortaliza muy vers\u00e1til con la que podr\u00e1s preparar muchas recetas.  Por ejemplo, <strong>los esp\u00e1rragos verdes finos son ideales para comer salteados, a la plancha o en tempura y los verdes gruesos al horno o a la brasa<\/strong>. En cambio,<strong> los esp\u00e1rragos blancos son ideales para preparar una crema o servirlos hervidos o a la pancha<\/strong>. Es importante que, antes de consumirlos, quites las dos primeras capas para que no sean amargos.<\/p>\n\n\n\n<p>Finalmente, hay <strong>los esp\u00e1rragos violetas<\/strong>, muy similares a los verdes, pero con<strong> un sabor m\u00e1s dulce<\/strong>.<strong> Ideales para comer crudos, en una ensalada o a la parrilla<\/strong>.<\/p>\n\n\n\n<p>Recuerda que la Organizaci\u00f3n Mundial de la Salud (OMS) <strong>recomienda el consumo de 400 g de fruta y de verdura cada d\u00eda a trav\u00e9s de un m\u00ednimo de tres frutas al d\u00eda y una raci\u00f3n de verduras en la comida y otra en la cena.<\/strong><\/p>\n","protected":false},"excerpt":{"rendered":"<p>\u00bfSab\u00edas que los esp\u00e1rragos son blancos o verdes en funci\u00f3n de c\u00f3mo se cultiven? Si se cubren de tierra y quedan a oscuras hasta el momento de cosecharlos, ser\u00e1n blancos. En cambio, si se dejan crecer de forma natural, al aire libre y con luz del sol, \u00a1ser\u00e1n verdes! Ahora que ya lo sabes, te &hellip; <a href=\"https:\/\/www.ametllerorigenwp.com\/es\/descubre-las-propiedades-de-los-esparragos-y-aprende-a-cocinarlos\/\" class=\"more-link\">Continuar leyendo<span class=\"screen-reader-text\"> \u00ab\u00a1Descubre las propiedades de los esp\u00e1rragos y aprende a cocinarlos!\u00bb<\/span><\/a><\/p>\n","protected":false},"author":4,"featured_media":1795,"comment_status":"open","ping_status":"open","sticky":false,"template":"","format":"standard","meta":{"_uag_custom_page_level_css":"","advgb_blocks_editor_width":"","advgb_blocks_columns_visual_guide":"","footnotes":""},"categories":[1],"tags":[],"class_list":["post-1798","post","type-post","status-publish","format-standard","has-post-thumbnail","hentry","category-noticias"],"author_meta":{"display_name":"Pol Alberdola","author_link":"https:\/\/www.ametllerorigenwp.com\/es\/author\/palberola\/"},"featured_img":"https:\/\/www.ametllerorigenwp.com\/wp-content\/uploads\/2021\/05\/esparrecs-300x102.jpg","uagb_featured_image_src":{"full":["https:\/\/www.ametllerorigenwp.com\/wp-content\/uploads\/2021\/05\/esparrecs.jpg",1000,340,false],"thumbnail":["https:\/\/www.ametllerorigenwp.com\/wp-content\/uploads\/2021\/05\/esparrecs-150x150.jpg",150,150,true],"medium":["https:\/\/www.ametllerorigenwp.com\/wp-content\/uploads\/2021\/05\/esparrecs-300x102.jpg",300,102,true],"medium_large":["https:\/\/www.ametllerorigenwp.com\/wp-content\/uploads\/2021\/05\/esparrecs-768x261.jpg",768,261,true],"large":["https:\/\/www.ametllerorigenwp.com\/wp-content\/uploads\/2021\/05\/esparrecs.jpg",840,286,false],"1536x1536":["https:\/\/www.ametllerorigenwp.com\/wp-content\/uploads\/2021\/05\/esparrecs.jpg",1000,340,false],"2048x2048":["https:\/\/www.ametllerorigenwp.com\/wp-content\/uploads\/2021\/05\/esparrecs.jpg",1000,340,false],"post-thumbnail":["https:\/\/www.ametllerorigenwp.com\/wp-content\/uploads\/2021\/05\/esparrecs.jpg",1000,340,false]},"uagb_author_info":{"display_name":"Pol Alberdola","author_link":"https:\/\/www.ametllerorigenwp.com\/es\/author\/palberola\/"},"uagb_comment_info":0,"uagb_excerpt":"\u00bfSab\u00edas que los esp\u00e1rragos son blancos o verdes en funci\u00f3n de c\u00f3mo se cultiven? Si se cubren de tierra y quedan a oscuras hasta el momento de cosecharlos, ser\u00e1n blancos. En cambio, si se dejan crecer de forma natural, al aire libre y con luz del sol, \u00a1ser\u00e1n verdes! Ahora que ya lo sabes, te&hellip;","coauthors":[],"tax_additional":{"categories":{"linked":["<a href=\"https:\/\/www.ametllerorigenwp.com\/es\/category\/noticias\/\" class=\"advgb-post-tax-term\">Noticias<\/a>"],"unlinked":["<span class=\"advgb-post-tax-term\">Noticias<\/span>"]}},"comment_count":"0","relative_dates":{"created":"Publicado 5 a\u00f1os hace","modified":"Actualizado 5 a\u00f1os hace"},"absolute_dates":{"created":"Publicado el 3 de mayo de 2021","modified":"Actualizado el 3 de mayo de 2021"},"absolute_dates_time":{"created":"Publicado el 3 de mayo de 2021 15:07","modified":"Actualizado el 3 de mayo de 2021 21:16"},"featured_img_caption":"","series_order":"","show_in_app":true,"fecha_inicio_destacado":null,"hora_inicio_visualizacion":null,"minutos_inicio_visualizacion":null,"fecha_final_destacado":null,"hora_final_visualizacion":null,"minutos_final_visualizacion":null,"posicion_visualizacion":null,"estado_destacado":null,"niveles_destacados":null,"url_del_enlace":null,"banner_destacado":null,"posicion_visualizacion_de_la_noticia":null,"estado_noticia":null,"fecha_de_inicio_de_visualizacion_del_tutorial":null,"hora_inicio_visualizacion_tutorial":null,"minutos_inicio_visualizacion_tutorial":null,"fecha_de_final_de_visualizacion_del_tutorial":null,"hora_final_visualizacion_tutorial":null,"minutos_final_visualizacion_tutorial":null,"numero_de_veces_visto":null,"numero_de_veces_total":null,"niveles_tutorial":null,"tutorial_recursos_castellano":null,"tutorial_recursos_catalan":null,"dias_disponibles":null,"dias_de_la_semana":null,"dias_del_mes":null,"other_lang_post_id":null,"lang":"es","campanya_descripcion":null,"campanya_fecha_inicio":null,"campanya_fecha_fin":null,"campanya_legales":null,"campanya_imagen":null,"campanya_characteristics":null,"campanya_url":null,"campanya_posicion_visualizacion":null,"campanya_estado":null,"_links":{"self":[{"href":"https:\/\/www.ametllerorigenwp.com\/es\/wp-json\/wp\/v2\/posts\/1798","targetHints":{"allow":["GET"]}}],"collection":[{"href":"https:\/\/www.ametllerorigenwp.com\/es\/wp-json\/wp\/v2\/posts"}],"about":[{"href":"https:\/\/www.ametllerorigenwp.com\/es\/wp-json\/wp\/v2\/types\/post"}],"author":[{"embeddable":true,"href":"https:\/\/www.ametllerorigenwp.com\/es\/wp-json\/wp\/v2\/users\/4"}],"replies":[{"embeddable":true,"href":"https:\/\/www.ametllerorigenwp.com\/es\/wp-json\/wp\/v2\/comments?post=1798"}],"version-history":[{"count":4,"href":"https:\/\/www.ametllerorigenwp.com\/es\/wp-json\/wp\/v2\/posts\/1798\/revisions"}],"predecessor-version":[{"id":1810,"href":"https:\/\/www.ametllerorigenwp.com\/es\/wp-json\/wp\/v2\/posts\/1798\/revisions\/1810"}],"wp:featuredmedia":[{"embeddable":true,"href":"https:\/\/www.ametllerorigenwp.com\/es\/wp-json\/wp\/v2\/media\/1795"}],"wp:attachment":[{"href":"https:\/\/www.ametllerorigenwp.com\/es\/wp-json\/wp\/v2\/media?parent=1798"}],"wp:term":[{"taxonomy":"category","embeddable":true,"href":"https:\/\/www.ametllerorigenwp.com\/es\/wp-json\/wp\/v2\/categories?post=1798"},{"taxonomy":"post_tag","embeddable":true,"href":"https:\/\/www.ametllerorigenwp.com\/es\/wp-json\/wp\/v2\/tags?post=1798"}],"curies":[{"name":"wp","href":"https:\/\/api.w.org\/{rel}","templated":true}]}}