{"id":1817,"date":"2021-05-04T15:53:56","date_gmt":"2021-05-04T15:53:56","guid":{"rendered":"https:\/\/www.ametllerorigenwp.com\/?p=1817"},"modified":"2021-05-04T16:25:17","modified_gmt":"2021-05-04T16:25:17","slug":"listos-para-la-llegada-de-los-albaricoques","status":"publish","type":"post","link":"https:\/\/www.ametllerorigenwp.com\/es\/listos-para-la-llegada-de-los-albaricoques\/","title":{"rendered":"Albaricoques, en su punto m\u00e1ximo de sabor"},"content":{"rendered":"\n<p>Aunque ya hace d\u00edas que puedes encontrarlos en el mercado, nosotros hemos esperado para recolectarlos en su punto m\u00e1ximo de sabor. A<strong> partir de este viernes tendremos ya nuestros reconocidos albaricoques de cosecha propia en tu tienda habitual y en la <a href=\"https:\/\/www.ametllerorigen.com\/es\/?utm_source=app&amp;utm_medium=appes&amp;utm_campaign=org\" target=\"_blank\" rel=\"noreferrer noopener\">tienda online<\/a>.<\/strong><\/p>\n\n\n\n<p>Esta fruta dulce es ideal para comerla sola, pero tambi\u00e9n puedes a\u00f1adir unos trocitos dentro del yogur o bien preparar una buena macedonia.<\/p>\n\n\n\n<p>\u00bfCu\u00e1les son las propiedades de los albaricoques? Son <strong>ricos en potasio<\/strong>, lo que <strong>contribuye en el buen funcionamiento del sistema nervioso y de los m\u00fasculos, en vitamina C, que protege las c\u00e9lulas contra el envejecimiento, y en betacarotenos, que ayudan a proteger la vista y la piel.<\/strong><\/p>\n\n\n\n<p>\u00a1An\u00edmate a incorporarlos en tu alimentaci\u00f3n! Recuerda que <strong>para llevar una alimentaci\u00f3n equilibrada, la Organizaci\u00f3n Mundial de la Salud (OMS) recomienda consumir un m\u00ednimo de tres piezas de fruta al d\u00eda.<\/strong><\/p>\n","protected":false},"excerpt":{"rendered":"<p>Aunque ya hace d\u00edas que puedes encontrarlos en el mercado, nosotros hemos esperado para recolectarlos en su punto m\u00e1ximo de sabor. A partir de este viernes tendremos ya nuestros reconocidos albaricoques de cosecha propia en tu tienda habitual y en la tienda online. Esta fruta dulce es ideal para comerla sola, pero tambi\u00e9n puedes a\u00f1adir &hellip; <a href=\"https:\/\/www.ametllerorigenwp.com\/es\/listos-para-la-llegada-de-los-albaricoques\/\" class=\"more-link\">Continuar leyendo<span class=\"screen-reader-text\"> \u00abAlbaricoques, en su punto m\u00e1ximo de sabor\u00bb<\/span><\/a><\/p>\n","protected":false},"author":4,"featured_media":1813,"comment_status":"open","ping_status":"open","sticky":false,"template":"","format":"standard","meta":{"_uag_custom_page_level_css":"","advgb_blocks_editor_width":"","advgb_blocks_columns_visual_guide":"","footnotes":""},"categories":[1],"tags":[],"class_list":["post-1817","post","type-post","status-publish","format-standard","has-post-thumbnail","hentry","category-noticias"],"author_meta":{"display_name":"Pol Alberdola","author_link":"https:\/\/www.ametllerorigenwp.com\/es\/author\/palberola\/"},"featured_img":"https:\/\/www.ametllerorigenwp.com\/wp-content\/uploads\/2021\/05\/albercocs_app-300x102.jpg","uagb_featured_image_src":{"full":["https:\/\/www.ametllerorigenwp.com\/wp-content\/uploads\/2021\/05\/albercocs_app.jpg",1000,340,false],"thumbnail":["https:\/\/www.ametllerorigenwp.com\/wp-content\/uploads\/2021\/05\/albercocs_app-150x150.jpg",150,150,true],"medium":["https:\/\/www.ametllerorigenwp.com\/wp-content\/uploads\/2021\/05\/albercocs_app-300x102.jpg",300,102,true],"medium_large":["https:\/\/www.ametllerorigenwp.com\/wp-content\/uploads\/2021\/05\/albercocs_app-768x261.jpg",768,261,true],"large":["https:\/\/www.ametllerorigenwp.com\/wp-content\/uploads\/2021\/05\/albercocs_app.jpg",840,286,false],"1536x1536":["https:\/\/www.ametllerorigenwp.com\/wp-content\/uploads\/2021\/05\/albercocs_app.jpg",1000,340,false],"2048x2048":["https:\/\/www.ametllerorigenwp.com\/wp-content\/uploads\/2021\/05\/albercocs_app.jpg",1000,340,false],"post-thumbnail":["https:\/\/www.ametllerorigenwp.com\/wp-content\/uploads\/2021\/05\/albercocs_app.jpg",1000,340,false]},"uagb_author_info":{"display_name":"Pol Alberdola","author_link":"https:\/\/www.ametllerorigenwp.com\/es\/author\/palberola\/"},"uagb_comment_info":0,"uagb_excerpt":"Aunque ya hace d\u00edas que puedes encontrarlos en el mercado, nosotros hemos esperado para recolectarlos en su punto m\u00e1ximo de sabor. A partir de este viernes tendremos ya nuestros reconocidos albaricoques de cosecha propia en tu tienda habitual y en la tienda online. Esta fruta dulce es ideal para comerla sola, pero tambi\u00e9n puedes a\u00f1adir&hellip;","coauthors":[],"tax_additional":{"categories":{"linked":["<a href=\"https:\/\/www.ametllerorigenwp.com\/es\/category\/noticias\/\" class=\"advgb-post-tax-term\">Noticias<\/a>"],"unlinked":["<span class=\"advgb-post-tax-term\">Noticias<\/span>"]}},"comment_count":"0","relative_dates":{"created":"Publicado 5 a\u00f1os hace","modified":"Actualizado 5 a\u00f1os hace"},"absolute_dates":{"created":"Publicado el 4 de mayo de 2021","modified":"Actualizado el 4 de mayo de 2021"},"absolute_dates_time":{"created":"Publicado el 4 de mayo de 2021 15:53","modified":"Actualizado el 4 de mayo de 2021 16:25"},"featured_img_caption":"","series_order":"","show_in_app":true,"fecha_inicio_destacado":null,"hora_inicio_visualizacion":null,"minutos_inicio_visualizacion":null,"fecha_final_destacado":null,"hora_final_visualizacion":null,"minutos_final_visualizacion":null,"posicion_visualizacion":null,"estado_destacado":null,"niveles_destacados":null,"url_del_enlace":null,"banner_destacado":null,"posicion_visualizacion_de_la_noticia":null,"estado_noticia":null,"fecha_de_inicio_de_visualizacion_del_tutorial":null,"hora_inicio_visualizacion_tutorial":null,"minutos_inicio_visualizacion_tutorial":null,"fecha_de_final_de_visualizacion_del_tutorial":null,"hora_final_visualizacion_tutorial":null,"minutos_final_visualizacion_tutorial":null,"numero_de_veces_visto":null,"numero_de_veces_total":null,"niveles_tutorial":null,"tutorial_recursos_castellano":null,"tutorial_recursos_catalan":null,"dias_disponibles":null,"dias_de_la_semana":null,"dias_del_mes":null,"other_lang_post_id":null,"lang":"es","campanya_descripcion":null,"campanya_fecha_inicio":null,"campanya_fecha_fin":null,"campanya_legales":null,"campanya_imagen":null,"campanya_characteristics":null,"campanya_url":null,"campanya_posicion_visualizacion":null,"campanya_estado":null,"_links":{"self":[{"href":"https:\/\/www.ametllerorigenwp.com\/es\/wp-json\/wp\/v2\/posts\/1817","targetHints":{"allow":["GET"]}}],"collection":[{"href":"https:\/\/www.ametllerorigenwp.com\/es\/wp-json\/wp\/v2\/posts"}],"about":[{"href":"https:\/\/www.ametllerorigenwp.com\/es\/wp-json\/wp\/v2\/types\/post"}],"author":[{"embeddable":true,"href":"https:\/\/www.ametllerorigenwp.com\/es\/wp-json\/wp\/v2\/users\/4"}],"replies":[{"embeddable":true,"href":"https:\/\/www.ametllerorigenwp.com\/es\/wp-json\/wp\/v2\/comments?post=1817"}],"version-history":[{"count":2,"href":"https:\/\/www.ametllerorigenwp.com\/es\/wp-json\/wp\/v2\/posts\/1817\/revisions"}],"predecessor-version":[{"id":1823,"href":"https:\/\/www.ametllerorigenwp.com\/es\/wp-json\/wp\/v2\/posts\/1817\/revisions\/1823"}],"wp:featuredmedia":[{"embeddable":true,"href":"https:\/\/www.ametllerorigenwp.com\/es\/wp-json\/wp\/v2\/media\/1813"}],"wp:attachment":[{"href":"https:\/\/www.ametllerorigenwp.com\/es\/wp-json\/wp\/v2\/media?parent=1817"}],"wp:term":[{"taxonomy":"category","embeddable":true,"href":"https:\/\/www.ametllerorigenwp.com\/es\/wp-json\/wp\/v2\/categories?post=1817"},{"taxonomy":"post_tag","embeddable":true,"href":"https:\/\/www.ametllerorigenwp.com\/es\/wp-json\/wp\/v2\/tags?post=1817"}],"curies":[{"name":"wp","href":"https:\/\/api.w.org\/{rel}","templated":true}]}}