{"id":1916,"date":"2021-05-10T16:15:20","date_gmt":"2021-05-10T16:15:20","guid":{"rendered":"https:\/\/www.ametllerorigenwp.com\/?p=1916"},"modified":"2021-05-10T19:37:02","modified_gmt":"2021-05-10T19:37:02","slug":"disfruta-uno-de-los-tesoros-de-temporada-los-fresones-del-maresme","status":"publish","type":"post","link":"https:\/\/www.ametllerorigenwp.com\/es\/disfruta-uno-de-los-tesoros-de-temporada-los-fresones-del-maresme\/","title":{"rendered":"Disfruta de uno de los tesoros de temporada, \u00a1los fresones del Maresme!"},"content":{"rendered":"\n<p>Ha llegado el momento de disfrutar de una de las frutas de temporada por excelencia: los fresones del Maresme.<\/p>\n\n\n\n<p>Como cada a\u00f1o, <strong>los recogemos en el momento \u00f3ptimo de maduraci\u00f3n para obtener el m\u00e1ximo sabor.<\/strong> Con delicadeza, <strong>los cortamos por el tallo, para no tocar el fres\u00f3n,<\/strong> y en menos de 24 horas llega de nuestros campos a tu mesa para que puedas disfrutar de su dulzura.<\/p>\n\n\n\n<p>Los fresones son una gran fuente de vitamina C y contienen diversos \u00e1cidos org\u00e1nicos con propiedades antioxidantes. Adem\u00e1s, los puedes utilizar para preparar todo tipo de postres: solos, a trocitos dentro del yogur, en una macedonia, con zumo de naranja, en batidos o, si eres goloso, \u00a1acompa\u00f1ados de nata!<\/p>\n\n\n\n<p>Aprovecha que es tiempo de fresones para incorporarlos en tu dieta \u00a1y disfruta de esta deliciosa fruta roja de temporada! Ya los puedes encontrar en tu tienda habitual y en la <a href=\"https:\/\/www.ametllerorigen.com\/es\/freson-maresme-bandeja\/p?utm_source=app&amp;utm_medium=appes&amp;utm_campaign=org\" target=\"_blank\" rel=\"noreferrer noopener\">tienda online<\/a>.<\/p>\n","protected":false},"excerpt":{"rendered":"<p>Ha llegado el momento de disfrutar de una de las frutas de temporada por excelencia: los fresones del Maresme. Como cada a\u00f1o, los recogemos en el momento \u00f3ptimo de maduraci\u00f3n para obtener el m\u00e1ximo sabor. Con delicadeza, los cortamos por el tallo, para no tocar el fres\u00f3n, y en menos de 24 horas llega de &hellip; <a href=\"https:\/\/www.ametllerorigenwp.com\/es\/disfruta-uno-de-los-tesoros-de-temporada-los-fresones-del-maresme\/\" class=\"more-link\">Continuar leyendo<span class=\"screen-reader-text\"> \u00abDisfruta de uno de los tesoros de temporada, \u00a1los fresones del Maresme!\u00bb<\/span><\/a><\/p>\n","protected":false},"author":4,"featured_media":1914,"comment_status":"open","ping_status":"open","sticky":false,"template":"","format":"standard","meta":{"_uag_custom_page_level_css":"","advgb_blocks_editor_width":"","advgb_blocks_columns_visual_guide":"","footnotes":""},"categories":[1],"tags":[],"class_list":["post-1916","post","type-post","status-publish","format-standard","has-post-thumbnail","hentry","category-noticias"],"author_meta":{"display_name":"Pol Alberdola","author_link":"https:\/\/www.ametllerorigenwp.com\/es\/author\/palberola\/"},"featured_img":"https:\/\/www.ametllerorigenwp.com\/wp-content\/uploads\/2021\/05\/maduixeres-300x102.jpg","uagb_featured_image_src":{"full":["https:\/\/www.ametllerorigenwp.com\/wp-content\/uploads\/2021\/05\/maduixeres.jpg",1000,340,false],"thumbnail":["https:\/\/www.ametllerorigenwp.com\/wp-content\/uploads\/2021\/05\/maduixeres-150x150.jpg",150,150,true],"medium":["https:\/\/www.ametllerorigenwp.com\/wp-content\/uploads\/2021\/05\/maduixeres-300x102.jpg",300,102,true],"medium_large":["https:\/\/www.ametllerorigenwp.com\/wp-content\/uploads\/2021\/05\/maduixeres-768x261.jpg",768,261,true],"large":["https:\/\/www.ametllerorigenwp.com\/wp-content\/uploads\/2021\/05\/maduixeres.jpg",840,286,false],"1536x1536":["https:\/\/www.ametllerorigenwp.com\/wp-content\/uploads\/2021\/05\/maduixeres.jpg",1000,340,false],"2048x2048":["https:\/\/www.ametllerorigenwp.com\/wp-content\/uploads\/2021\/05\/maduixeres.jpg",1000,340,false],"post-thumbnail":["https:\/\/www.ametllerorigenwp.com\/wp-content\/uploads\/2021\/05\/maduixeres.jpg",1000,340,false]},"uagb_author_info":{"display_name":"Pol Alberdola","author_link":"https:\/\/www.ametllerorigenwp.com\/es\/author\/palberola\/"},"uagb_comment_info":0,"uagb_excerpt":"Ha llegado el momento de disfrutar de una de las frutas de temporada por excelencia: los fresones del Maresme. Como cada a\u00f1o, los recogemos en el momento \u00f3ptimo de maduraci\u00f3n para obtener el m\u00e1ximo sabor. Con delicadeza, los cortamos por el tallo, para no tocar el fres\u00f3n, y en menos de 24 horas llega de&hellip;","coauthors":[],"tax_additional":{"categories":{"linked":["<a href=\"https:\/\/www.ametllerorigenwp.com\/es\/category\/noticias\/\" class=\"advgb-post-tax-term\">Noticias<\/a>"],"unlinked":["<span class=\"advgb-post-tax-term\">Noticias<\/span>"]}},"comment_count":"0","relative_dates":{"created":"Publicado 5 a\u00f1os hace","modified":"Actualizado 5 a\u00f1os hace"},"absolute_dates":{"created":"Publicado el 10 de mayo de 2021","modified":"Actualizado el 10 de mayo de 2021"},"absolute_dates_time":{"created":"Publicado el 10 de mayo de 2021 16:15","modified":"Actualizado el 10 de mayo de 2021 19:37"},"featured_img_caption":"","series_order":"","show_in_app":true,"fecha_inicio_destacado":null,"hora_inicio_visualizacion":null,"minutos_inicio_visualizacion":null,"fecha_final_destacado":null,"hora_final_visualizacion":null,"minutos_final_visualizacion":null,"posicion_visualizacion":null,"estado_destacado":null,"niveles_destacados":null,"url_del_enlace":null,"banner_destacado":null,"posicion_visualizacion_de_la_noticia":null,"estado_noticia":null,"fecha_de_inicio_de_visualizacion_del_tutorial":null,"hora_inicio_visualizacion_tutorial":null,"minutos_inicio_visualizacion_tutorial":null,"fecha_de_final_de_visualizacion_del_tutorial":null,"hora_final_visualizacion_tutorial":null,"minutos_final_visualizacion_tutorial":null,"numero_de_veces_visto":null,"numero_de_veces_total":null,"niveles_tutorial":null,"tutorial_recursos_castellano":null,"tutorial_recursos_catalan":null,"dias_disponibles":null,"dias_de_la_semana":null,"dias_del_mes":null,"other_lang_post_id":null,"lang":"es","campanya_descripcion":null,"campanya_fecha_inicio":null,"campanya_fecha_fin":null,"campanya_legales":null,"campanya_imagen":null,"campanya_characteristics":null,"campanya_url":null,"campanya_posicion_visualizacion":null,"campanya_estado":null,"_links":{"self":[{"href":"https:\/\/www.ametllerorigenwp.com\/es\/wp-json\/wp\/v2\/posts\/1916","targetHints":{"allow":["GET"]}}],"collection":[{"href":"https:\/\/www.ametllerorigenwp.com\/es\/wp-json\/wp\/v2\/posts"}],"about":[{"href":"https:\/\/www.ametllerorigenwp.com\/es\/wp-json\/wp\/v2\/types\/post"}],"author":[{"embeddable":true,"href":"https:\/\/www.ametllerorigenwp.com\/es\/wp-json\/wp\/v2\/users\/4"}],"replies":[{"embeddable":true,"href":"https:\/\/www.ametllerorigenwp.com\/es\/wp-json\/wp\/v2\/comments?post=1916"}],"version-history":[{"count":6,"href":"https:\/\/www.ametllerorigenwp.com\/es\/wp-json\/wp\/v2\/posts\/1916\/revisions"}],"predecessor-version":[{"id":1927,"href":"https:\/\/www.ametllerorigenwp.com\/es\/wp-json\/wp\/v2\/posts\/1916\/revisions\/1927"}],"wp:featuredmedia":[{"embeddable":true,"href":"https:\/\/www.ametllerorigenwp.com\/es\/wp-json\/wp\/v2\/media\/1914"}],"wp:attachment":[{"href":"https:\/\/www.ametllerorigenwp.com\/es\/wp-json\/wp\/v2\/media?parent=1916"}],"wp:term":[{"taxonomy":"category","embeddable":true,"href":"https:\/\/www.ametllerorigenwp.com\/es\/wp-json\/wp\/v2\/categories?post=1916"},{"taxonomy":"post_tag","embeddable":true,"href":"https:\/\/www.ametllerorigenwp.com\/es\/wp-json\/wp\/v2\/tags?post=1916"}],"curies":[{"name":"wp","href":"https:\/\/api.w.org\/{rel}","templated":true}]}}