{"id":2004,"date":"2021-05-14T16:05:16","date_gmt":"2021-05-14T16:05:16","guid":{"rendered":"https:\/\/www.ametllerorigenwp.com\/?p=2004"},"modified":"2021-05-14T16:12:43","modified_gmt":"2021-05-14T16:12:43","slug":"ya-tenemos-ganador-del-patinete-electrico-seat-mo","status":"publish","type":"post","link":"https:\/\/www.ametllerorigenwp.com\/es\/ya-tenemos-ganador-del-patinete-electrico-seat-mo\/","title":{"rendered":"\u00a1Ya tenemos ganador del patinete el\u00e9ctrico SEAT M\u00d3!"},"content":{"rendered":"\n<p>Hace un par de semanas, en la secci\u00f3n #FemCam\u00ed cap a la via verda del programa Via Lliure de RAC1, Xavi Bund\u00f3 analizaba con Toni Massanes, director de la Fundaci\u00f3 Al\u00edcia, cu\u00e1les ser\u00edan nuestros h\u00e1bitos alimentarios en el a\u00f1o 2050.<\/p>\n\n\n\n<p>Durante la secci\u00f3n, planteamos la siguiente pregunta a los oyentes: \u2018\u00bfQu\u00e9 comeremos en el a\u00f1o 2050 en Europa?\u2019. La respuesta correcta era \u2018M\u00e1s legumbres, verduras y alimentos como las algas\u2019, y entre todos los participantes que acertaron la respuesta, hemos sorteado un patinete.<\/p>\n\n\n\n<p>El ganador del patinete el\u00e9ctrico SEAT M\u00d3 es <strong>ADRI\u00c0 ORTIZ PORRAS<\/strong>, \u00a1enhorabuena!<\/p>\n\n\n\n<p>\u00a1Muchas gracias a todos por vuestra participaci\u00f3n!<\/p>\n","protected":false},"excerpt":{"rendered":"<p>Hace un par de semanas, en la secci\u00f3n #FemCam\u00ed cap a la via verda del programa Via Lliure de RAC1, Xavi Bund\u00f3 analizaba con Toni Massanes, director de la Fundaci\u00f3 Al\u00edcia, cu\u00e1les ser\u00edan nuestros h\u00e1bitos alimentarios en el a\u00f1o 2050. Durante la secci\u00f3n, planteamos la siguiente pregunta a los oyentes: \u2018\u00bfQu\u00e9 comeremos en el a\u00f1o &hellip; <a href=\"https:\/\/www.ametllerorigenwp.com\/es\/ya-tenemos-ganador-del-patinete-electrico-seat-mo\/\" class=\"more-link\">Continuar leyendo<span class=\"screen-reader-text\"> \u00ab\u00a1Ya tenemos ganador del patinete el\u00e9ctrico SEAT M\u00d3!\u00bb<\/span><\/a><\/p>\n","protected":false},"author":4,"featured_media":2002,"comment_status":"open","ping_status":"open","sticky":false,"template":"","format":"standard","meta":{"_uag_custom_page_level_css":"","advgb_blocks_editor_width":"","advgb_blocks_columns_visual_guide":"","footnotes":""},"categories":[1],"tags":[],"class_list":["post-2004","post","type-post","status-publish","format-standard","has-post-thumbnail","hentry","category-noticias"],"author_meta":{"display_name":"Pol Alberdola","author_link":"https:\/\/www.ametllerorigenwp.com\/es\/author\/palberola\/"},"featured_img":"https:\/\/www.ametllerorigenwp.com\/wp-content\/uploads\/2021\/05\/Patinet_app_es-300x102.jpg","uagb_featured_image_src":{"full":["https:\/\/www.ametllerorigenwp.com\/wp-content\/uploads\/2021\/05\/Patinet_app_es.jpg",1000,340,false],"thumbnail":["https:\/\/www.ametllerorigenwp.com\/wp-content\/uploads\/2021\/05\/Patinet_app_es-150x150.jpg",150,150,true],"medium":["https:\/\/www.ametllerorigenwp.com\/wp-content\/uploads\/2021\/05\/Patinet_app_es-300x102.jpg",300,102,true],"medium_large":["https:\/\/www.ametllerorigenwp.com\/wp-content\/uploads\/2021\/05\/Patinet_app_es-768x261.jpg",768,261,true],"large":["https:\/\/www.ametllerorigenwp.com\/wp-content\/uploads\/2021\/05\/Patinet_app_es.jpg",840,286,false],"1536x1536":["https:\/\/www.ametllerorigenwp.com\/wp-content\/uploads\/2021\/05\/Patinet_app_es.jpg",1000,340,false],"2048x2048":["https:\/\/www.ametllerorigenwp.com\/wp-content\/uploads\/2021\/05\/Patinet_app_es.jpg",1000,340,false],"post-thumbnail":["https:\/\/www.ametllerorigenwp.com\/wp-content\/uploads\/2021\/05\/Patinet_app_es.jpg",1000,340,false]},"uagb_author_info":{"display_name":"Pol Alberdola","author_link":"https:\/\/www.ametllerorigenwp.com\/es\/author\/palberola\/"},"uagb_comment_info":0,"uagb_excerpt":"Hace un par de semanas, en la secci\u00f3n #FemCam\u00ed cap a la via verda del programa Via Lliure de RAC1, Xavi Bund\u00f3 analizaba con Toni Massanes, director de la Fundaci\u00f3 Al\u00edcia, cu\u00e1les ser\u00edan nuestros h\u00e1bitos alimentarios en el a\u00f1o 2050. Durante la secci\u00f3n, planteamos la siguiente pregunta a los oyentes: \u2018\u00bfQu\u00e9 comeremos en el a\u00f1o&hellip;","coauthors":[],"tax_additional":{"categories":{"linked":["<a href=\"https:\/\/www.ametllerorigenwp.com\/es\/category\/noticias\/\" class=\"advgb-post-tax-term\">Noticias<\/a>"],"unlinked":["<span class=\"advgb-post-tax-term\">Noticias<\/span>"]}},"comment_count":"0","relative_dates":{"created":"Publicado 5 a\u00f1os hace","modified":"Actualizado 5 a\u00f1os hace"},"absolute_dates":{"created":"Publicado el 14 de mayo de 2021","modified":"Actualizado el 14 de mayo de 2021"},"absolute_dates_time":{"created":"Publicado el 14 de mayo de 2021 16:05","modified":"Actualizado el 14 de mayo de 2021 16:12"},"featured_img_caption":"","series_order":"","show_in_app":true,"fecha_inicio_destacado":null,"hora_inicio_visualizacion":null,"minutos_inicio_visualizacion":null,"fecha_final_destacado":null,"hora_final_visualizacion":null,"minutos_final_visualizacion":null,"posicion_visualizacion":null,"estado_destacado":null,"niveles_destacados":null,"url_del_enlace":null,"banner_destacado":null,"posicion_visualizacion_de_la_noticia":null,"estado_noticia":null,"fecha_de_inicio_de_visualizacion_del_tutorial":null,"hora_inicio_visualizacion_tutorial":null,"minutos_inicio_visualizacion_tutorial":null,"fecha_de_final_de_visualizacion_del_tutorial":null,"hora_final_visualizacion_tutorial":null,"minutos_final_visualizacion_tutorial":null,"numero_de_veces_visto":null,"numero_de_veces_total":null,"niveles_tutorial":null,"tutorial_recursos_castellano":null,"tutorial_recursos_catalan":null,"dias_disponibles":null,"dias_de_la_semana":null,"dias_del_mes":null,"other_lang_post_id":null,"lang":"es","campanya_descripcion":null,"campanya_fecha_inicio":null,"campanya_fecha_fin":null,"campanya_legales":null,"campanya_imagen":null,"campanya_characteristics":null,"campanya_url":null,"campanya_posicion_visualizacion":null,"campanya_estado":null,"_links":{"self":[{"href":"https:\/\/www.ametllerorigenwp.com\/es\/wp-json\/wp\/v2\/posts\/2004","targetHints":{"allow":["GET"]}}],"collection":[{"href":"https:\/\/www.ametllerorigenwp.com\/es\/wp-json\/wp\/v2\/posts"}],"about":[{"href":"https:\/\/www.ametllerorigenwp.com\/es\/wp-json\/wp\/v2\/types\/post"}],"author":[{"embeddable":true,"href":"https:\/\/www.ametllerorigenwp.com\/es\/wp-json\/wp\/v2\/users\/4"}],"replies":[{"embeddable":true,"href":"https:\/\/www.ametllerorigenwp.com\/es\/wp-json\/wp\/v2\/comments?post=2004"}],"version-history":[{"count":2,"href":"https:\/\/www.ametllerorigenwp.com\/es\/wp-json\/wp\/v2\/posts\/2004\/revisions"}],"predecessor-version":[{"id":2014,"href":"https:\/\/www.ametllerorigenwp.com\/es\/wp-json\/wp\/v2\/posts\/2004\/revisions\/2014"}],"wp:featuredmedia":[{"embeddable":true,"href":"https:\/\/www.ametllerorigenwp.com\/es\/wp-json\/wp\/v2\/media\/2002"}],"wp:attachment":[{"href":"https:\/\/www.ametllerorigenwp.com\/es\/wp-json\/wp\/v2\/media?parent=2004"}],"wp:term":[{"taxonomy":"category","embeddable":true,"href":"https:\/\/www.ametllerorigenwp.com\/es\/wp-json\/wp\/v2\/categories?post=2004"},{"taxonomy":"post_tag","embeddable":true,"href":"https:\/\/www.ametllerorigenwp.com\/es\/wp-json\/wp\/v2\/tags?post=2004"}],"curies":[{"name":"wp","href":"https:\/\/api.w.org\/{rel}","templated":true}]}}