{"id":2039,"date":"2021-05-17T15:32:11","date_gmt":"2021-05-17T15:32:11","guid":{"rendered":"https:\/\/www.ametllerorigenwp.com\/?p=2039"},"modified":"2021-05-17T15:32:48","modified_gmt":"2021-05-17T15:32:48","slug":"conectate-hoy-a-la-charla-sobre-la-relacion-entre-una-vida-saludable-y-la-prevencion-de-enfermedades","status":"publish","type":"post","link":"https:\/\/www.ametllerorigenwp.com\/es\/conectate-hoy-a-la-charla-sobre-la-relacion-entre-una-vida-saludable-y-la-prevencion-de-enfermedades\/","title":{"rendered":"\u00a1Con\u00e9ctate hoy a la charla sobre la relaci\u00f3n entre una vida saludable y la prevenci\u00f3n de enfermedades!"},"content":{"rendered":"\n<p><strong>Esta tarde a las 19.00 h, <\/strong>abordaremos la importancia de una vida saludable en la prevenci\u00f3n de enfermedades con la directora del Departamento de Salud P\u00fablica, Medio Ambiente y Determinantes Sociales de la Salud de la Organizaci\u00f3n Mundial de la Salud, la <strong>Dra. Mar\u00eda Neira<\/strong>, el jefe del Servicio de Oncolog\u00eda M\u00e9dica del Hospital Vall d&#8217;Hebron de Barcelona, \u200b\u200bdirector del Vall d&#8217;Hebron Instituto de Oncolog\u00eda (VHIO) y Responsable de la Unidad de Investigaci\u00f3n de Terapia Molecular (UITM), el <strong>Dr. Josep Tabernero<\/strong>, la Licenciada en Farmacia, Master en Nutrici\u00f3n Humana y Calidad de los Alimentos y coordinadora del consejo asesor de nutrici\u00f3n y salud de Ametller Origen, la <strong>Dra. Eulalia Vidal<\/strong>, la Directora T\u00e9cnica de \u00c1rea Social y Divulgaci\u00f3n del Alzheimer de la Fundaci\u00f3n Pasqual Maragall, la <strong>Dra. Nina Gramunt<\/strong> y la autora del libro \u00abMi vida con el bicho: superar el c\u00e1ncer de mama\u00bb, <strong>Steffi Mallebrien<\/strong>. El acto estar\u00e1 conducido por la periodista M\u00f2nica Terribas.<\/p>\n\n\n\n<p><strong>FemCam\u00ed Talks<\/strong> es el ciclo de charlas, que se enmarca dentro del movimiento #FemCam\u00ed, con el que queremos sacudir conciencias y crear debate sobre temas de actualidad relacionados con la sostenibilidad y la alimentaci\u00f3n saludable. \u00a1Hagamos camino hacia el mundo donde quieres vivir!<\/p>\n\n\n\n<p>\u00a1Sigue el evento en streaming <strong><a href=\"https:\/\/www.youtube.com\/watch?v=6TO8ieWfGBg?utm_source=app&amp;utm_medium=appes&amp;utm_campaign=org\" target=\"_blank\" rel=\"noreferrer noopener\">aqu\u00ed<\/a><\/strong>!<\/p>\n","protected":false},"excerpt":{"rendered":"<p>Esta tarde a las 19.00 h, abordaremos la importancia de una vida saludable en la prevenci\u00f3n de enfermedades con la directora del Departamento de Salud P\u00fablica, Medio Ambiente y Determinantes Sociales de la Salud de la Organizaci\u00f3n Mundial de la Salud, la Dra. Mar\u00eda Neira, el jefe del Servicio de Oncolog\u00eda M\u00e9dica del Hospital Vall &hellip; <a href=\"https:\/\/www.ametllerorigenwp.com\/es\/conectate-hoy-a-la-charla-sobre-la-relacion-entre-una-vida-saludable-y-la-prevencion-de-enfermedades\/\" class=\"more-link\">Continuar leyendo<span class=\"screen-reader-text\"> \u00ab\u00a1Con\u00e9ctate hoy a la charla sobre la relaci\u00f3n entre una vida saludable y la prevenci\u00f3n de enfermedades!\u00bb<\/span><\/a><\/p>\n","protected":false},"author":5,"featured_media":1679,"comment_status":"open","ping_status":"open","sticky":false,"template":"","format":"standard","meta":{"_uag_custom_page_level_css":"","advgb_blocks_editor_width":"","advgb_blocks_columns_visual_guide":"","footnotes":""},"categories":[1],"tags":[],"class_list":["post-2039","post","type-post","status-publish","format-standard","has-post-thumbnail","hentry","category-noticias"],"author_meta":{"display_name":"Mireia Zaragoza","author_link":"https:\/\/www.ametllerorigenwp.com\/es\/author\/mzaragoza\/"},"featured_img":"https:\/\/www.ametllerorigenwp.com\/wp-content\/uploads\/2021\/04\/app-talks-1-300x111.jpg","uagb_featured_image_src":{"full":["https:\/\/www.ametllerorigenwp.com\/wp-content\/uploads\/2021\/04\/app-talks-1.jpg",1000,370,false],"thumbnail":["https:\/\/www.ametllerorigenwp.com\/wp-content\/uploads\/2021\/04\/app-talks-1-150x150.jpg",150,150,true],"medium":["https:\/\/www.ametllerorigenwp.com\/wp-content\/uploads\/2021\/04\/app-talks-1-300x111.jpg",300,111,true],"medium_large":["https:\/\/www.ametllerorigenwp.com\/wp-content\/uploads\/2021\/04\/app-talks-1-768x284.jpg",768,284,true],"large":["https:\/\/www.ametllerorigenwp.com\/wp-content\/uploads\/2021\/04\/app-talks-1.jpg",840,311,false],"1536x1536":["https:\/\/www.ametllerorigenwp.com\/wp-content\/uploads\/2021\/04\/app-talks-1.jpg",1000,370,false],"2048x2048":["https:\/\/www.ametllerorigenwp.com\/wp-content\/uploads\/2021\/04\/app-talks-1.jpg",1000,370,false],"post-thumbnail":["https:\/\/www.ametllerorigenwp.com\/wp-content\/uploads\/2021\/04\/app-talks-1.jpg",1000,370,false]},"uagb_author_info":{"display_name":"Mireia Zaragoza","author_link":"https:\/\/www.ametllerorigenwp.com\/es\/author\/mzaragoza\/"},"uagb_comment_info":0,"uagb_excerpt":"Esta tarde a las 19.00 h, abordaremos la importancia de una vida saludable en la prevenci\u00f3n de enfermedades con la directora del Departamento de Salud P\u00fablica, Medio Ambiente y Determinantes Sociales de la Salud de la Organizaci\u00f3n Mundial de la Salud, la Dra. Mar\u00eda Neira, el jefe del Servicio de Oncolog\u00eda M\u00e9dica del Hospital Vall&hellip;","coauthors":[],"tax_additional":{"categories":{"linked":["<a href=\"https:\/\/www.ametllerorigenwp.com\/es\/category\/noticias\/\" class=\"advgb-post-tax-term\">Noticias<\/a>"],"unlinked":["<span class=\"advgb-post-tax-term\">Noticias<\/span>"]}},"comment_count":"0","relative_dates":{"created":"Publicado 5 a\u00f1os hace","modified":"Actualizado 5 a\u00f1os hace"},"absolute_dates":{"created":"Publicado el 17 de mayo de 2021","modified":"Actualizado el 17 de mayo de 2021"},"absolute_dates_time":{"created":"Publicado el 17 de mayo de 2021 15:32","modified":"Actualizado el 17 de mayo de 2021 15:32"},"featured_img_caption":"","series_order":"","show_in_app":true,"fecha_inicio_destacado":null,"hora_inicio_visualizacion":null,"minutos_inicio_visualizacion":null,"fecha_final_destacado":null,"hora_final_visualizacion":null,"minutos_final_visualizacion":null,"posicion_visualizacion":null,"estado_destacado":null,"niveles_destacados":null,"url_del_enlace":null,"banner_destacado":null,"posicion_visualizacion_de_la_noticia":null,"estado_noticia":null,"fecha_de_inicio_de_visualizacion_del_tutorial":null,"hora_inicio_visualizacion_tutorial":null,"minutos_inicio_visualizacion_tutorial":null,"fecha_de_final_de_visualizacion_del_tutorial":null,"hora_final_visualizacion_tutorial":null,"minutos_final_visualizacion_tutorial":null,"numero_de_veces_visto":null,"numero_de_veces_total":null,"niveles_tutorial":null,"tutorial_recursos_castellano":null,"tutorial_recursos_catalan":null,"dias_disponibles":null,"dias_de_la_semana":null,"dias_del_mes":null,"other_lang_post_id":null,"lang":"es","campanya_descripcion":null,"campanya_fecha_inicio":null,"campanya_fecha_fin":null,"campanya_legales":null,"campanya_imagen":null,"campanya_characteristics":null,"campanya_url":null,"campanya_posicion_visualizacion":null,"campanya_estado":null,"_links":{"self":[{"href":"https:\/\/www.ametllerorigenwp.com\/es\/wp-json\/wp\/v2\/posts\/2039","targetHints":{"allow":["GET"]}}],"collection":[{"href":"https:\/\/www.ametllerorigenwp.com\/es\/wp-json\/wp\/v2\/posts"}],"about":[{"href":"https:\/\/www.ametllerorigenwp.com\/es\/wp-json\/wp\/v2\/types\/post"}],"author":[{"embeddable":true,"href":"https:\/\/www.ametllerorigenwp.com\/es\/wp-json\/wp\/v2\/users\/5"}],"replies":[{"embeddable":true,"href":"https:\/\/www.ametllerorigenwp.com\/es\/wp-json\/wp\/v2\/comments?post=2039"}],"version-history":[{"count":1,"href":"https:\/\/www.ametllerorigenwp.com\/es\/wp-json\/wp\/v2\/posts\/2039\/revisions"}],"predecessor-version":[{"id":2040,"href":"https:\/\/www.ametllerorigenwp.com\/es\/wp-json\/wp\/v2\/posts\/2039\/revisions\/2040"}],"wp:featuredmedia":[{"embeddable":true,"href":"https:\/\/www.ametllerorigenwp.com\/es\/wp-json\/wp\/v2\/media\/1679"}],"wp:attachment":[{"href":"https:\/\/www.ametllerorigenwp.com\/es\/wp-json\/wp\/v2\/media?parent=2039"}],"wp:term":[{"taxonomy":"category","embeddable":true,"href":"https:\/\/www.ametllerorigenwp.com\/es\/wp-json\/wp\/v2\/categories?post=2039"},{"taxonomy":"post_tag","embeddable":true,"href":"https:\/\/www.ametllerorigenwp.com\/es\/wp-json\/wp\/v2\/tags?post=2039"}],"curies":[{"name":"wp","href":"https:\/\/api.w.org\/{rel}","templated":true}]}}