{"id":2054,"date":"2021-05-18T13:52:54","date_gmt":"2021-05-18T13:52:54","guid":{"rendered":"https:\/\/www.ametllerorigenwp.com\/?p=2054"},"modified":"2021-05-18T16:05:08","modified_gmt":"2021-05-18T16:05:08","slug":"resuelve-en-directo-todas-tus-dudas-sobre-alimentacion-saludable","status":"publish","type":"post","link":"https:\/\/www.ametllerorigenwp.com\/es\/resuelve-en-directo-todas-tus-dudas-sobre-alimentacion-saludable\/","title":{"rendered":"\u00a1Resuelve en directo todas tus dudas sobre alimentaci\u00f3n saludable!"},"content":{"rendered":"\n<p>\u00bfQu\u00e9 alimentos contienen m\u00e1s fibra? \u00bfComer fruta despu\u00e9s de  una comida engorda? Seguro que te han surgido, m\u00e1s de una vez, este tipo de dudas. \u00a1Ahora es el momento de resolverlas todas!<\/p>\n\n\n\n<p><strong>Este jueves, a las 19\u202fh, tienes una cita en nuestro <a href=\"https:\/\/www.instagram.com\/ametllerorigen\/?utm_source=app&amp;utm_medium=appes&amp;utm_campaign=org\" target=\"_blank\" rel=\"noreferrer noopener\">perfil de Instagram<\/a><\/strong> con nuestra experta en nutrici\u00f3n, la <strong>Dra. Eul\u00e0lia Vidal.<\/strong> Una oportunidad \u00fanica para que puedas preguntarle en directo todas las dudas que tengas sobre alimentaci\u00f3n saludable. \u00a1Te esperamos!<\/p>\n\n\n\n<p>Una iniciativa impulsada, en el marco del movimiento FemCam\u00ed, con el objetivo de promover unos h\u00e1bitos de vida m\u00e1s saludables y sostenibles.<\/p>\n","protected":false},"excerpt":{"rendered":"<p>\u00bfQu\u00e9 alimentos contienen m\u00e1s fibra? \u00bfComer fruta despu\u00e9s de una comida engorda? Seguro que te han surgido, m\u00e1s de una vez, este tipo de dudas. \u00a1Ahora es el momento de resolverlas todas! Este jueves, a las 19\u202fh, tienes una cita en nuestro perfil de Instagram con nuestra experta en nutrici\u00f3n, la Dra. Eul\u00e0lia Vidal. Una &hellip; <a href=\"https:\/\/www.ametllerorigenwp.com\/es\/resuelve-en-directo-todas-tus-dudas-sobre-alimentacion-saludable\/\" class=\"more-link\">Continuar leyendo<span class=\"screen-reader-text\"> \u00ab\u00a1Resuelve en directo todas tus dudas sobre alimentaci\u00f3n saludable!\u00bb<\/span><\/a><\/p>\n","protected":false},"author":5,"featured_media":2057,"comment_status":"open","ping_status":"open","sticky":false,"template":"","format":"standard","meta":{"_uag_custom_page_level_css":"","advgb_blocks_editor_width":"","advgb_blocks_columns_visual_guide":"","footnotes":""},"categories":[1],"tags":[],"class_list":["post-2054","post","type-post","status-publish","format-standard","has-post-thumbnail","hentry","category-noticias"],"author_meta":{"display_name":"Mireia Zaragoza","author_link":"https:\/\/www.ametllerorigenwp.com\/es\/author\/mzaragoza\/"},"featured_img":"https:\/\/www.ametllerorigenwp.com\/wp-content\/uploads\/2021\/05\/Consultoria_app_es-300x102.jpg","uagb_featured_image_src":{"full":["https:\/\/www.ametllerorigenwp.com\/wp-content\/uploads\/2021\/05\/Consultoria_app_es.jpg",1000,340,false],"thumbnail":["https:\/\/www.ametllerorigenwp.com\/wp-content\/uploads\/2021\/05\/Consultoria_app_es-150x150.jpg",150,150,true],"medium":["https:\/\/www.ametllerorigenwp.com\/wp-content\/uploads\/2021\/05\/Consultoria_app_es-300x102.jpg",300,102,true],"medium_large":["https:\/\/www.ametllerorigenwp.com\/wp-content\/uploads\/2021\/05\/Consultoria_app_es-768x261.jpg",768,261,true],"large":["https:\/\/www.ametllerorigenwp.com\/wp-content\/uploads\/2021\/05\/Consultoria_app_es.jpg",840,286,false],"1536x1536":["https:\/\/www.ametllerorigenwp.com\/wp-content\/uploads\/2021\/05\/Consultoria_app_es.jpg",1000,340,false],"2048x2048":["https:\/\/www.ametllerorigenwp.com\/wp-content\/uploads\/2021\/05\/Consultoria_app_es.jpg",1000,340,false],"post-thumbnail":["https:\/\/www.ametllerorigenwp.com\/wp-content\/uploads\/2021\/05\/Consultoria_app_es.jpg",1000,340,false]},"uagb_author_info":{"display_name":"Mireia Zaragoza","author_link":"https:\/\/www.ametllerorigenwp.com\/es\/author\/mzaragoza\/"},"uagb_comment_info":0,"uagb_excerpt":"\u00bfQu\u00e9 alimentos contienen m\u00e1s fibra? \u00bfComer fruta despu\u00e9s de una comida engorda? Seguro que te han surgido, m\u00e1s de una vez, este tipo de dudas. \u00a1Ahora es el momento de resolverlas todas! Este jueves, a las 19\u202fh, tienes una cita en nuestro perfil de Instagram con nuestra experta en nutrici\u00f3n, la Dra. Eul\u00e0lia Vidal. Una&hellip;","coauthors":[],"tax_additional":{"categories":{"linked":["<a href=\"https:\/\/www.ametllerorigenwp.com\/es\/category\/noticias\/\" class=\"advgb-post-tax-term\">Noticias<\/a>"],"unlinked":["<span class=\"advgb-post-tax-term\">Noticias<\/span>"]}},"comment_count":"0","relative_dates":{"created":"Publicado 5 a\u00f1os hace","modified":"Actualizado 5 a\u00f1os hace"},"absolute_dates":{"created":"Publicado el 18 de mayo de 2021","modified":"Actualizado el 18 de mayo de 2021"},"absolute_dates_time":{"created":"Publicado el 18 de mayo de 2021 13:52","modified":"Actualizado el 18 de mayo de 2021 16:05"},"featured_img_caption":"","series_order":"","show_in_app":true,"fecha_inicio_destacado":null,"hora_inicio_visualizacion":null,"minutos_inicio_visualizacion":null,"fecha_final_destacado":null,"hora_final_visualizacion":null,"minutos_final_visualizacion":null,"posicion_visualizacion":null,"estado_destacado":null,"niveles_destacados":null,"url_del_enlace":null,"banner_destacado":null,"posicion_visualizacion_de_la_noticia":null,"estado_noticia":null,"fecha_de_inicio_de_visualizacion_del_tutorial":null,"hora_inicio_visualizacion_tutorial":null,"minutos_inicio_visualizacion_tutorial":null,"fecha_de_final_de_visualizacion_del_tutorial":null,"hora_final_visualizacion_tutorial":null,"minutos_final_visualizacion_tutorial":null,"numero_de_veces_visto":null,"numero_de_veces_total":null,"niveles_tutorial":null,"tutorial_recursos_castellano":null,"tutorial_recursos_catalan":null,"dias_disponibles":null,"dias_de_la_semana":null,"dias_del_mes":null,"other_lang_post_id":null,"lang":"es","campanya_descripcion":null,"campanya_fecha_inicio":null,"campanya_fecha_fin":null,"campanya_legales":null,"campanya_imagen":null,"campanya_characteristics":null,"campanya_url":null,"campanya_posicion_visualizacion":null,"campanya_estado":null,"_links":{"self":[{"href":"https:\/\/www.ametllerorigenwp.com\/es\/wp-json\/wp\/v2\/posts\/2054","targetHints":{"allow":["GET"]}}],"collection":[{"href":"https:\/\/www.ametllerorigenwp.com\/es\/wp-json\/wp\/v2\/posts"}],"about":[{"href":"https:\/\/www.ametllerorigenwp.com\/es\/wp-json\/wp\/v2\/types\/post"}],"author":[{"embeddable":true,"href":"https:\/\/www.ametllerorigenwp.com\/es\/wp-json\/wp\/v2\/users\/5"}],"replies":[{"embeddable":true,"href":"https:\/\/www.ametllerorigenwp.com\/es\/wp-json\/wp\/v2\/comments?post=2054"}],"version-history":[{"count":2,"href":"https:\/\/www.ametllerorigenwp.com\/es\/wp-json\/wp\/v2\/posts\/2054\/revisions"}],"predecessor-version":[{"id":2070,"href":"https:\/\/www.ametllerorigenwp.com\/es\/wp-json\/wp\/v2\/posts\/2054\/revisions\/2070"}],"wp:featuredmedia":[{"embeddable":true,"href":"https:\/\/www.ametllerorigenwp.com\/es\/wp-json\/wp\/v2\/media\/2057"}],"wp:attachment":[{"href":"https:\/\/www.ametllerorigenwp.com\/es\/wp-json\/wp\/v2\/media?parent=2054"}],"wp:term":[{"taxonomy":"category","embeddable":true,"href":"https:\/\/www.ametllerorigenwp.com\/es\/wp-json\/wp\/v2\/categories?post=2054"},{"taxonomy":"post_tag","embeddable":true,"href":"https:\/\/www.ametllerorigenwp.com\/es\/wp-json\/wp\/v2\/tags?post=2054"}],"curies":[{"name":"wp","href":"https:\/\/api.w.org\/{rel}","templated":true}]}}