{"id":2321,"date":"2021-06-01T14:59:07","date_gmt":"2021-06-01T14:59:07","guid":{"rendered":"https:\/\/www.ametllerorigenwp.com\/?p=2321"},"modified":"2021-06-02T20:33:10","modified_gmt":"2021-06-02T20:33:10","slug":"que-recetas-puedo-preparar-con-albaricoques","status":"publish","type":"post","link":"https:\/\/www.ametllerorigenwp.com\/es\/que-recetas-puedo-preparar-con-albaricoques\/","title":{"rendered":"\u00bfQu\u00e9 recetas puedo preparar con albaricoques?"},"content":{"rendered":"\n<p>\u00a1Dulces, jugosos, sabros\u00edsimos y vers\u00e1tiles! El albaricoque es una de las frutas imprescindibles ahora que empieza el calor. M\u00e1s all\u00e1 de comerlos solos a media ma\u00f1ana, como postre despu\u00e9s de las comidas o para merendar, el albaricoque es <strong>ideal para acompa\u00f1ar una buena ensalada o bien para confitarlo y preparar un delicioso postre o una mermelada casera.<\/strong><\/p>\n\n\n\n<p>\u00bfEst\u00e1s preparado para descubrir nuevas formas de disfrutar de esta fruta dulce? Cintet te ense\u00f1a en este <strong><a href=\"https:\/\/www.instagram.com\/p\/CPjDt4LhmZp\/?utm_source=app&amp;utm_medium=appes&amp;utm_campaign=org\" target=\"_blank\" rel=\"noreferrer noopener\">v\u00eddeo<\/a> tres recetas sencillas<\/strong> para preparar con albaricoques: <strong>una ensalada de albaricoques a la plancha con jam\u00f3n serrano y mozzarella, un delicioso postre de albaricoques al rooibos con miel y mascarpone y \u00a1una mermelada de albaricoques casera!<\/strong><\/p>\n","protected":false},"excerpt":{"rendered":"<p>\u00a1Dulces, jugosos, sabros\u00edsimos y vers\u00e1tiles! El albaricoque es una de las frutas imprescindibles ahora que empieza el calor. M\u00e1s all\u00e1 de comerlos solos a media ma\u00f1ana, como postre despu\u00e9s de las comidas o para merendar, el albaricoque es ideal para acompa\u00f1ar una buena ensalada o bien para confitarlo y preparar un delicioso postre o una &hellip; <a href=\"https:\/\/www.ametllerorigenwp.com\/es\/que-recetas-puedo-preparar-con-albaricoques\/\" class=\"more-link\">Continuar leyendo<span class=\"screen-reader-text\"> \u00ab\u00bfQu\u00e9 recetas puedo preparar con albaricoques?\u00bb<\/span><\/a><\/p>\n","protected":false},"author":5,"featured_media":2317,"comment_status":"open","ping_status":"open","sticky":false,"template":"","format":"standard","meta":{"_uag_custom_page_level_css":"","advgb_blocks_editor_width":"","advgb_blocks_columns_visual_guide":"","footnotes":""},"categories":[1],"tags":[],"class_list":["post-2321","post","type-post","status-publish","format-standard","has-post-thumbnail","hentry","category-noticias"],"author_meta":{"display_name":"Mireia Zaragoza","author_link":"https:\/\/www.ametllerorigenwp.com\/es\/author\/mzaragoza\/"},"featured_img":"https:\/\/www.ametllerorigenwp.com\/wp-content\/uploads\/2021\/06\/albercocs-300x102.jpg","uagb_featured_image_src":{"full":["https:\/\/www.ametllerorigenwp.com\/wp-content\/uploads\/2021\/06\/albercocs.jpg",724,246,false],"thumbnail":["https:\/\/www.ametllerorigenwp.com\/wp-content\/uploads\/2021\/06\/albercocs-150x150.jpg",150,150,true],"medium":["https:\/\/www.ametllerorigenwp.com\/wp-content\/uploads\/2021\/06\/albercocs-300x102.jpg",300,102,true],"medium_large":["https:\/\/www.ametllerorigenwp.com\/wp-content\/uploads\/2021\/06\/albercocs.jpg",724,246,false],"large":["https:\/\/www.ametllerorigenwp.com\/wp-content\/uploads\/2021\/06\/albercocs.jpg",724,246,false],"1536x1536":["https:\/\/www.ametllerorigenwp.com\/wp-content\/uploads\/2021\/06\/albercocs.jpg",724,246,false],"2048x2048":["https:\/\/www.ametllerorigenwp.com\/wp-content\/uploads\/2021\/06\/albercocs.jpg",724,246,false],"post-thumbnail":["https:\/\/www.ametllerorigenwp.com\/wp-content\/uploads\/2021\/06\/albercocs.jpg",724,246,false]},"uagb_author_info":{"display_name":"Mireia Zaragoza","author_link":"https:\/\/www.ametllerorigenwp.com\/es\/author\/mzaragoza\/"},"uagb_comment_info":0,"uagb_excerpt":"\u00a1Dulces, jugosos, sabros\u00edsimos y vers\u00e1tiles! El albaricoque es una de las frutas imprescindibles ahora que empieza el calor. M\u00e1s all\u00e1 de comerlos solos a media ma\u00f1ana, como postre despu\u00e9s de las comidas o para merendar, el albaricoque es ideal para acompa\u00f1ar una buena ensalada o bien para confitarlo y preparar un delicioso postre o una&hellip;","coauthors":[],"tax_additional":{"categories":{"linked":["<a href=\"https:\/\/www.ametllerorigenwp.com\/es\/category\/noticias\/\" class=\"advgb-post-tax-term\">Noticias<\/a>"],"unlinked":["<span class=\"advgb-post-tax-term\">Noticias<\/span>"]}},"comment_count":"0","relative_dates":{"created":"Publicado 5 a\u00f1os hace","modified":"Actualizado 5 a\u00f1os hace"},"absolute_dates":{"created":"Publicado el 1 de junio de 2021","modified":"Actualizado el 2 de junio de 2021"},"absolute_dates_time":{"created":"Publicado el 1 de junio de 2021 14:59","modified":"Actualizado el 2 de junio de 2021 20:33"},"featured_img_caption":"","series_order":"","show_in_app":true,"fecha_inicio_destacado":null,"hora_inicio_visualizacion":null,"minutos_inicio_visualizacion":null,"fecha_final_destacado":null,"hora_final_visualizacion":null,"minutos_final_visualizacion":null,"posicion_visualizacion":null,"estado_destacado":null,"niveles_destacados":null,"url_del_enlace":null,"banner_destacado":null,"posicion_visualizacion_de_la_noticia":null,"estado_noticia":null,"fecha_de_inicio_de_visualizacion_del_tutorial":null,"hora_inicio_visualizacion_tutorial":null,"minutos_inicio_visualizacion_tutorial":null,"fecha_de_final_de_visualizacion_del_tutorial":null,"hora_final_visualizacion_tutorial":null,"minutos_final_visualizacion_tutorial":null,"numero_de_veces_visto":null,"numero_de_veces_total":null,"niveles_tutorial":null,"tutorial_recursos_castellano":null,"tutorial_recursos_catalan":null,"dias_disponibles":null,"dias_de_la_semana":null,"dias_del_mes":null,"other_lang_post_id":null,"lang":"es","campanya_descripcion":null,"campanya_fecha_inicio":null,"campanya_fecha_fin":null,"campanya_legales":null,"campanya_imagen":null,"campanya_characteristics":null,"campanya_url":null,"campanya_posicion_visualizacion":null,"campanya_estado":null,"_links":{"self":[{"href":"https:\/\/www.ametllerorigenwp.com\/es\/wp-json\/wp\/v2\/posts\/2321","targetHints":{"allow":["GET"]}}],"collection":[{"href":"https:\/\/www.ametllerorigenwp.com\/es\/wp-json\/wp\/v2\/posts"}],"about":[{"href":"https:\/\/www.ametllerorigenwp.com\/es\/wp-json\/wp\/v2\/types\/post"}],"author":[{"embeddable":true,"href":"https:\/\/www.ametllerorigenwp.com\/es\/wp-json\/wp\/v2\/users\/5"}],"replies":[{"embeddable":true,"href":"https:\/\/www.ametllerorigenwp.com\/es\/wp-json\/wp\/v2\/comments?post=2321"}],"version-history":[{"count":2,"href":"https:\/\/www.ametllerorigenwp.com\/es\/wp-json\/wp\/v2\/posts\/2321\/revisions"}],"predecessor-version":[{"id":2338,"href":"https:\/\/www.ametllerorigenwp.com\/es\/wp-json\/wp\/v2\/posts\/2321\/revisions\/2338"}],"wp:featuredmedia":[{"embeddable":true,"href":"https:\/\/www.ametllerorigenwp.com\/es\/wp-json\/wp\/v2\/media\/2317"}],"wp:attachment":[{"href":"https:\/\/www.ametllerorigenwp.com\/es\/wp-json\/wp\/v2\/media?parent=2321"}],"wp:term":[{"taxonomy":"category","embeddable":true,"href":"https:\/\/www.ametllerorigenwp.com\/es\/wp-json\/wp\/v2\/categories?post=2321"},{"taxonomy":"post_tag","embeddable":true,"href":"https:\/\/www.ametllerorigenwp.com\/es\/wp-json\/wp\/v2\/tags?post=2321"}],"curies":[{"name":"wp","href":"https:\/\/api.w.org\/{rel}","templated":true}]}}