{"id":2371,"date":"2021-06-04T15:21:21","date_gmt":"2021-06-04T15:21:21","guid":{"rendered":"https:\/\/www.ametllerorigenwp.com\/?p=2371"},"modified":"2021-06-04T16:46:58","modified_gmt":"2021-06-04T16:46:58","slug":"dia-mundial-del-medioambiente-avanzamos-hacia-la-neutralidad-de-emisiones-en-2027","status":"publish","type":"post","link":"https:\/\/www.ametllerorigenwp.com\/es\/dia-mundial-del-medioambiente-avanzamos-hacia-la-neutralidad-de-emisiones-en-2027\/","title":{"rendered":"D\u00eda Mundial del Medioambiente: avanzamos hacia la neutralidad de emisiones en 2027"},"content":{"rendered":"\n<p>Hoy se conmemora el <strong>D\u00eda Mundial del Medioambiente<\/strong>, una fecha creada para fomentar la sensibilizaci\u00f3n y la acci\u00f3n a nivel mundial para la protecci\u00f3n del medioambiente y de los ecosistemas. Desde <strong>Ametller Origen <a href=\"https:\/\/www.instagram.com\/ametllerorigen\/?utm_source=app&amp;utm_medium=appes&amp;utm_campaign=org\" target=\"_blank\" rel=\"noreferrer noopener\">estamos comprometidos en reducir el impacto de nuestra actividad en el medioambiente<\/a><\/strong> y, por ello, avanzamos hacia la neutralidad de emisiones de CO2 en 2027, veintitr\u00e9s a\u00f1os antes de los objetivos gubernamentales aprobados en el Acuerdo de Par\u00eds.<\/p>\n\n\n\n<p>En la misma l\u00ednea, hemos plantado ya m\u00e1s de 100 semillas que se corresponden a acciones de mejora en el \u00e1mbito de la sostenibilidad. \u00a1Sigamos avanzando juntos hacia el mundo que queremos vivir!<\/p>\n","protected":false},"excerpt":{"rendered":"<p>Hoy se conmemora el D\u00eda Mundial del Medioambiente, una fecha creada para fomentar la sensibilizaci\u00f3n y la acci\u00f3n a nivel mundial para la protecci\u00f3n del medioambiente y de los ecosistemas. Desde Ametller Origen estamos comprometidos en reducir el impacto de nuestra actividad en el medioambiente y, por ello, avanzamos hacia la neutralidad de emisiones de &hellip; <a href=\"https:\/\/www.ametllerorigenwp.com\/es\/dia-mundial-del-medioambiente-avanzamos-hacia-la-neutralidad-de-emisiones-en-2027\/\" class=\"more-link\">Continuar leyendo<span class=\"screen-reader-text\"> \u00abD\u00eda Mundial del Medioambiente: avanzamos hacia la neutralidad de emisiones en 2027\u00bb<\/span><\/a><\/p>\n","protected":false},"author":5,"featured_media":2377,"comment_status":"open","ping_status":"open","sticky":false,"template":"","format":"standard","meta":{"_uag_custom_page_level_css":"","advgb_blocks_editor_width":"","advgb_blocks_columns_visual_guide":"","footnotes":""},"categories":[1],"tags":[],"class_list":["post-2371","post","type-post","status-publish","format-standard","has-post-thumbnail","hentry","category-noticias"],"author_meta":{"display_name":"Mireia Zaragoza","author_link":"https:\/\/www.ametllerorigenwp.com\/es\/author\/mzaragoza\/"},"featured_img":"https:\/\/www.ametllerorigenwp.com\/wp-content\/uploads\/2021\/06\/IM00-300x102.jpg","uagb_featured_image_src":{"full":["https:\/\/www.ametllerorigenwp.com\/wp-content\/uploads\/2021\/06\/IM00.jpg",1000,340,false],"thumbnail":["https:\/\/www.ametllerorigenwp.com\/wp-content\/uploads\/2021\/06\/IM00-150x150.jpg",150,150,true],"medium":["https:\/\/www.ametllerorigenwp.com\/wp-content\/uploads\/2021\/06\/IM00-300x102.jpg",300,102,true],"medium_large":["https:\/\/www.ametllerorigenwp.com\/wp-content\/uploads\/2021\/06\/IM00-768x261.jpg",768,261,true],"large":["https:\/\/www.ametllerorigenwp.com\/wp-content\/uploads\/2021\/06\/IM00.jpg",840,286,false],"1536x1536":["https:\/\/www.ametllerorigenwp.com\/wp-content\/uploads\/2021\/06\/IM00.jpg",1000,340,false],"2048x2048":["https:\/\/www.ametllerorigenwp.com\/wp-content\/uploads\/2021\/06\/IM00.jpg",1000,340,false],"post-thumbnail":["https:\/\/www.ametllerorigenwp.com\/wp-content\/uploads\/2021\/06\/IM00.jpg",1000,340,false]},"uagb_author_info":{"display_name":"Mireia Zaragoza","author_link":"https:\/\/www.ametllerorigenwp.com\/es\/author\/mzaragoza\/"},"uagb_comment_info":0,"uagb_excerpt":"Hoy se conmemora el D\u00eda Mundial del Medioambiente, una fecha creada para fomentar la sensibilizaci\u00f3n y la acci\u00f3n a nivel mundial para la protecci\u00f3n del medioambiente y de los ecosistemas. Desde Ametller Origen estamos comprometidos en reducir el impacto de nuestra actividad en el medioambiente y, por ello, avanzamos hacia la neutralidad de emisiones de&hellip;","coauthors":[],"tax_additional":{"categories":{"linked":["<a href=\"https:\/\/www.ametllerorigenwp.com\/es\/category\/noticias\/\" class=\"advgb-post-tax-term\">Noticias<\/a>"],"unlinked":["<span class=\"advgb-post-tax-term\">Noticias<\/span>"]}},"comment_count":"0","relative_dates":{"created":"Publicado 5 a\u00f1os hace","modified":"Actualizado 5 a\u00f1os hace"},"absolute_dates":{"created":"Publicado el 4 de junio de 2021","modified":"Actualizado el 4 de junio de 2021"},"absolute_dates_time":{"created":"Publicado el 4 de junio de 2021 15:21","modified":"Actualizado el 4 de junio de 2021 16:46"},"featured_img_caption":"","series_order":"","show_in_app":true,"fecha_inicio_destacado":null,"hora_inicio_visualizacion":null,"minutos_inicio_visualizacion":null,"fecha_final_destacado":null,"hora_final_visualizacion":null,"minutos_final_visualizacion":null,"posicion_visualizacion":null,"estado_destacado":null,"niveles_destacados":null,"url_del_enlace":null,"banner_destacado":null,"posicion_visualizacion_de_la_noticia":null,"estado_noticia":null,"fecha_de_inicio_de_visualizacion_del_tutorial":null,"hora_inicio_visualizacion_tutorial":null,"minutos_inicio_visualizacion_tutorial":null,"fecha_de_final_de_visualizacion_del_tutorial":null,"hora_final_visualizacion_tutorial":null,"minutos_final_visualizacion_tutorial":null,"numero_de_veces_visto":null,"numero_de_veces_total":null,"niveles_tutorial":null,"tutorial_recursos_castellano":null,"tutorial_recursos_catalan":null,"dias_disponibles":null,"dias_de_la_semana":null,"dias_del_mes":null,"other_lang_post_id":null,"lang":"es","campanya_descripcion":null,"campanya_fecha_inicio":null,"campanya_fecha_fin":null,"campanya_legales":null,"campanya_imagen":null,"campanya_characteristics":null,"campanya_url":null,"campanya_posicion_visualizacion":null,"campanya_estado":null,"_links":{"self":[{"href":"https:\/\/www.ametllerorigenwp.com\/es\/wp-json\/wp\/v2\/posts\/2371","targetHints":{"allow":["GET"]}}],"collection":[{"href":"https:\/\/www.ametllerorigenwp.com\/es\/wp-json\/wp\/v2\/posts"}],"about":[{"href":"https:\/\/www.ametllerorigenwp.com\/es\/wp-json\/wp\/v2\/types\/post"}],"author":[{"embeddable":true,"href":"https:\/\/www.ametllerorigenwp.com\/es\/wp-json\/wp\/v2\/users\/5"}],"replies":[{"embeddable":true,"href":"https:\/\/www.ametllerorigenwp.com\/es\/wp-json\/wp\/v2\/comments?post=2371"}],"version-history":[{"count":1,"href":"https:\/\/www.ametllerorigenwp.com\/es\/wp-json\/wp\/v2\/posts\/2371\/revisions"}],"predecessor-version":[{"id":2372,"href":"https:\/\/www.ametllerorigenwp.com\/es\/wp-json\/wp\/v2\/posts\/2371\/revisions\/2372"}],"wp:featuredmedia":[{"embeddable":true,"href":"https:\/\/www.ametllerorigenwp.com\/es\/wp-json\/wp\/v2\/media\/2377"}],"wp:attachment":[{"href":"https:\/\/www.ametllerorigenwp.com\/es\/wp-json\/wp\/v2\/media?parent=2371"}],"wp:term":[{"taxonomy":"category","embeddable":true,"href":"https:\/\/www.ametllerorigenwp.com\/es\/wp-json\/wp\/v2\/categories?post=2371"},{"taxonomy":"post_tag","embeddable":true,"href":"https:\/\/www.ametllerorigenwp.com\/es\/wp-json\/wp\/v2\/tags?post=2371"}],"curies":[{"name":"wp","href":"https:\/\/api.w.org\/{rel}","templated":true}]}}