{"id":2426,"date":"2021-06-09T16:08:20","date_gmt":"2021-06-09T16:08:20","guid":{"rendered":"https:\/\/www.ametllerorigenwp.com\/?p=2426"},"modified":"2021-06-09T16:33:13","modified_gmt":"2021-06-09T16:33:13","slug":"prueba-los-mejores-vinos-del-club-de-vins-amb-origen-en-el-festival-internacional-de-cine-y-vino-most","status":"publish","type":"post","link":"https:\/\/www.ametllerorigenwp.com\/es\/prueba-los-mejores-vinos-del-club-de-vins-amb-origen-en-el-festival-internacional-de-cine-y-vino-most\/","title":{"rendered":"Cata los mejores vinos del Club de Vins amb Origen en el Festival Internacional de Cine y Vino MOST"},"content":{"rendered":"\n<p>Este a\u00f1o, <strong>el Club de Vins amb Origen colabora en el Festival Internacional de Cine y Vino Most<\/strong>, un evento de alcance internacional que recoge la mejor producci\u00f3n audiovisual relacionada con la cultura de la vi\u00f1a, el vino y el cava.<\/p>\n\n\n\n<p>El pr\u00f3ximo <strong>s\u00e1bado 12 a las 11.30 h y a las 13.00 h y en l\u00ednea con el festival, te ofreceremos una cata tem\u00e1tica que te acercar\u00e1 la esencia de las peque\u00f1as&nbsp;bodegas con alma que forman parte del Club de Vins amb Origen. En total, podr\u00e1s degustar 6 vinos de 3 bodegas diferentes y descubrir la esencia de sus or\u00edgenes y particularidades y conocer los viticultores que hay detr\u00e1s.<\/strong><\/p>\n\n\n\n<p>Puedes conseguir tu entrada para las 11.30 h <a href=\"http:\/\/www.mostfestival.cat\/es\/event\/tast-club-de-vins-amb-origen\/\">aqu\u00ed<\/a> o para la sesi\u00f3n de la 13.00 h <a href=\"http:\/\/www.mostfestival.cat\/es\/event\/cata-del-club-de-vins-amb-origen\/\">aqu\u00ed<\/a>. Si a\u00fan no eres miembro del Club de Vins amb Origen, <a href=\"https:\/\/www.ametllerorigen.com\/es\/bienvenido-al-club-de-vins\">hazte socio<\/a> y consigue un descuento de 5 \u20ac en tu entrada.<\/p>\n\n\n\n<p>\u00a1Te esperamos!<\/p>\n\n\n\n<p>Actualmente el Club de Vins&nbsp;amb Origen cuenta con 11 peque\u00f1as bodegas de diferentes puntos geogr\u00e1ficos de Catalu\u00f1a. Todas comparten una serie de valores y pr\u00e1cticas: elaboraci\u00f3n propia y respeto por la tierra, microvinificaciones de vi\u00f1edos singulares y producciones limitadas.<\/p>\n","protected":false},"excerpt":{"rendered":"<p>Este a\u00f1o, el Club de Vins amb Origen colabora en el Festival Internacional de Cine y Vino Most, un evento de alcance internacional que recoge la mejor producci\u00f3n audiovisual relacionada con la cultura de la vi\u00f1a, el vino y el cava. El pr\u00f3ximo s\u00e1bado 12 a las 11.30 h y a las 13.00 h y &hellip; <a href=\"https:\/\/www.ametllerorigenwp.com\/es\/prueba-los-mejores-vinos-del-club-de-vins-amb-origen-en-el-festival-internacional-de-cine-y-vino-most\/\" class=\"more-link\">Continuar leyendo<span class=\"screen-reader-text\"> \u00abCata los mejores vinos del Club de Vins amb Origen en el Festival Internacional de Cine y Vino MOST\u00bb<\/span><\/a><\/p>\n","protected":false},"author":5,"featured_media":1765,"comment_status":"open","ping_status":"open","sticky":false,"template":"","format":"standard","meta":{"_uag_custom_page_level_css":"","advgb_blocks_editor_width":"","advgb_blocks_columns_visual_guide":"","footnotes":""},"categories":[1],"tags":[],"class_list":["post-2426","post","type-post","status-publish","format-standard","has-post-thumbnail","hentry","category-noticias"],"author_meta":{"display_name":"Mireia Zaragoza","author_link":"https:\/\/www.ametllerorigenwp.com\/es\/author\/mzaragoza\/"},"featured_img":"https:\/\/www.ametllerorigenwp.com\/wp-content\/uploads\/2021\/04\/club-de-vins-300x102.jpg","uagb_featured_image_src":{"full":["https:\/\/www.ametllerorigenwp.com\/wp-content\/uploads\/2021\/04\/club-de-vins.jpg",1000,340,false],"thumbnail":["https:\/\/www.ametllerorigenwp.com\/wp-content\/uploads\/2021\/04\/club-de-vins-150x150.jpg",150,150,true],"medium":["https:\/\/www.ametllerorigenwp.com\/wp-content\/uploads\/2021\/04\/club-de-vins-300x102.jpg",300,102,true],"medium_large":["https:\/\/www.ametllerorigenwp.com\/wp-content\/uploads\/2021\/04\/club-de-vins-768x261.jpg",768,261,true],"large":["https:\/\/www.ametllerorigenwp.com\/wp-content\/uploads\/2021\/04\/club-de-vins.jpg",840,286,false],"1536x1536":["https:\/\/www.ametllerorigenwp.com\/wp-content\/uploads\/2021\/04\/club-de-vins.jpg",1000,340,false],"2048x2048":["https:\/\/www.ametllerorigenwp.com\/wp-content\/uploads\/2021\/04\/club-de-vins.jpg",1000,340,false],"post-thumbnail":["https:\/\/www.ametllerorigenwp.com\/wp-content\/uploads\/2021\/04\/club-de-vins.jpg",1000,340,false]},"uagb_author_info":{"display_name":"Mireia Zaragoza","author_link":"https:\/\/www.ametllerorigenwp.com\/es\/author\/mzaragoza\/"},"uagb_comment_info":0,"uagb_excerpt":"Este a\u00f1o, el Club de Vins amb Origen colabora en el Festival Internacional de Cine y Vino Most, un evento de alcance internacional que recoge la mejor producci\u00f3n audiovisual relacionada con la cultura de la vi\u00f1a, el vino y el cava. El pr\u00f3ximo s\u00e1bado 12 a las 11.30 h y a las 13.00 h y&hellip;","coauthors":[],"tax_additional":{"categories":{"linked":["<a href=\"https:\/\/www.ametllerorigenwp.com\/es\/category\/noticias\/\" class=\"advgb-post-tax-term\">Noticias<\/a>"],"unlinked":["<span class=\"advgb-post-tax-term\">Noticias<\/span>"]}},"comment_count":"0","relative_dates":{"created":"Publicado 5 a\u00f1os hace","modified":"Actualizado 5 a\u00f1os hace"},"absolute_dates":{"created":"Publicado el 9 de junio de 2021","modified":"Actualizado el 9 de junio de 2021"},"absolute_dates_time":{"created":"Publicado el 9 de junio de 2021 16:08","modified":"Actualizado el 9 de junio de 2021 16:33"},"featured_img_caption":"","series_order":"","show_in_app":true,"fecha_inicio_destacado":null,"hora_inicio_visualizacion":null,"minutos_inicio_visualizacion":null,"fecha_final_destacado":null,"hora_final_visualizacion":null,"minutos_final_visualizacion":null,"posicion_visualizacion":null,"estado_destacado":null,"niveles_destacados":null,"url_del_enlace":null,"banner_destacado":null,"posicion_visualizacion_de_la_noticia":null,"estado_noticia":null,"fecha_de_inicio_de_visualizacion_del_tutorial":null,"hora_inicio_visualizacion_tutorial":null,"minutos_inicio_visualizacion_tutorial":null,"fecha_de_final_de_visualizacion_del_tutorial":null,"hora_final_visualizacion_tutorial":null,"minutos_final_visualizacion_tutorial":null,"numero_de_veces_visto":null,"numero_de_veces_total":null,"niveles_tutorial":null,"tutorial_recursos_castellano":null,"tutorial_recursos_catalan":null,"dias_disponibles":null,"dias_de_la_semana":null,"dias_del_mes":null,"other_lang_post_id":null,"lang":"es","campanya_descripcion":null,"campanya_fecha_inicio":null,"campanya_fecha_fin":null,"campanya_legales":null,"campanya_imagen":null,"campanya_characteristics":null,"campanya_url":null,"campanya_posicion_visualizacion":null,"campanya_estado":null,"_links":{"self":[{"href":"https:\/\/www.ametllerorigenwp.com\/es\/wp-json\/wp\/v2\/posts\/2426","targetHints":{"allow":["GET"]}}],"collection":[{"href":"https:\/\/www.ametllerorigenwp.com\/es\/wp-json\/wp\/v2\/posts"}],"about":[{"href":"https:\/\/www.ametllerorigenwp.com\/es\/wp-json\/wp\/v2\/types\/post"}],"author":[{"embeddable":true,"href":"https:\/\/www.ametllerorigenwp.com\/es\/wp-json\/wp\/v2\/users\/5"}],"replies":[{"embeddable":true,"href":"https:\/\/www.ametllerorigenwp.com\/es\/wp-json\/wp\/v2\/comments?post=2426"}],"version-history":[{"count":3,"href":"https:\/\/www.ametllerorigenwp.com\/es\/wp-json\/wp\/v2\/posts\/2426\/revisions"}],"predecessor-version":[{"id":2429,"href":"https:\/\/www.ametllerorigenwp.com\/es\/wp-json\/wp\/v2\/posts\/2426\/revisions\/2429"}],"wp:featuredmedia":[{"embeddable":true,"href":"https:\/\/www.ametllerorigenwp.com\/es\/wp-json\/wp\/v2\/media\/1765"}],"wp:attachment":[{"href":"https:\/\/www.ametllerorigenwp.com\/es\/wp-json\/wp\/v2\/media?parent=2426"}],"wp:term":[{"taxonomy":"category","embeddable":true,"href":"https:\/\/www.ametllerorigenwp.com\/es\/wp-json\/wp\/v2\/categories?post=2426"},{"taxonomy":"post_tag","embeddable":true,"href":"https:\/\/www.ametllerorigenwp.com\/es\/wp-json\/wp\/v2\/tags?post=2426"}],"curies":[{"name":"wp","href":"https:\/\/api.w.org\/{rel}","templated":true}]}}