{"id":2447,"date":"2021-06-11T11:27:55","date_gmt":"2021-06-11T11:27:55","guid":{"rendered":"https:\/\/www.ametllerorigenwp.com\/?p=2447"},"modified":"2021-06-11T12:54:02","modified_gmt":"2021-06-11T12:54:02","slug":"taller-presencial-aprende-a-preparar-smoothies-y-batidos-saludables-y-deliciosos","status":"publish","type":"post","link":"https:\/\/www.ametllerorigenwp.com\/es\/taller-presencial-aprende-a-preparar-smoothies-y-batidos-saludables-y-deliciosos\/","title":{"rendered":"Taller presencial: \u00a1aprende a preparar smoothies y batidos saludables y deliciosos!"},"content":{"rendered":"\n<p>En el marco del d\u00eda mundial de las verduras frescas, el <strong>mi\u00e9rcoles 16 de junio a las 18 h,<\/strong> te animamos a participar en el <strong>taller presencial de smoothies y batidos<\/strong> que impartir\u00e1 nuestra nutricionista, la Dra. Eul\u00e0lia Vidal y Cintet.<\/p>\n\n\n\n<p>Aprende a preparar deliciosos batidos energizantes, proteicos, digestivos y vitam\u00ednicos que te ayuden a incorporar, en tu d\u00eda a d\u00eda, el consumo de frutas y verduras.<\/p>\n\n\n\n<p>El taller tendr\u00e1 lugar en Ametller Origen Mercat d\u2019Autors (Barcelona, C\/Num\u00e0ncia, 47)<\/p>\n\n\n\n<p>\u00a1No te lo pierdas! <strong>Reserva tu entrada presencial <a href=\"https:\/\/www.inscribirme.com\/tallerdsmoothiesibatutsambencintetiladraeulaliavidal?utm_source=app&amp;utm_medium=appes&amp;utm_campaign=org\" target=\"_blank\" rel=\"noreferrer noopener\">aqu\u00ed<\/a>.<\/strong><\/p>\n","protected":false},"excerpt":{"rendered":"<p>En el marco del d\u00eda mundial de las verduras frescas, el mi\u00e9rcoles 16 de junio a las 18 h, te animamos a participar en el taller presencial de smoothies y batidos que impartir\u00e1 nuestra nutricionista, la Dra. Eul\u00e0lia Vidal y Cintet. Aprende a preparar deliciosos batidos energizantes, proteicos, digestivos y vitam\u00ednicos que te ayuden a &hellip; <a href=\"https:\/\/www.ametllerorigenwp.com\/es\/taller-presencial-aprende-a-preparar-smoothies-y-batidos-saludables-y-deliciosos\/\" class=\"more-link\">Continuar leyendo<span class=\"screen-reader-text\"> \u00abTaller presencial: \u00a1aprende a preparar smoothies y batidos saludables y deliciosos!\u00bb<\/span><\/a><\/p>\n","protected":false},"author":5,"featured_media":2455,"comment_status":"open","ping_status":"open","sticky":false,"template":"","format":"standard","meta":{"_uag_custom_page_level_css":"","advgb_blocks_editor_width":"","advgb_blocks_columns_visual_guide":"","footnotes":""},"categories":[1],"tags":[],"class_list":["post-2447","post","type-post","status-publish","format-standard","has-post-thumbnail","hentry","category-noticias"],"author_meta":{"display_name":"Mireia Zaragoza","author_link":"https:\/\/www.ametllerorigenwp.com\/es\/author\/mzaragoza\/"},"featured_img":"https:\/\/www.ametllerorigenwp.com\/wp-content\/uploads\/2021\/06\/fotos-smoothies-2-JUNY-uai-1032x688-1-300x102.jpg","uagb_featured_image_src":{"full":["https:\/\/www.ametllerorigenwp.com\/wp-content\/uploads\/2021\/06\/fotos-smoothies-2-JUNY-uai-1032x688-1.jpg",1032,351,false],"thumbnail":["https:\/\/www.ametllerorigenwp.com\/wp-content\/uploads\/2021\/06\/fotos-smoothies-2-JUNY-uai-1032x688-1-150x150.jpg",150,150,true],"medium":["https:\/\/www.ametllerorigenwp.com\/wp-content\/uploads\/2021\/06\/fotos-smoothies-2-JUNY-uai-1032x688-1-300x102.jpg",300,102,true],"medium_large":["https:\/\/www.ametllerorigenwp.com\/wp-content\/uploads\/2021\/06\/fotos-smoothies-2-JUNY-uai-1032x688-1-768x261.jpg",768,261,true],"large":["https:\/\/www.ametllerorigenwp.com\/wp-content\/uploads\/2021\/06\/fotos-smoothies-2-JUNY-uai-1032x688-1-1024x348.jpg",840,285,true],"1536x1536":["https:\/\/www.ametllerorigenwp.com\/wp-content\/uploads\/2021\/06\/fotos-smoothies-2-JUNY-uai-1032x688-1.jpg",1032,351,false],"2048x2048":["https:\/\/www.ametllerorigenwp.com\/wp-content\/uploads\/2021\/06\/fotos-smoothies-2-JUNY-uai-1032x688-1.jpg",1032,351,false],"post-thumbnail":["https:\/\/www.ametllerorigenwp.com\/wp-content\/uploads\/2021\/06\/fotos-smoothies-2-JUNY-uai-1032x688-1.jpg",1032,351,false]},"uagb_author_info":{"display_name":"Mireia Zaragoza","author_link":"https:\/\/www.ametllerorigenwp.com\/es\/author\/mzaragoza\/"},"uagb_comment_info":0,"uagb_excerpt":"En el marco del d\u00eda mundial de las verduras frescas, el mi\u00e9rcoles 16 de junio a las 18 h, te animamos a participar en el taller presencial de smoothies y batidos que impartir\u00e1 nuestra nutricionista, la Dra. Eul\u00e0lia Vidal y Cintet. Aprende a preparar deliciosos batidos energizantes, proteicos, digestivos y vitam\u00ednicos que te ayuden a&hellip;","coauthors":[],"tax_additional":{"categories":{"linked":["<a href=\"https:\/\/www.ametllerorigenwp.com\/es\/category\/noticias\/\" class=\"advgb-post-tax-term\">Noticias<\/a>"],"unlinked":["<span class=\"advgb-post-tax-term\">Noticias<\/span>"]}},"comment_count":"0","relative_dates":{"created":"Publicado 5 a\u00f1os hace","modified":"Actualizado 5 a\u00f1os hace"},"absolute_dates":{"created":"Publicado el 11 de junio de 2021","modified":"Actualizado el 11 de junio de 2021"},"absolute_dates_time":{"created":"Publicado el 11 de junio de 2021 11:27","modified":"Actualizado el 11 de junio de 2021 12:54"},"featured_img_caption":"","series_order":"","show_in_app":true,"fecha_inicio_destacado":null,"hora_inicio_visualizacion":null,"minutos_inicio_visualizacion":null,"fecha_final_destacado":null,"hora_final_visualizacion":null,"minutos_final_visualizacion":null,"posicion_visualizacion":null,"estado_destacado":null,"niveles_destacados":null,"url_del_enlace":null,"banner_destacado":null,"posicion_visualizacion_de_la_noticia":null,"estado_noticia":null,"fecha_de_inicio_de_visualizacion_del_tutorial":null,"hora_inicio_visualizacion_tutorial":null,"minutos_inicio_visualizacion_tutorial":null,"fecha_de_final_de_visualizacion_del_tutorial":null,"hora_final_visualizacion_tutorial":null,"minutos_final_visualizacion_tutorial":null,"numero_de_veces_visto":null,"numero_de_veces_total":null,"niveles_tutorial":null,"tutorial_recursos_castellano":null,"tutorial_recursos_catalan":null,"dias_disponibles":null,"dias_de_la_semana":null,"dias_del_mes":null,"other_lang_post_id":null,"lang":"es","campanya_descripcion":null,"campanya_fecha_inicio":null,"campanya_fecha_fin":null,"campanya_legales":null,"campanya_imagen":null,"campanya_characteristics":null,"campanya_url":null,"campanya_posicion_visualizacion":null,"campanya_estado":null,"_links":{"self":[{"href":"https:\/\/www.ametllerorigenwp.com\/es\/wp-json\/wp\/v2\/posts\/2447","targetHints":{"allow":["GET"]}}],"collection":[{"href":"https:\/\/www.ametllerorigenwp.com\/es\/wp-json\/wp\/v2\/posts"}],"about":[{"href":"https:\/\/www.ametllerorigenwp.com\/es\/wp-json\/wp\/v2\/types\/post"}],"author":[{"embeddable":true,"href":"https:\/\/www.ametllerorigenwp.com\/es\/wp-json\/wp\/v2\/users\/5"}],"replies":[{"embeddable":true,"href":"https:\/\/www.ametllerorigenwp.com\/es\/wp-json\/wp\/v2\/comments?post=2447"}],"version-history":[{"count":1,"href":"https:\/\/www.ametllerorigenwp.com\/es\/wp-json\/wp\/v2\/posts\/2447\/revisions"}],"predecessor-version":[{"id":2448,"href":"https:\/\/www.ametllerorigenwp.com\/es\/wp-json\/wp\/v2\/posts\/2447\/revisions\/2448"}],"wp:featuredmedia":[{"embeddable":true,"href":"https:\/\/www.ametllerorigenwp.com\/es\/wp-json\/wp\/v2\/media\/2455"}],"wp:attachment":[{"href":"https:\/\/www.ametllerorigenwp.com\/es\/wp-json\/wp\/v2\/media?parent=2447"}],"wp:term":[{"taxonomy":"category","embeddable":true,"href":"https:\/\/www.ametllerorigenwp.com\/es\/wp-json\/wp\/v2\/categories?post=2447"},{"taxonomy":"post_tag","embeddable":true,"href":"https:\/\/www.ametllerorigenwp.com\/es\/wp-json\/wp\/v2\/tags?post=2447"}],"curies":[{"name":"wp","href":"https:\/\/api.w.org\/{rel}","templated":true}]}}