{"id":2474,"date":"2021-06-14T16:11:27","date_gmt":"2021-06-14T16:11:27","guid":{"rendered":"https:\/\/www.ametllerorigenwp.com\/?p=2474"},"modified":"2021-06-14T21:17:38","modified_gmt":"2021-06-14T21:17:38","slug":"descubre-los-beneficios-que-te-aporta-el-melocoton","status":"publish","type":"post","link":"https:\/\/www.ametllerorigenwp.com\/es\/descubre-los-beneficios-que-te-aporta-el-melocoton\/","title":{"rendered":"\u00a1Descubre los beneficios que te aporta el melocot\u00f3n!"},"content":{"rendered":"\n<p>\u00a1Dulces, jugosos y refrescantes! Ha llegado la hora de disfrutar de una de las frutas m\u00e1s esperadas del verano: \u00a1el melocot\u00f3n!<\/p>\n\n\n\n<p>Esta fruta dulce de temporada te aporta minerales como el <strong>potasio, que contribuye al buen funcionamiento de tu sistema nervioso y los m\u00fasculos.<\/strong> Asimismo, destaca su contenido en <strong>vitamina C: un melocot\u00f3n te aporta el 20% de vitamina C diaria que necesitas, <\/strong>y tambi\u00e9n <strong>betacarontenos, que le dan su color caracter\u00edstico, y te ayudan a proteger la vista y la piel y son un gran antioxidante. <\/strong>Finalmente, destaca su <strong>contenido en fibra, especialmente si lo comemos con piel, que te ayuda a mejorar tu salud intestinal.<\/strong><\/p>\n\n\n\n<p>El melocot\u00f3n es ideal para comerlo solo o a trocitos dentro de un yogur. Si te animas, tambi\u00e9n puedes preparar un batido de melocot\u00f3n, bebida vegetal de avena&nbsp; y un poco de canela.<\/p>\n\n\n\n<p>Recuerda que <strong>para llevar una dieta equilibrada, la Organizaci\u00f3n Mundial de la Salud (OMS) recomienda consumir un m\u00ednimo de tres piezas de fruta al d\u00eda.<\/strong><\/p>\n","protected":false},"excerpt":{"rendered":"<p>\u00a1Dulces, jugosos y refrescantes! Ha llegado la hora de disfrutar de una de las frutas m\u00e1s esperadas del verano: \u00a1el melocot\u00f3n! Esta fruta dulce de temporada te aporta minerales como el potasio, que contribuye al buen funcionamiento de tu sistema nervioso y los m\u00fasculos. Asimismo, destaca su contenido en vitamina C: un melocot\u00f3n te aporta &hellip; <a href=\"https:\/\/www.ametllerorigenwp.com\/es\/descubre-los-beneficios-que-te-aporta-el-melocoton\/\" class=\"more-link\">Continuar leyendo<span class=\"screen-reader-text\"> \u00ab\u00a1Descubre los beneficios que te aporta el melocot\u00f3n!\u00bb<\/span><\/a><\/p>\n","protected":false},"author":5,"featured_media":2472,"comment_status":"open","ping_status":"open","sticky":false,"template":"","format":"standard","meta":{"_uag_custom_page_level_css":"","advgb_blocks_editor_width":"","advgb_blocks_columns_visual_guide":"","footnotes":""},"categories":[1],"tags":[],"class_list":["post-2474","post","type-post","status-publish","format-standard","has-post-thumbnail","hentry","category-noticias"],"author_meta":{"display_name":"Mireia Zaragoza","author_link":"https:\/\/www.ametllerorigenwp.com\/es\/author\/mzaragoza\/"},"featured_img":"https:\/\/www.ametllerorigenwp.com\/wp-content\/uploads\/2021\/06\/pressecs-615104996-300x102.jpg","uagb_featured_image_src":{"full":["https:\/\/www.ametllerorigenwp.com\/wp-content\/uploads\/2021\/06\/pressecs-615104996.jpg",1155,393,false],"thumbnail":["https:\/\/www.ametllerorigenwp.com\/wp-content\/uploads\/2021\/06\/pressecs-615104996-150x150.jpg",150,150,true],"medium":["https:\/\/www.ametllerorigenwp.com\/wp-content\/uploads\/2021\/06\/pressecs-615104996-300x102.jpg",300,102,true],"medium_large":["https:\/\/www.ametllerorigenwp.com\/wp-content\/uploads\/2021\/06\/pressecs-615104996-768x261.jpg",768,261,true],"large":["https:\/\/www.ametllerorigenwp.com\/wp-content\/uploads\/2021\/06\/pressecs-615104996-1024x348.jpg",840,285,true],"1536x1536":["https:\/\/www.ametllerorigenwp.com\/wp-content\/uploads\/2021\/06\/pressecs-615104996.jpg",1155,393,false],"2048x2048":["https:\/\/www.ametllerorigenwp.com\/wp-content\/uploads\/2021\/06\/pressecs-615104996.jpg",1155,393,false],"post-thumbnail":["https:\/\/www.ametllerorigenwp.com\/wp-content\/uploads\/2021\/06\/pressecs-615104996.jpg",1155,393,false]},"uagb_author_info":{"display_name":"Mireia Zaragoza","author_link":"https:\/\/www.ametllerorigenwp.com\/es\/author\/mzaragoza\/"},"uagb_comment_info":0,"uagb_excerpt":"\u00a1Dulces, jugosos y refrescantes! Ha llegado la hora de disfrutar de una de las frutas m\u00e1s esperadas del verano: \u00a1el melocot\u00f3n! Esta fruta dulce de temporada te aporta minerales como el potasio, que contribuye al buen funcionamiento de tu sistema nervioso y los m\u00fasculos. Asimismo, destaca su contenido en vitamina C: un melocot\u00f3n te aporta&hellip;","coauthors":[],"tax_additional":{"categories":{"linked":["<a href=\"https:\/\/www.ametllerorigenwp.com\/es\/category\/noticias\/\" class=\"advgb-post-tax-term\">Noticias<\/a>"],"unlinked":["<span class=\"advgb-post-tax-term\">Noticias<\/span>"]}},"comment_count":"0","relative_dates":{"created":"Publicado 5 a\u00f1os hace","modified":"Actualizado 5 a\u00f1os hace"},"absolute_dates":{"created":"Publicado el 14 de junio de 2021","modified":"Actualizado el 14 de junio de 2021"},"absolute_dates_time":{"created":"Publicado el 14 de junio de 2021 16:11","modified":"Actualizado el 14 de junio de 2021 21:17"},"featured_img_caption":"","series_order":"","show_in_app":true,"fecha_inicio_destacado":null,"hora_inicio_visualizacion":null,"minutos_inicio_visualizacion":null,"fecha_final_destacado":null,"hora_final_visualizacion":null,"minutos_final_visualizacion":null,"posicion_visualizacion":null,"estado_destacado":null,"niveles_destacados":null,"url_del_enlace":null,"banner_destacado":null,"posicion_visualizacion_de_la_noticia":null,"estado_noticia":null,"fecha_de_inicio_de_visualizacion_del_tutorial":null,"hora_inicio_visualizacion_tutorial":null,"minutos_inicio_visualizacion_tutorial":null,"fecha_de_final_de_visualizacion_del_tutorial":null,"hora_final_visualizacion_tutorial":null,"minutos_final_visualizacion_tutorial":null,"numero_de_veces_visto":null,"numero_de_veces_total":null,"niveles_tutorial":null,"tutorial_recursos_castellano":null,"tutorial_recursos_catalan":null,"dias_disponibles":null,"dias_de_la_semana":null,"dias_del_mes":null,"other_lang_post_id":null,"lang":"es","campanya_descripcion":null,"campanya_fecha_inicio":null,"campanya_fecha_fin":null,"campanya_legales":null,"campanya_imagen":null,"campanya_characteristics":null,"campanya_url":null,"campanya_posicion_visualizacion":null,"campanya_estado":null,"_links":{"self":[{"href":"https:\/\/www.ametllerorigenwp.com\/es\/wp-json\/wp\/v2\/posts\/2474","targetHints":{"allow":["GET"]}}],"collection":[{"href":"https:\/\/www.ametllerorigenwp.com\/es\/wp-json\/wp\/v2\/posts"}],"about":[{"href":"https:\/\/www.ametllerorigenwp.com\/es\/wp-json\/wp\/v2\/types\/post"}],"author":[{"embeddable":true,"href":"https:\/\/www.ametllerorigenwp.com\/es\/wp-json\/wp\/v2\/users\/5"}],"replies":[{"embeddable":true,"href":"https:\/\/www.ametllerorigenwp.com\/es\/wp-json\/wp\/v2\/comments?post=2474"}],"version-history":[{"count":3,"href":"https:\/\/www.ametllerorigenwp.com\/es\/wp-json\/wp\/v2\/posts\/2474\/revisions"}],"predecessor-version":[{"id":2483,"href":"https:\/\/www.ametllerorigenwp.com\/es\/wp-json\/wp\/v2\/posts\/2474\/revisions\/2483"}],"wp:featuredmedia":[{"embeddable":true,"href":"https:\/\/www.ametllerorigenwp.com\/es\/wp-json\/wp\/v2\/media\/2472"}],"wp:attachment":[{"href":"https:\/\/www.ametllerorigenwp.com\/es\/wp-json\/wp\/v2\/media?parent=2474"}],"wp:term":[{"taxonomy":"category","embeddable":true,"href":"https:\/\/www.ametllerorigenwp.com\/es\/wp-json\/wp\/v2\/categories?post=2474"},{"taxonomy":"post_tag","embeddable":true,"href":"https:\/\/www.ametllerorigenwp.com\/es\/wp-json\/wp\/v2\/tags?post=2474"}],"curies":[{"name":"wp","href":"https:\/\/api.w.org\/{rel}","templated":true}]}}