{"id":2580,"date":"2021-06-20T15:03:00","date_gmt":"2021-06-20T15:03:00","guid":{"rendered":"https:\/\/www.ametllerorigenwp.com\/?p=2580"},"modified":"2021-06-18T15:04:43","modified_gmt":"2021-06-18T15:04:43","slug":"san-juan-se-empieza-a-celebrar-en-la-mesa-todo-listo-para-la-verbena","status":"publish","type":"post","link":"https:\/\/www.ametllerorigenwp.com\/es\/san-juan-se-empieza-a-celebrar-en-la-mesa-todo-listo-para-la-verbena\/","title":{"rendered":"San Juan se empieza a celebrar en la mesa: \u00a1todo listo para la verbena!"},"content":{"rendered":"\n<p>\u00a1Este a\u00f1o toca VER VER Verbena de San Juan! Por eso, hemos preparado las <strong>bandejas de quesos e ib\u00e9ricos m\u00e1s irresistibles<\/strong> para que triunfes en la mesa. Una combinaci\u00f3n perfecta para que tengas un \u00e9xito rotundo, y que ya puedes encargar en la <a href=\"https:\/\/www.ametllerorigen.com\/es\/san-juan?utm_source=app&amp;utm_medium=appes&amp;utm_campaign=org\" target=\"_blank\" rel=\"noreferrer noopener\">tienda online<\/a> y en las tiendas con carnicer\u00eda asistida.<\/p>\n\n\n\n<p>Y de postre, \u00a1tenemos para ti las mejores cocas de San Juan! Del\u00e9itate con las <strong>cocas de chicharrones, chocolate o crema de Escrib\u00e0 Dreams<\/strong>, del mejor pastelero del mundo, Christian Escrib\u00e0 y Patricia Schmidt. Ya las puedes encontrar <a href=\"https:\/\/www.ametllerorigen.com\/es\/san-juan?utm_source=app&amp;utm_medium=appes&amp;utm_campaign=org\" target=\"_blank\" rel=\"noreferrer noopener\">aqu\u00ed<\/a> o en tu tienda habitual y acompa\u00f1arlas con un buen cava de Familia Ametller. \u00a1Convierte la noche de San Juan en una de las m\u00e1s especiales!<\/p>\n\n\n\n<p>\u00a1Feliz VER VER Verbena!<\/p>\n","protected":false},"excerpt":{"rendered":"<p>\u00a1Este a\u00f1o toca VER VER Verbena de San Juan! Por eso, hemos preparado las bandejas de quesos e ib\u00e9ricos m\u00e1s irresistibles para que triunfes en la mesa. Una combinaci\u00f3n perfecta para que tengas un \u00e9xito rotundo, y que ya puedes encargar en la tienda online y en las tiendas con carnicer\u00eda asistida. Y de postre, &hellip; <a href=\"https:\/\/www.ametllerorigenwp.com\/es\/san-juan-se-empieza-a-celebrar-en-la-mesa-todo-listo-para-la-verbena\/\" class=\"more-link\">Continuar leyendo<span class=\"screen-reader-text\"> \u00abSan Juan se empieza a celebrar en la mesa: \u00a1todo listo para la verbena!\u00bb<\/span><\/a><\/p>\n","protected":false},"author":5,"featured_media":2578,"comment_status":"open","ping_status":"open","sticky":false,"template":"","format":"standard","meta":{"_uag_custom_page_level_css":"","advgb_blocks_editor_width":"","advgb_blocks_columns_visual_guide":"","footnotes":""},"categories":[1],"tags":[],"class_list":["post-2580","post","type-post","status-publish","format-standard","has-post-thumbnail","hentry","category-noticias"],"author_meta":{"display_name":"Mireia Zaragoza","author_link":"https:\/\/www.ametllerorigenwp.com\/es\/author\/mzaragoza\/"},"featured_img":"https:\/\/www.ametllerorigenwp.com\/wp-content\/uploads\/2021\/06\/P1012470-300x102.jpg","uagb_featured_image_src":{"full":["https:\/\/www.ametllerorigenwp.com\/wp-content\/uploads\/2021\/06\/P1012470.jpg",1001,339,false],"thumbnail":["https:\/\/www.ametllerorigenwp.com\/wp-content\/uploads\/2021\/06\/P1012470-150x150.jpg",150,150,true],"medium":["https:\/\/www.ametllerorigenwp.com\/wp-content\/uploads\/2021\/06\/P1012470-300x102.jpg",300,102,true],"medium_large":["https:\/\/www.ametllerorigenwp.com\/wp-content\/uploads\/2021\/06\/P1012470-768x260.jpg",768,260,true],"large":["https:\/\/www.ametllerorigenwp.com\/wp-content\/uploads\/2021\/06\/P1012470.jpg",840,284,false],"1536x1536":["https:\/\/www.ametllerorigenwp.com\/wp-content\/uploads\/2021\/06\/P1012470.jpg",1001,339,false],"2048x2048":["https:\/\/www.ametllerorigenwp.com\/wp-content\/uploads\/2021\/06\/P1012470.jpg",1001,339,false],"post-thumbnail":["https:\/\/www.ametllerorigenwp.com\/wp-content\/uploads\/2021\/06\/P1012470.jpg",1001,339,false]},"uagb_author_info":{"display_name":"Mireia Zaragoza","author_link":"https:\/\/www.ametllerorigenwp.com\/es\/author\/mzaragoza\/"},"uagb_comment_info":0,"uagb_excerpt":"\u00a1Este a\u00f1o toca VER VER Verbena de San Juan! Por eso, hemos preparado las bandejas de quesos e ib\u00e9ricos m\u00e1s irresistibles para que triunfes en la mesa. Una combinaci\u00f3n perfecta para que tengas un \u00e9xito rotundo, y que ya puedes encargar en la tienda online y en las tiendas con carnicer\u00eda asistida. Y de postre,&hellip;","coauthors":[],"tax_additional":{"categories":{"linked":["<a href=\"https:\/\/www.ametllerorigenwp.com\/es\/category\/noticias\/\" class=\"advgb-post-tax-term\">Noticias<\/a>"],"unlinked":["<span class=\"advgb-post-tax-term\">Noticias<\/span>"]}},"comment_count":"0","relative_dates":{"created":"Publicado 5 a\u00f1os hace","modified":"Actualizado 5 a\u00f1os hace"},"absolute_dates":{"created":"Publicado el 20 de junio de 2021","modified":"Actualizado el 18 de junio de 2021"},"absolute_dates_time":{"created":"Publicado el 20 de junio de 2021 15:03","modified":"Actualizado el 18 de junio de 2021 15:04"},"featured_img_caption":"","series_order":"","show_in_app":true,"fecha_inicio_destacado":null,"hora_inicio_visualizacion":null,"minutos_inicio_visualizacion":null,"fecha_final_destacado":null,"hora_final_visualizacion":null,"minutos_final_visualizacion":null,"posicion_visualizacion":null,"estado_destacado":null,"niveles_destacados":null,"url_del_enlace":null,"banner_destacado":null,"posicion_visualizacion_de_la_noticia":null,"estado_noticia":null,"fecha_de_inicio_de_visualizacion_del_tutorial":null,"hora_inicio_visualizacion_tutorial":null,"minutos_inicio_visualizacion_tutorial":null,"fecha_de_final_de_visualizacion_del_tutorial":null,"hora_final_visualizacion_tutorial":null,"minutos_final_visualizacion_tutorial":null,"numero_de_veces_visto":null,"numero_de_veces_total":null,"niveles_tutorial":null,"tutorial_recursos_castellano":null,"tutorial_recursos_catalan":null,"dias_disponibles":null,"dias_de_la_semana":null,"dias_del_mes":null,"other_lang_post_id":null,"lang":"es","campanya_descripcion":null,"campanya_fecha_inicio":null,"campanya_fecha_fin":null,"campanya_legales":null,"campanya_imagen":null,"campanya_characteristics":null,"campanya_url":null,"campanya_posicion_visualizacion":null,"campanya_estado":null,"_links":{"self":[{"href":"https:\/\/www.ametllerorigenwp.com\/es\/wp-json\/wp\/v2\/posts\/2580","targetHints":{"allow":["GET"]}}],"collection":[{"href":"https:\/\/www.ametllerorigenwp.com\/es\/wp-json\/wp\/v2\/posts"}],"about":[{"href":"https:\/\/www.ametllerorigenwp.com\/es\/wp-json\/wp\/v2\/types\/post"}],"author":[{"embeddable":true,"href":"https:\/\/www.ametllerorigenwp.com\/es\/wp-json\/wp\/v2\/users\/5"}],"replies":[{"embeddable":true,"href":"https:\/\/www.ametllerorigenwp.com\/es\/wp-json\/wp\/v2\/comments?post=2580"}],"version-history":[{"count":1,"href":"https:\/\/www.ametllerorigenwp.com\/es\/wp-json\/wp\/v2\/posts\/2580\/revisions"}],"predecessor-version":[{"id":2581,"href":"https:\/\/www.ametllerorigenwp.com\/es\/wp-json\/wp\/v2\/posts\/2580\/revisions\/2581"}],"wp:featuredmedia":[{"embeddable":true,"href":"https:\/\/www.ametllerorigenwp.com\/es\/wp-json\/wp\/v2\/media\/2578"}],"wp:attachment":[{"href":"https:\/\/www.ametllerorigenwp.com\/es\/wp-json\/wp\/v2\/media?parent=2580"}],"wp:term":[{"taxonomy":"category","embeddable":true,"href":"https:\/\/www.ametllerorigenwp.com\/es\/wp-json\/wp\/v2\/categories?post=2580"},{"taxonomy":"post_tag","embeddable":true,"href":"https:\/\/www.ametllerorigenwp.com\/es\/wp-json\/wp\/v2\/tags?post=2580"}],"curies":[{"name":"wp","href":"https:\/\/api.w.org\/{rel}","templated":true}]}}