{"id":2590,"date":"2021-06-21T15:41:00","date_gmt":"2021-06-21T15:41:00","guid":{"rendered":"https:\/\/www.ametllerorigenwp.com\/?p=2590"},"modified":"2021-06-21T15:41:04","modified_gmt":"2021-06-21T15:41:04","slug":"las-garnachas-de-familia-ametller-triunfan-en-grenaches-du-monde","status":"publish","type":"post","link":"https:\/\/www.ametllerorigenwp.com\/es\/las-garnachas-de-familia-ametller-triunfan-en-grenaches-du-monde\/","title":{"rendered":"\u00a1Las garnachas de Familia Ametller triunfan en Grenaches du Monde!"},"content":{"rendered":"\n<p>Los vinos de Familia Ametller elaborados con la variedad garnacha han sido premiados en el <strong>Grenaches du Monde<\/strong>, uno de los concursos de vino m\u00e1s prestigiosos del mundo, que este a\u00f1o ha celebrado su novena edici\u00f3n. El jurado <strong>ha otorgado a nuestros vinos del Priorat y Pened\u00e8s, un total de siete medallas, \u00a1tres de oro y cuatro de plata!<\/strong><\/p>\n\n\n\n<p>El palmar\u00e9s ha sido el siguiente, por territorios:<\/p>\n\n\n\n<p>Pened\u00e8s<\/p>\n\n\n\n<ul class=\"wp-block-list\"><li>Medalla de Oro por Ametller Garnatxa Negra 2018<\/li><li>Medalla de Oro por Ametller Garnatxa Negra y Carinyena 2018<\/li><li>Medalla de Plata por Ametller Garnatxa blanca 2020<\/li><\/ul>\n\n\n\n<p>Priorat<\/p>\n\n\n\n<ul class=\"wp-block-list\"><li>Medalla de Oro, Els Igols 2011<\/li><li>Medalla de Plata por Clos Corriol Negro selecci\u00f3n 2017<\/li><li>Medalla de Plata por Clos Corriol Rosado 2020<\/li><li>Medalla de Plata por Clos Mustard\u00f3 Blanco 2018<\/li><\/ul>\n\n\n\n<p>\u00a1Descubre nuestros <a href=\"https:\/\/familiaametller.com\/es\/vinos\/?utm_source=app&amp;utm_medium=appes&amp;utm_campaign=org\" target=\"_blank\" rel=\"noreferrer noopener\">vinos m\u00e1s especiales<\/a> y que no falten nunca en la mesa!<\/p>\n","protected":false},"excerpt":{"rendered":"<p>Los vinos de Familia Ametller elaborados con la variedad garnacha han sido premiados en el Grenaches du Monde, uno de los concursos de vino m\u00e1s prestigiosos del mundo, que este a\u00f1o ha celebrado su novena edici\u00f3n. El jurado ha otorgado a nuestros vinos del Priorat y Pened\u00e8s, un total de siete medallas, \u00a1tres de oro &hellip; <a href=\"https:\/\/www.ametllerorigenwp.com\/es\/las-garnachas-de-familia-ametller-triunfan-en-grenaches-du-monde\/\" class=\"more-link\">Continuar leyendo<span class=\"screen-reader-text\"> \u00ab\u00a1Las garnachas de Familia Ametller triunfan en Grenaches du Monde!\u00bb<\/span><\/a><\/p>\n","protected":false},"author":5,"featured_media":1049,"comment_status":"open","ping_status":"open","sticky":false,"template":"","format":"standard","meta":{"_uag_custom_page_level_css":"","advgb_blocks_editor_width":"","advgb_blocks_columns_visual_guide":"","footnotes":""},"categories":[1],"tags":[],"class_list":["post-2590","post","type-post","status-publish","format-standard","has-post-thumbnail","hentry","category-noticias"],"author_meta":{"display_name":"Mireia Zaragoza","author_link":"https:\/\/www.ametllerorigenwp.com\/es\/author\/mzaragoza\/"},"featured_img":"https:\/\/www.ametllerorigenwp.com\/wp-content\/uploads\/2021\/03\/joan_ametller-w-300x200.jpg","uagb_featured_image_src":{"full":["https:\/\/www.ametllerorigenwp.com\/wp-content\/uploads\/2021\/03\/joan_ametller-w.jpg",1200,800,false],"thumbnail":["https:\/\/www.ametllerorigenwp.com\/wp-content\/uploads\/2021\/03\/joan_ametller-w-150x150.jpg",150,150,true],"medium":["https:\/\/www.ametllerorigenwp.com\/wp-content\/uploads\/2021\/03\/joan_ametller-w-300x200.jpg",300,200,true],"medium_large":["https:\/\/www.ametllerorigenwp.com\/wp-content\/uploads\/2021\/03\/joan_ametller-w-768x512.jpg",768,512,true],"large":["https:\/\/www.ametllerorigenwp.com\/wp-content\/uploads\/2021\/03\/joan_ametller-w-1024x683.jpg",840,560,true],"1536x1536":["https:\/\/www.ametllerorigenwp.com\/wp-content\/uploads\/2021\/03\/joan_ametller-w.jpg",1200,800,false],"2048x2048":["https:\/\/www.ametllerorigenwp.com\/wp-content\/uploads\/2021\/03\/joan_ametller-w.jpg",1200,800,false],"post-thumbnail":["https:\/\/www.ametllerorigenwp.com\/wp-content\/uploads\/2021\/03\/joan_ametller-w.jpg",1200,800,false]},"uagb_author_info":{"display_name":"Mireia Zaragoza","author_link":"https:\/\/www.ametllerorigenwp.com\/es\/author\/mzaragoza\/"},"uagb_comment_info":0,"uagb_excerpt":"Los vinos de Familia Ametller elaborados con la variedad garnacha han sido premiados en el Grenaches du Monde, uno de los concursos de vino m\u00e1s prestigiosos del mundo, que este a\u00f1o ha celebrado su novena edici\u00f3n. El jurado ha otorgado a nuestros vinos del Priorat y Pened\u00e8s, un total de siete medallas, \u00a1tres de oro&hellip;","coauthors":[],"tax_additional":{"categories":{"linked":["<a href=\"https:\/\/www.ametllerorigenwp.com\/es\/category\/noticias\/\" class=\"advgb-post-tax-term\">Noticias<\/a>"],"unlinked":["<span class=\"advgb-post-tax-term\">Noticias<\/span>"]}},"comment_count":"0","relative_dates":{"created":"Publicado 5 a\u00f1os hace","modified":"Actualizado 5 a\u00f1os hace"},"absolute_dates":{"created":"Publicado el 21 de junio de 2021","modified":"Actualizado el 21 de junio de 2021"},"absolute_dates_time":{"created":"Publicado el 21 de junio de 2021 15:41","modified":"Actualizado el 21 de junio de 2021 15:41"},"featured_img_caption":"","series_order":"","show_in_app":true,"fecha_inicio_destacado":null,"hora_inicio_visualizacion":null,"minutos_inicio_visualizacion":null,"fecha_final_destacado":null,"hora_final_visualizacion":null,"minutos_final_visualizacion":null,"posicion_visualizacion":null,"estado_destacado":null,"niveles_destacados":null,"url_del_enlace":null,"banner_destacado":null,"posicion_visualizacion_de_la_noticia":null,"estado_noticia":null,"fecha_de_inicio_de_visualizacion_del_tutorial":null,"hora_inicio_visualizacion_tutorial":null,"minutos_inicio_visualizacion_tutorial":null,"fecha_de_final_de_visualizacion_del_tutorial":null,"hora_final_visualizacion_tutorial":null,"minutos_final_visualizacion_tutorial":null,"numero_de_veces_visto":null,"numero_de_veces_total":null,"niveles_tutorial":null,"tutorial_recursos_castellano":null,"tutorial_recursos_catalan":null,"dias_disponibles":null,"dias_de_la_semana":null,"dias_del_mes":null,"other_lang_post_id":null,"lang":"es","campanya_descripcion":null,"campanya_fecha_inicio":null,"campanya_fecha_fin":null,"campanya_legales":null,"campanya_imagen":null,"campanya_characteristics":null,"campanya_url":null,"campanya_posicion_visualizacion":null,"campanya_estado":null,"_links":{"self":[{"href":"https:\/\/www.ametllerorigenwp.com\/es\/wp-json\/wp\/v2\/posts\/2590","targetHints":{"allow":["GET"]}}],"collection":[{"href":"https:\/\/www.ametllerorigenwp.com\/es\/wp-json\/wp\/v2\/posts"}],"about":[{"href":"https:\/\/www.ametllerorigenwp.com\/es\/wp-json\/wp\/v2\/types\/post"}],"author":[{"embeddable":true,"href":"https:\/\/www.ametllerorigenwp.com\/es\/wp-json\/wp\/v2\/users\/5"}],"replies":[{"embeddable":true,"href":"https:\/\/www.ametllerorigenwp.com\/es\/wp-json\/wp\/v2\/comments?post=2590"}],"version-history":[{"count":1,"href":"https:\/\/www.ametllerorigenwp.com\/es\/wp-json\/wp\/v2\/posts\/2590\/revisions"}],"predecessor-version":[{"id":2591,"href":"https:\/\/www.ametllerorigenwp.com\/es\/wp-json\/wp\/v2\/posts\/2590\/revisions\/2591"}],"wp:featuredmedia":[{"embeddable":true,"href":"https:\/\/www.ametllerorigenwp.com\/es\/wp-json\/wp\/v2\/media\/1049"}],"wp:attachment":[{"href":"https:\/\/www.ametllerorigenwp.com\/es\/wp-json\/wp\/v2\/media?parent=2590"}],"wp:term":[{"taxonomy":"category","embeddable":true,"href":"https:\/\/www.ametllerorigenwp.com\/es\/wp-json\/wp\/v2\/categories?post=2590"},{"taxonomy":"post_tag","embeddable":true,"href":"https:\/\/www.ametllerorigenwp.com\/es\/wp-json\/wp\/v2\/tags?post=2590"}],"curies":[{"name":"wp","href":"https:\/\/api.w.org\/{rel}","templated":true}]}}