{"id":2605,"date":"2021-06-22T11:53:01","date_gmt":"2021-06-22T11:53:01","guid":{"rendered":"https:\/\/www.ametllerorigenwp.com\/?p=2605"},"modified":"2021-06-22T11:53:05","modified_gmt":"2021-06-22T11:53:05","slug":"feliz-ver-ver-verbena","status":"publish","type":"post","link":"https:\/\/www.ametllerorigenwp.com\/es\/feliz-ver-ver-verbena\/","title":{"rendered":"\u00a1Feliz VER VER Verbena!"},"content":{"rendered":"\n<p>\u00bfSab\u00edas que la verbena de San Juan tambi\u00e9n se conoce popularmente como la Noche del Fuego, la Noche de las Brujas o la Noche del Ros? En esta noche tan m\u00e1gica celebramos el solsticio de verano, que comienza dos d\u00edas antes de la festividad (el 21 de junio). Aunque tradicionalmente siempre se ha dicho que la noche de San Juan es la m\u00e1s corta del a\u00f1o, no es cierto. La noche m\u00e1s corta del a\u00f1o es el 21 de junio, cuando iniciamos la estaci\u00f3n de verano.<\/p>\n\n\n\n<p>\u00a1Te deseamos una feliz verbena de San Juan! Recuerda que la noche de San Juan empieza en la mesa y, por eso, te hemos preparado una <strong>propuesta gastron\u00f3mica \u00a1para chuparse los dedos! Que no falten las croquetas del chef Nandu Jubany, las tablas de quesos y de embutidos ib\u00e9ricos y las deliciosas cocas de Escrib\u00e0 Dreams, elaboradas por el mejor pastelero del mundo, Christian Escrib\u00e0, y Patricia Schmidt.<\/strong> Encu\u00e9ntralo todo <a href=\"https:\/\/www.ametllerorigen.com\/es\/san-juan?utm_source=app&amp;utm_medium=appes&amp;utm_campaign=org\" target=\"_blank\" rel=\"noreferrer noopener\">aqu\u00ed<\/a> o en tu tienda habitual.<\/p>\n\n\n\n<p>\u00a1Feliz verbena!<\/p>\n","protected":false},"excerpt":{"rendered":"<p>\u00bfSab\u00edas que la verbena de San Juan tambi\u00e9n se conoce popularmente como la Noche del Fuego, la Noche de las Brujas o la Noche del Ros? En esta noche tan m\u00e1gica celebramos el solsticio de verano, que comienza dos d\u00edas antes de la festividad (el 21 de junio). Aunque tradicionalmente siempre se ha dicho que &hellip; <a href=\"https:\/\/www.ametllerorigenwp.com\/es\/feliz-ver-ver-verbena\/\" class=\"more-link\">Continuar leyendo<span class=\"screen-reader-text\"> \u00ab\u00a1Feliz VER VER Verbena!\u00bb<\/span><\/a><\/p>\n","protected":false},"author":5,"featured_media":2603,"comment_status":"open","ping_status":"open","sticky":false,"template":"","format":"standard","meta":{"_uag_custom_page_level_css":"","advgb_blocks_editor_width":"","advgb_blocks_columns_visual_guide":"","footnotes":""},"categories":[1],"tags":[],"class_list":["post-2605","post","type-post","status-publish","format-standard","has-post-thumbnail","hentry","category-noticias"],"author_meta":{"display_name":"Mireia Zaragoza","author_link":"https:\/\/www.ametllerorigenwp.com\/es\/author\/mzaragoza\/"},"featured_img":"https:\/\/www.ametllerorigenwp.com\/wp-content\/uploads\/2021\/06\/coca_santJoan-300x102.jpg","uagb_featured_image_src":{"full":["https:\/\/www.ametllerorigenwp.com\/wp-content\/uploads\/2021\/06\/coca_santJoan.jpg",1000,340,false],"thumbnail":["https:\/\/www.ametllerorigenwp.com\/wp-content\/uploads\/2021\/06\/coca_santJoan-150x150.jpg",150,150,true],"medium":["https:\/\/www.ametllerorigenwp.com\/wp-content\/uploads\/2021\/06\/coca_santJoan-300x102.jpg",300,102,true],"medium_large":["https:\/\/www.ametllerorigenwp.com\/wp-content\/uploads\/2021\/06\/coca_santJoan-768x261.jpg",768,261,true],"large":["https:\/\/www.ametllerorigenwp.com\/wp-content\/uploads\/2021\/06\/coca_santJoan.jpg",840,286,false],"1536x1536":["https:\/\/www.ametllerorigenwp.com\/wp-content\/uploads\/2021\/06\/coca_santJoan.jpg",1000,340,false],"2048x2048":["https:\/\/www.ametllerorigenwp.com\/wp-content\/uploads\/2021\/06\/coca_santJoan.jpg",1000,340,false],"post-thumbnail":["https:\/\/www.ametllerorigenwp.com\/wp-content\/uploads\/2021\/06\/coca_santJoan.jpg",1000,340,false]},"uagb_author_info":{"display_name":"Mireia Zaragoza","author_link":"https:\/\/www.ametllerorigenwp.com\/es\/author\/mzaragoza\/"},"uagb_comment_info":0,"uagb_excerpt":"\u00bfSab\u00edas que la verbena de San Juan tambi\u00e9n se conoce popularmente como la Noche del Fuego, la Noche de las Brujas o la Noche del Ros? En esta noche tan m\u00e1gica celebramos el solsticio de verano, que comienza dos d\u00edas antes de la festividad (el 21 de junio). Aunque tradicionalmente siempre se ha dicho que&hellip;","coauthors":[],"tax_additional":{"categories":{"linked":["<a href=\"https:\/\/www.ametllerorigenwp.com\/es\/category\/noticias\/\" class=\"advgb-post-tax-term\">Noticias<\/a>"],"unlinked":["<span class=\"advgb-post-tax-term\">Noticias<\/span>"]}},"comment_count":"0","relative_dates":{"created":"Publicado 5 a\u00f1os hace","modified":"Actualizado 5 a\u00f1os hace"},"absolute_dates":{"created":"Publicado el 22 de junio de 2021","modified":"Actualizado el 22 de junio de 2021"},"absolute_dates_time":{"created":"Publicado el 22 de junio de 2021 11:53","modified":"Actualizado el 22 de junio de 2021 11:53"},"featured_img_caption":"","series_order":"","show_in_app":true,"fecha_inicio_destacado":null,"hora_inicio_visualizacion":null,"minutos_inicio_visualizacion":null,"fecha_final_destacado":null,"hora_final_visualizacion":null,"minutos_final_visualizacion":null,"posicion_visualizacion":null,"estado_destacado":null,"niveles_destacados":null,"url_del_enlace":null,"banner_destacado":null,"posicion_visualizacion_de_la_noticia":null,"estado_noticia":null,"fecha_de_inicio_de_visualizacion_del_tutorial":null,"hora_inicio_visualizacion_tutorial":null,"minutos_inicio_visualizacion_tutorial":null,"fecha_de_final_de_visualizacion_del_tutorial":null,"hora_final_visualizacion_tutorial":null,"minutos_final_visualizacion_tutorial":null,"numero_de_veces_visto":null,"numero_de_veces_total":null,"niveles_tutorial":null,"tutorial_recursos_castellano":null,"tutorial_recursos_catalan":null,"dias_disponibles":null,"dias_de_la_semana":null,"dias_del_mes":null,"other_lang_post_id":null,"lang":"es","campanya_descripcion":null,"campanya_fecha_inicio":null,"campanya_fecha_fin":null,"campanya_legales":null,"campanya_imagen":null,"campanya_characteristics":null,"campanya_url":null,"campanya_posicion_visualizacion":null,"campanya_estado":null,"_links":{"self":[{"href":"https:\/\/www.ametllerorigenwp.com\/es\/wp-json\/wp\/v2\/posts\/2605","targetHints":{"allow":["GET"]}}],"collection":[{"href":"https:\/\/www.ametllerorigenwp.com\/es\/wp-json\/wp\/v2\/posts"}],"about":[{"href":"https:\/\/www.ametllerorigenwp.com\/es\/wp-json\/wp\/v2\/types\/post"}],"author":[{"embeddable":true,"href":"https:\/\/www.ametllerorigenwp.com\/es\/wp-json\/wp\/v2\/users\/5"}],"replies":[{"embeddable":true,"href":"https:\/\/www.ametllerorigenwp.com\/es\/wp-json\/wp\/v2\/comments?post=2605"}],"version-history":[{"count":1,"href":"https:\/\/www.ametllerorigenwp.com\/es\/wp-json\/wp\/v2\/posts\/2605\/revisions"}],"predecessor-version":[{"id":2606,"href":"https:\/\/www.ametllerorigenwp.com\/es\/wp-json\/wp\/v2\/posts\/2605\/revisions\/2606"}],"wp:featuredmedia":[{"embeddable":true,"href":"https:\/\/www.ametllerorigenwp.com\/es\/wp-json\/wp\/v2\/media\/2603"}],"wp:attachment":[{"href":"https:\/\/www.ametllerorigenwp.com\/es\/wp-json\/wp\/v2\/media?parent=2605"}],"wp:term":[{"taxonomy":"category","embeddable":true,"href":"https:\/\/www.ametllerorigenwp.com\/es\/wp-json\/wp\/v2\/categories?post=2605"},{"taxonomy":"post_tag","embeddable":true,"href":"https:\/\/www.ametllerorigenwp.com\/es\/wp-json\/wp\/v2\/tags?post=2605"}],"curies":[{"name":"wp","href":"https:\/\/api.w.org\/{rel}","templated":true}]}}