{"id":2739,"date":"2021-07-04T15:21:00","date_gmt":"2021-07-04T15:21:00","guid":{"rendered":"https:\/\/www.ametllerorigenwp.com\/?p=2739"},"modified":"2021-07-02T15:22:10","modified_gmt":"2021-07-02T15:22:10","slug":"te-contamos-los-secretos-de-nuestras-acelgas","status":"publish","type":"post","link":"https:\/\/www.ametllerorigenwp.com\/es\/te-contamos-los-secretos-de-nuestras-acelgas\/","title":{"rendered":"\u00a1Te contamos los secretos de nuestras acelgas!"},"content":{"rendered":"\n<p>\u00bfQuieres saber por qu\u00e9 cosechamos las acelgas antes de las 12 del mediod\u00eda? Cintet ha visitado, acompa\u00f1ado del pay\u00e9s Miquel \u00c0ngel Puigpei, <strong>nuestros campos de acelgas de Vilanova del Vall\u00e8s para ense\u00f1arte c\u00f3mo cultivamos esta verdura.<\/strong><\/p>\n\n\n\n<p>\u00a1Descubre en este <a href=\"https:\/\/www.instagram.com\/p\/CQmCga4IgVg\/?utm_source=app&amp;utm_medium=appes&amp;utm_campaign=org\" target=\"_blank\" rel=\"noreferrer noopener\">v\u00eddeo<\/a> todos los secretos de nuestras acelgas y porqu\u00e9 son <strong>tan frescas y sabrosas!<\/strong><\/p>\n","protected":false},"excerpt":{"rendered":"<p>\u00bfQuieres saber por qu\u00e9 cosechamos las acelgas antes de las 12 del mediod\u00eda? Cintet ha visitado, acompa\u00f1ado del pay\u00e9s Miquel \u00c0ngel Puigpei, nuestros campos de acelgas de Vilanova del Vall\u00e8s para ense\u00f1arte c\u00f3mo cultivamos esta verdura. \u00a1Descubre en este v\u00eddeo todos los secretos de nuestras acelgas y porqu\u00e9 son tan frescas y sabrosas!<\/p>\n","protected":false},"author":5,"featured_media":2740,"comment_status":"open","ping_status":"open","sticky":false,"template":"","format":"standard","meta":{"_uag_custom_page_level_css":"","advgb_blocks_editor_width":"","advgb_blocks_columns_visual_guide":"","footnotes":""},"categories":[1],"tags":[],"class_list":["post-2739","post","type-post","status-publish","format-standard","has-post-thumbnail","hentry","category-noticias"],"author_meta":{"display_name":"Mireia Zaragoza","author_link":"https:\/\/www.ametllerorigenwp.com\/es\/author\/mzaragoza\/"},"featured_img":"https:\/\/www.ametllerorigenwp.com\/wp-content\/uploads\/2021\/07\/Camp-300x102.jpg","uagb_featured_image_src":{"full":["https:\/\/www.ametllerorigenwp.com\/wp-content\/uploads\/2021\/07\/Camp.jpg",1000,340,false],"thumbnail":["https:\/\/www.ametllerorigenwp.com\/wp-content\/uploads\/2021\/07\/Camp-150x150.jpg",150,150,true],"medium":["https:\/\/www.ametllerorigenwp.com\/wp-content\/uploads\/2021\/07\/Camp-300x102.jpg",300,102,true],"medium_large":["https:\/\/www.ametllerorigenwp.com\/wp-content\/uploads\/2021\/07\/Camp-768x261.jpg",768,261,true],"large":["https:\/\/www.ametllerorigenwp.com\/wp-content\/uploads\/2021\/07\/Camp.jpg",840,286,false],"1536x1536":["https:\/\/www.ametllerorigenwp.com\/wp-content\/uploads\/2021\/07\/Camp.jpg",1000,340,false],"2048x2048":["https:\/\/www.ametllerorigenwp.com\/wp-content\/uploads\/2021\/07\/Camp.jpg",1000,340,false],"post-thumbnail":["https:\/\/www.ametllerorigenwp.com\/wp-content\/uploads\/2021\/07\/Camp.jpg",1000,340,false]},"uagb_author_info":{"display_name":"Mireia Zaragoza","author_link":"https:\/\/www.ametllerorigenwp.com\/es\/author\/mzaragoza\/"},"uagb_comment_info":0,"uagb_excerpt":"\u00bfQuieres saber por qu\u00e9 cosechamos las acelgas antes de las 12 del mediod\u00eda? Cintet ha visitado, acompa\u00f1ado del pay\u00e9s Miquel \u00c0ngel Puigpei, nuestros campos de acelgas de Vilanova del Vall\u00e8s para ense\u00f1arte c\u00f3mo cultivamos esta verdura. \u00a1Descubre en este v\u00eddeo todos los secretos de nuestras acelgas y porqu\u00e9 son tan frescas y sabrosas!","coauthors":[],"tax_additional":{"categories":{"linked":["<a href=\"https:\/\/www.ametllerorigenwp.com\/es\/category\/noticias\/\" class=\"advgb-post-tax-term\">Noticias<\/a>"],"unlinked":["<span class=\"advgb-post-tax-term\">Noticias<\/span>"]}},"comment_count":"0","relative_dates":{"created":"Publicado 5 a\u00f1os hace","modified":"Actualizado 5 a\u00f1os hace"},"absolute_dates":{"created":"Publicado el 4 de julio de 2021","modified":"Actualizado el 2 de julio de 2021"},"absolute_dates_time":{"created":"Publicado el 4 de julio de 2021 15:21","modified":"Actualizado el 2 de julio de 2021 15:22"},"featured_img_caption":"","series_order":"","show_in_app":true,"fecha_inicio_destacado":null,"hora_inicio_visualizacion":null,"minutos_inicio_visualizacion":null,"fecha_final_destacado":null,"hora_final_visualizacion":null,"minutos_final_visualizacion":null,"posicion_visualizacion":null,"estado_destacado":null,"niveles_destacados":null,"url_del_enlace":null,"banner_destacado":null,"posicion_visualizacion_de_la_noticia":null,"estado_noticia":null,"fecha_de_inicio_de_visualizacion_del_tutorial":null,"hora_inicio_visualizacion_tutorial":null,"minutos_inicio_visualizacion_tutorial":null,"fecha_de_final_de_visualizacion_del_tutorial":null,"hora_final_visualizacion_tutorial":null,"minutos_final_visualizacion_tutorial":null,"numero_de_veces_visto":null,"numero_de_veces_total":null,"niveles_tutorial":null,"tutorial_recursos_castellano":null,"tutorial_recursos_catalan":null,"dias_disponibles":null,"dias_de_la_semana":null,"dias_del_mes":null,"other_lang_post_id":null,"lang":"es","campanya_descripcion":null,"campanya_fecha_inicio":null,"campanya_fecha_fin":null,"campanya_legales":null,"campanya_imagen":null,"campanya_characteristics":null,"campanya_url":null,"campanya_posicion_visualizacion":null,"campanya_estado":null,"_links":{"self":[{"href":"https:\/\/www.ametllerorigenwp.com\/es\/wp-json\/wp\/v2\/posts\/2739","targetHints":{"allow":["GET"]}}],"collection":[{"href":"https:\/\/www.ametllerorigenwp.com\/es\/wp-json\/wp\/v2\/posts"}],"about":[{"href":"https:\/\/www.ametllerorigenwp.com\/es\/wp-json\/wp\/v2\/types\/post"}],"author":[{"embeddable":true,"href":"https:\/\/www.ametllerorigenwp.com\/es\/wp-json\/wp\/v2\/users\/5"}],"replies":[{"embeddable":true,"href":"https:\/\/www.ametllerorigenwp.com\/es\/wp-json\/wp\/v2\/comments?post=2739"}],"version-history":[{"count":1,"href":"https:\/\/www.ametllerorigenwp.com\/es\/wp-json\/wp\/v2\/posts\/2739\/revisions"}],"predecessor-version":[{"id":2742,"href":"https:\/\/www.ametllerorigenwp.com\/es\/wp-json\/wp\/v2\/posts\/2739\/revisions\/2742"}],"wp:featuredmedia":[{"embeddable":true,"href":"https:\/\/www.ametllerorigenwp.com\/es\/wp-json\/wp\/v2\/media\/2740"}],"wp:attachment":[{"href":"https:\/\/www.ametllerorigenwp.com\/es\/wp-json\/wp\/v2\/media?parent=2739"}],"wp:term":[{"taxonomy":"category","embeddable":true,"href":"https:\/\/www.ametllerorigenwp.com\/es\/wp-json\/wp\/v2\/categories?post=2739"},{"taxonomy":"post_tag","embeddable":true,"href":"https:\/\/www.ametllerorigenwp.com\/es\/wp-json\/wp\/v2\/tags?post=2739"}],"curies":[{"name":"wp","href":"https:\/\/api.w.org\/{rel}","templated":true}]}}