{"id":2754,"date":"2021-07-02T19:37:01","date_gmt":"2021-07-02T19:37:01","guid":{"rendered":"https:\/\/www.ametllerorigenwp.com\/?p=2754"},"modified":"2021-07-02T19:46:46","modified_gmt":"2021-07-02T19:46:46","slug":"una-compra-mas-consciente-y-sostenible","status":"publish","type":"post","link":"https:\/\/www.ametllerorigenwp.com\/es\/una-compra-mas-consciente-y-sostenible\/","title":{"rendered":"Una compra m\u00e1s consciente y sostenible"},"content":{"rendered":"\n<p>Hoy se conmemora <strong>el D\u00eda Internacional Libre de Bolsas de Pl\u00e1stico<\/strong>, una jornada para concienciar y fomentar el uso de alternativas sostenibles. <strong>Desde Ametller Origen hace tiempo que hacemos camino para promocionar unos h\u00e1bitos de vida y consumo m\u00e1s sostenibles, implementando diferentes acciones:<\/strong><\/p>\n\n\n\n<ul class=\"wp-block-list\"><li><strong>2019: eliminamos todas las bolsas de pl\u00e1stico de asas de nuestros establecimientos (semilla #29)<\/strong> y las sustituimos por <strong>bolsas reutilizables de rafia, bolsas reciclables de papel, bolsas compostables de asas<\/strong> y, en algunas tiendas, disponemos de cajas de cart\u00f3n reutilizables de fruta y verdura. Con esta acci\u00f3n hemos evitado el uso de m\u00e1s de 11 millones de bolsas de pl\u00e1stico y ahorrado 76 toneladas de pl\u00e1stico.<\/li><\/ul>\n\n\n\n<ul class=\"wp-block-list\"><li><strong> 2019:<\/strong> <strong>implementamos las bolsas reutilizables de malla<\/strong> (semilla #30) <strong>para comprar fruta y verdura a granel<\/strong>. Desde su implementaci\u00f3n, hemos generado m\u00e1s de 3 millones de compras a granel con bolsa reutilizable.<\/li><\/ul>\n\n\n\n<ul class=\"wp-block-list\"><li><strong>2019: eliminamos la bolsa de pl\u00e1stico en la secci\u00f3n de carnicer\u00eda y la hemos sustituido por la bolsa compostable<\/strong> (semilla #24). Con esta acci\u00f3n hemos evitado 10.727 toneladas de pl\u00e1stico.<\/li><\/ul>\n\n\n\n<ul class=\"wp-block-list\"><li><strong>2019: nuestros clientes pueden traer su tupper y envase reutilizable<\/strong> (semilla #28 y #31) <strong>para llevarse la compra de carnicer\u00eda y charcuter\u00eda<\/strong> o bien adquirirlo directamente en tienda.<\/li><\/ul>\n\n\n\n<ul class=\"wp-block-list\"><li><strong>2020: eliminamos las bolsas de pl\u00e1stico para las compras a granel<\/strong> (semilla #40). Hemos evitado m\u00e1s de 26 millones de bolsas de pl\u00e1stico destinadas a la compra de fruta y verdura a granel y ahorrado 86 toneladas de pl\u00e1stico.<\/li><\/ul>\n\n\n\n<ul class=\"wp-block-list\"><li><strong>2020: implementamos las bandejas de ca\u00f1a de az\u00facar compostable en la secci\u00f3n de carnicer\u00eda<\/strong> (semilla #47) para sustituir las bandejas de pl\u00e1stico, lo que ha supuesto un ahorro de 9,6 toneladas de pl\u00e1stico.<\/li><\/ul>\n\n\n\n<p>Desde Ametller Origen <strong>queremos promover la compra consciente y sostenible, as\u00ed como la reutilizaci\u00f3n de envases<\/strong>. Recuerda que a la hora de comprar, <strong>la acci\u00f3n m\u00e1s sostenible es traer tus propias bolsas de casa y tus envases. \u00a1Sigamos avanzando juntos hacia el mundo donde queremos vivir! \u00danete en <a href=\"https:\/\/www.femcami.org\/es\" target=\"_blank\" rel=\"noreferrer noopener\">femcami.org<\/a><\/strong><\/p>\n","protected":false},"excerpt":{"rendered":"<p>Hoy se conmemora el D\u00eda Internacional Libre de Bolsas de Pl\u00e1stico, una jornada para concienciar y fomentar el uso de alternativas sostenibles. Desde Ametller Origen hace tiempo que hacemos camino para promocionar unos h\u00e1bitos de vida y consumo m\u00e1s sostenibles, implementando diferentes acciones: 2019: eliminamos todas las bolsas de pl\u00e1stico de asas de nuestros establecimientos &hellip; <a href=\"https:\/\/www.ametllerorigenwp.com\/es\/una-compra-mas-consciente-y-sostenible\/\" class=\"more-link\">Continuar leyendo<span class=\"screen-reader-text\"> \u00abUna compra m\u00e1s consciente y sostenible\u00bb<\/span><\/a><\/p>\n","protected":false},"author":5,"featured_media":2748,"comment_status":"open","ping_status":"open","sticky":false,"template":"","format":"standard","meta":{"_uag_custom_page_level_css":"","advgb_blocks_editor_width":"","advgb_blocks_columns_visual_guide":"","footnotes":""},"categories":[1],"tags":[],"class_list":["post-2754","post","type-post","status-publish","format-standard","has-post-thumbnail","hentry","category-noticias"],"author_meta":{"display_name":"Mireia Zaragoza","author_link":"https:\/\/www.ametllerorigenwp.com\/es\/author\/mzaragoza\/"},"featured_img":"https:\/\/www.ametllerorigenwp.com\/wp-content\/uploads\/2021\/07\/BOSSA1-300x102.jpg","uagb_featured_image_src":{"full":["https:\/\/www.ametllerorigenwp.com\/wp-content\/uploads\/2021\/07\/BOSSA1.jpg",1000,340,false],"thumbnail":["https:\/\/www.ametllerorigenwp.com\/wp-content\/uploads\/2021\/07\/BOSSA1-150x150.jpg",150,150,true],"medium":["https:\/\/www.ametllerorigenwp.com\/wp-content\/uploads\/2021\/07\/BOSSA1-300x102.jpg",300,102,true],"medium_large":["https:\/\/www.ametllerorigenwp.com\/wp-content\/uploads\/2021\/07\/BOSSA1-768x261.jpg",768,261,true],"large":["https:\/\/www.ametllerorigenwp.com\/wp-content\/uploads\/2021\/07\/BOSSA1.jpg",840,286,false],"1536x1536":["https:\/\/www.ametllerorigenwp.com\/wp-content\/uploads\/2021\/07\/BOSSA1.jpg",1000,340,false],"2048x2048":["https:\/\/www.ametllerorigenwp.com\/wp-content\/uploads\/2021\/07\/BOSSA1.jpg",1000,340,false],"post-thumbnail":["https:\/\/www.ametllerorigenwp.com\/wp-content\/uploads\/2021\/07\/BOSSA1.jpg",1000,340,false]},"uagb_author_info":{"display_name":"Mireia Zaragoza","author_link":"https:\/\/www.ametllerorigenwp.com\/es\/author\/mzaragoza\/"},"uagb_comment_info":0,"uagb_excerpt":"Hoy se conmemora el D\u00eda Internacional Libre de Bolsas de Pl\u00e1stico, una jornada para concienciar y fomentar el uso de alternativas sostenibles. Desde Ametller Origen hace tiempo que hacemos camino para promocionar unos h\u00e1bitos de vida y consumo m\u00e1s sostenibles, implementando diferentes acciones: 2019: eliminamos todas las bolsas de pl\u00e1stico de asas de nuestros establecimientos&hellip;","coauthors":[],"tax_additional":{"categories":{"linked":["<a href=\"https:\/\/www.ametllerorigenwp.com\/es\/category\/noticias\/\" class=\"advgb-post-tax-term\">Noticias<\/a>"],"unlinked":["<span class=\"advgb-post-tax-term\">Noticias<\/span>"]}},"comment_count":"0","relative_dates":{"created":"Publicado 5 a\u00f1os hace","modified":"Actualizado 5 a\u00f1os hace"},"absolute_dates":{"created":"Publicado el 2 de julio de 2021","modified":"Actualizado el 2 de julio de 2021"},"absolute_dates_time":{"created":"Publicado el 2 de julio de 2021 19:37","modified":"Actualizado el 2 de julio de 2021 19:46"},"featured_img_caption":"","series_order":"","show_in_app":true,"fecha_inicio_destacado":null,"hora_inicio_visualizacion":null,"minutos_inicio_visualizacion":null,"fecha_final_destacado":null,"hora_final_visualizacion":null,"minutos_final_visualizacion":null,"posicion_visualizacion":null,"estado_destacado":null,"niveles_destacados":null,"url_del_enlace":null,"banner_destacado":null,"posicion_visualizacion_de_la_noticia":null,"estado_noticia":null,"fecha_de_inicio_de_visualizacion_del_tutorial":null,"hora_inicio_visualizacion_tutorial":null,"minutos_inicio_visualizacion_tutorial":null,"fecha_de_final_de_visualizacion_del_tutorial":null,"hora_final_visualizacion_tutorial":null,"minutos_final_visualizacion_tutorial":null,"numero_de_veces_visto":null,"numero_de_veces_total":null,"niveles_tutorial":null,"tutorial_recursos_castellano":null,"tutorial_recursos_catalan":null,"dias_disponibles":null,"dias_de_la_semana":null,"dias_del_mes":null,"other_lang_post_id":null,"lang":"es","campanya_descripcion":null,"campanya_fecha_inicio":null,"campanya_fecha_fin":null,"campanya_legales":null,"campanya_imagen":null,"campanya_characteristics":null,"campanya_url":null,"campanya_posicion_visualizacion":null,"campanya_estado":null,"_links":{"self":[{"href":"https:\/\/www.ametllerorigenwp.com\/es\/wp-json\/wp\/v2\/posts\/2754","targetHints":{"allow":["GET"]}}],"collection":[{"href":"https:\/\/www.ametllerorigenwp.com\/es\/wp-json\/wp\/v2\/posts"}],"about":[{"href":"https:\/\/www.ametllerorigenwp.com\/es\/wp-json\/wp\/v2\/types\/post"}],"author":[{"embeddable":true,"href":"https:\/\/www.ametllerorigenwp.com\/es\/wp-json\/wp\/v2\/users\/5"}],"replies":[{"embeddable":true,"href":"https:\/\/www.ametllerorigenwp.com\/es\/wp-json\/wp\/v2\/comments?post=2754"}],"version-history":[{"count":4,"href":"https:\/\/www.ametllerorigenwp.com\/es\/wp-json\/wp\/v2\/posts\/2754\/revisions"}],"predecessor-version":[{"id":2761,"href":"https:\/\/www.ametllerorigenwp.com\/es\/wp-json\/wp\/v2\/posts\/2754\/revisions\/2761"}],"wp:featuredmedia":[{"embeddable":true,"href":"https:\/\/www.ametllerorigenwp.com\/es\/wp-json\/wp\/v2\/media\/2748"}],"wp:attachment":[{"href":"https:\/\/www.ametllerorigenwp.com\/es\/wp-json\/wp\/v2\/media?parent=2754"}],"wp:term":[{"taxonomy":"category","embeddable":true,"href":"https:\/\/www.ametllerorigenwp.com\/es\/wp-json\/wp\/v2\/categories?post=2754"},{"taxonomy":"post_tag","embeddable":true,"href":"https:\/\/www.ametllerorigenwp.com\/es\/wp-json\/wp\/v2\/tags?post=2754"}],"curies":[{"name":"wp","href":"https:\/\/api.w.org\/{rel}","templated":true}]}}