{"id":2831,"date":"2021-07-13T14:50:44","date_gmt":"2021-07-13T14:50:44","guid":{"rendered":"https:\/\/www.ametllerorigenwp.com\/?p=2831"},"modified":"2021-07-13T14:50:47","modified_gmt":"2021-07-13T14:50:47","slug":"mas-de-7-000-e-recaudados-para-luchar-contra-el-cancer","status":"publish","type":"post","link":"https:\/\/www.ametllerorigenwp.com\/es\/mas-de-7-000-e-recaudados-para-luchar-contra-el-cancer\/","title":{"rendered":"\u00a1M\u00e1s de 7.000 \u20ac recaudados para luchar contra el c\u00e1ncer!"},"content":{"rendered":"\n<p>\u00a1Gracias por tu solidaridad! Durante la semana de la salud digestiva <strong>impulsamos, junto con la Fundaci\u00f3n FERO, la campa\u00f1a \u00abEl estilo de vida como arma de prevenci\u00f3n\u00bb<\/strong> con el objetivo de concienciar a la poblaci\u00f3n sobre la importancia de seguir unos h\u00e1bitos de vida saludables para prevenir determinados tipos de c\u00e1ncer, como el digestivo, y recaudar fondos para la investigaci\u00f3n contra el c\u00e1ncer.<\/p>\n\n\n\n<p>Con esta iniciativa, que ha consistido en <strong>la donaci\u00f3n de 1 \u20ac por la venta de cada botella de gazpacho Ametller Origen 1L, hemos conseguido 7.420 \u20ac que se destinar\u00e1n \u00edntegramente al Programa de Diagn\u00f2stic Molecular Avan\u00e7at <\/strong>(DIAMAV) del Vall d&#8217;Hebron Institut d\u2019Oncologia (VHIO) con el que se administra un tratamiento personalizado para cada paciente.<\/p>\n\n\n\n<p>\u00a1Avancemos juntos hacia el mundo donde quieres vivir!<\/p>\n","protected":false},"excerpt":{"rendered":"<p>\u00a1Gracias por tu solidaridad! Durante la semana de la salud digestiva impulsamos, junto con la Fundaci\u00f3n FERO, la campa\u00f1a \u00abEl estilo de vida como arma de prevenci\u00f3n\u00bb con el objetivo de concienciar a la poblaci\u00f3n sobre la importancia de seguir unos h\u00e1bitos de vida saludables para prevenir determinados tipos de c\u00e1ncer, como el digestivo, y &hellip; <a href=\"https:\/\/www.ametllerorigenwp.com\/es\/mas-de-7-000-e-recaudados-para-luchar-contra-el-cancer\/\" class=\"more-link\">Continuar leyendo<span class=\"screen-reader-text\"> \u00ab\u00a1M\u00e1s de 7.000 \u20ac recaudados para luchar contra el c\u00e1ncer!\u00bb<\/span><\/a><\/p>\n","protected":false},"author":5,"featured_media":2141,"comment_status":"open","ping_status":"open","sticky":false,"template":"","format":"standard","meta":{"_uag_custom_page_level_css":"","advgb_blocks_editor_width":"","advgb_blocks_columns_visual_guide":"","footnotes":""},"categories":[1],"tags":[],"class_list":["post-2831","post","type-post","status-publish","format-standard","has-post-thumbnail","hentry","category-noticias"],"author_meta":{"display_name":"Mireia Zaragoza","author_link":"https:\/\/www.ametllerorigenwp.com\/es\/author\/mzaragoza\/"},"featured_img":"https:\/\/www.ametllerorigenwp.com\/wp-content\/uploads\/2021\/05\/App_gaspatxo_FERO_es-300x102.jpg","uagb_featured_image_src":{"full":["https:\/\/www.ametllerorigenwp.com\/wp-content\/uploads\/2021\/05\/App_gaspatxo_FERO_es.jpg",1000,340,false],"thumbnail":["https:\/\/www.ametllerorigenwp.com\/wp-content\/uploads\/2021\/05\/App_gaspatxo_FERO_es-150x150.jpg",150,150,true],"medium":["https:\/\/www.ametllerorigenwp.com\/wp-content\/uploads\/2021\/05\/App_gaspatxo_FERO_es-300x102.jpg",300,102,true],"medium_large":["https:\/\/www.ametllerorigenwp.com\/wp-content\/uploads\/2021\/05\/App_gaspatxo_FERO_es-768x261.jpg",768,261,true],"large":["https:\/\/www.ametllerorigenwp.com\/wp-content\/uploads\/2021\/05\/App_gaspatxo_FERO_es.jpg",840,286,false],"1536x1536":["https:\/\/www.ametllerorigenwp.com\/wp-content\/uploads\/2021\/05\/App_gaspatxo_FERO_es.jpg",1000,340,false],"2048x2048":["https:\/\/www.ametllerorigenwp.com\/wp-content\/uploads\/2021\/05\/App_gaspatxo_FERO_es.jpg",1000,340,false],"post-thumbnail":["https:\/\/www.ametllerorigenwp.com\/wp-content\/uploads\/2021\/05\/App_gaspatxo_FERO_es.jpg",1000,340,false]},"uagb_author_info":{"display_name":"Mireia Zaragoza","author_link":"https:\/\/www.ametllerorigenwp.com\/es\/author\/mzaragoza\/"},"uagb_comment_info":0,"uagb_excerpt":"\u00a1Gracias por tu solidaridad! Durante la semana de la salud digestiva impulsamos, junto con la Fundaci\u00f3n FERO, la campa\u00f1a \u00abEl estilo de vida como arma de prevenci\u00f3n\u00bb con el objetivo de concienciar a la poblaci\u00f3n sobre la importancia de seguir unos h\u00e1bitos de vida saludables para prevenir determinados tipos de c\u00e1ncer, como el digestivo, y&hellip;","coauthors":[],"tax_additional":{"categories":{"linked":["<a href=\"https:\/\/www.ametllerorigenwp.com\/es\/category\/noticias\/\" class=\"advgb-post-tax-term\">Noticias<\/a>"],"unlinked":["<span class=\"advgb-post-tax-term\">Noticias<\/span>"]}},"comment_count":"0","relative_dates":{"created":"Publicado 5 a\u00f1os hace","modified":"Actualizado 5 a\u00f1os hace"},"absolute_dates":{"created":"Publicado el 13 de julio de 2021","modified":"Actualizado el 13 de julio de 2021"},"absolute_dates_time":{"created":"Publicado el 13 de julio de 2021 14:50","modified":"Actualizado el 13 de julio de 2021 14:50"},"featured_img_caption":"","series_order":"","show_in_app":true,"fecha_inicio_destacado":null,"hora_inicio_visualizacion":null,"minutos_inicio_visualizacion":null,"fecha_final_destacado":null,"hora_final_visualizacion":null,"minutos_final_visualizacion":null,"posicion_visualizacion":null,"estado_destacado":null,"niveles_destacados":null,"url_del_enlace":null,"banner_destacado":null,"posicion_visualizacion_de_la_noticia":null,"estado_noticia":null,"fecha_de_inicio_de_visualizacion_del_tutorial":null,"hora_inicio_visualizacion_tutorial":null,"minutos_inicio_visualizacion_tutorial":null,"fecha_de_final_de_visualizacion_del_tutorial":null,"hora_final_visualizacion_tutorial":null,"minutos_final_visualizacion_tutorial":null,"numero_de_veces_visto":null,"numero_de_veces_total":null,"niveles_tutorial":null,"tutorial_recursos_castellano":null,"tutorial_recursos_catalan":null,"dias_disponibles":null,"dias_de_la_semana":null,"dias_del_mes":null,"other_lang_post_id":null,"lang":"es","campanya_descripcion":null,"campanya_fecha_inicio":null,"campanya_fecha_fin":null,"campanya_legales":null,"campanya_imagen":null,"campanya_characteristics":null,"campanya_url":null,"campanya_posicion_visualizacion":null,"campanya_estado":null,"_links":{"self":[{"href":"https:\/\/www.ametllerorigenwp.com\/es\/wp-json\/wp\/v2\/posts\/2831","targetHints":{"allow":["GET"]}}],"collection":[{"href":"https:\/\/www.ametllerorigenwp.com\/es\/wp-json\/wp\/v2\/posts"}],"about":[{"href":"https:\/\/www.ametllerorigenwp.com\/es\/wp-json\/wp\/v2\/types\/post"}],"author":[{"embeddable":true,"href":"https:\/\/www.ametllerorigenwp.com\/es\/wp-json\/wp\/v2\/users\/5"}],"replies":[{"embeddable":true,"href":"https:\/\/www.ametllerorigenwp.com\/es\/wp-json\/wp\/v2\/comments?post=2831"}],"version-history":[{"count":1,"href":"https:\/\/www.ametllerorigenwp.com\/es\/wp-json\/wp\/v2\/posts\/2831\/revisions"}],"predecessor-version":[{"id":2832,"href":"https:\/\/www.ametllerorigenwp.com\/es\/wp-json\/wp\/v2\/posts\/2831\/revisions\/2832"}],"wp:featuredmedia":[{"embeddable":true,"href":"https:\/\/www.ametllerorigenwp.com\/es\/wp-json\/wp\/v2\/media\/2141"}],"wp:attachment":[{"href":"https:\/\/www.ametllerorigenwp.com\/es\/wp-json\/wp\/v2\/media?parent=2831"}],"wp:term":[{"taxonomy":"category","embeddable":true,"href":"https:\/\/www.ametllerorigenwp.com\/es\/wp-json\/wp\/v2\/categories?post=2831"},{"taxonomy":"post_tag","embeddable":true,"href":"https:\/\/www.ametllerorigenwp.com\/es\/wp-json\/wp\/v2\/tags?post=2831"}],"curies":[{"name":"wp","href":"https:\/\/api.w.org\/{rel}","templated":true}]}}