{"id":2880,"date":"2021-07-19T14:30:26","date_gmt":"2021-07-19T14:30:26","guid":{"rendered":"https:\/\/www.ametllerorigenwp.com\/?p=2880"},"modified":"2021-07-20T06:57:26","modified_gmt":"2021-07-20T06:57:26","slug":"la-sandia-tu-gran-aliada-para-mantenerte-bien-hidratado-2","status":"publish","type":"post","link":"https:\/\/www.ametllerorigenwp.com\/es\/la-sandia-tu-gran-aliada-para-mantenerte-bien-hidratado-2\/","title":{"rendered":"La sand\u00eda, \u00a1tu gran aliada para mantenerte bien hidratado!"},"content":{"rendered":"\n<p>\u00bfSab\u00edas que la sand\u00eda es la fruta con mayor contenido en agua? S\u00ed, como lo oyes, en total \u00a1un 95% de su peso!<\/p>\n\n\n\n<p>Es por ello que <strong>esta fruta de verano tan refrescante es muy hidratante<\/strong>, ideal para los d\u00edas de m\u00e1s calor, y baja en calor\u00edas. Adem\u00e1s, la sand\u00eda es rica en <strong>carotenos, necesarios para el desarrollo del sistema inmunitario, la formaci\u00f3n y mantenimiento de las c\u00e9lulas de la piel y las mucosas y el crecimiento de los huesos.<\/strong> En cuanto a los minerales, destaca principalmente el <strong>potasio, que contribuye al buen funcionamiento del sistema nervioso y los m\u00fasculos.<\/strong><\/p>\n\n\n\n<p>La sand\u00eda es ideal para tomar de postre despu\u00e9s de las comidas, a media ma\u00f1ana o para merendar. C\u00f3rtala en dados y ofr\u00e9cesela a los m\u00e1s peque\u00f1os de la casa para que se refresquen; \u00a1seguro que les encanta! Y si quieres darle todav\u00eda un toque m\u00e1s fresco, te recomendamos que la cortes, la pongas en un bol y a\u00f1adas un poco de zumo de lim\u00f3n y unas hojas de menta. \u00a1Buen\u00edsima!<\/p>\n\n\n\n<p>Recuerda que <strong>para llevar una dieta equilibrada, la Organizaci\u00f3n Mundial de la Salud (OMS) recomienda consumir un m\u00ednimo de tres piezas de fruta al d\u00eda.<\/strong><\/p>\n","protected":false},"excerpt":{"rendered":"<p>\u00bfSab\u00edas que la sand\u00eda es la fruta con mayor contenido en agua? S\u00ed, como lo oyes, en total \u00a1un 95% de su peso! Es por ello que esta fruta de verano tan refrescante es muy hidratante, ideal para los d\u00edas de m\u00e1s calor, y baja en calor\u00edas. Adem\u00e1s, la sand\u00eda es rica en carotenos, necesarios &hellip; <a href=\"https:\/\/www.ametllerorigenwp.com\/es\/la-sandia-tu-gran-aliada-para-mantenerte-bien-hidratado-2\/\" class=\"more-link\">Continuar leyendo<span class=\"screen-reader-text\"> \u00abLa sand\u00eda, \u00a1tu gran aliada para mantenerte bien hidratado!\u00bb<\/span><\/a><\/p>\n","protected":false},"author":5,"featured_media":2878,"comment_status":"open","ping_status":"open","sticky":false,"template":"","format":"standard","meta":{"_uag_custom_page_level_css":"","advgb_blocks_editor_width":"","advgb_blocks_columns_visual_guide":"","footnotes":""},"categories":[1],"tags":[],"class_list":["post-2880","post","type-post","status-publish","format-standard","has-post-thumbnail","hentry","category-noticias"],"author_meta":{"display_name":"Mireia Zaragoza","author_link":"https:\/\/www.ametllerorigenwp.com\/es\/author\/mzaragoza\/"},"featured_img":"https:\/\/www.ametllerorigenwp.com\/wp-content\/uploads\/2021\/07\/iStock-1299510825-1-300x102.jpg","uagb_featured_image_src":{"full":["https:\/\/www.ametllerorigenwp.com\/wp-content\/uploads\/2021\/07\/iStock-1299510825-1.jpg",1001,339,false],"thumbnail":["https:\/\/www.ametllerorigenwp.com\/wp-content\/uploads\/2021\/07\/iStock-1299510825-1-150x150.jpg",150,150,true],"medium":["https:\/\/www.ametllerorigenwp.com\/wp-content\/uploads\/2021\/07\/iStock-1299510825-1-300x102.jpg",300,102,true],"medium_large":["https:\/\/www.ametllerorigenwp.com\/wp-content\/uploads\/2021\/07\/iStock-1299510825-1-768x260.jpg",768,260,true],"large":["https:\/\/www.ametllerorigenwp.com\/wp-content\/uploads\/2021\/07\/iStock-1299510825-1.jpg",840,284,false],"1536x1536":["https:\/\/www.ametllerorigenwp.com\/wp-content\/uploads\/2021\/07\/iStock-1299510825-1.jpg",1001,339,false],"2048x2048":["https:\/\/www.ametllerorigenwp.com\/wp-content\/uploads\/2021\/07\/iStock-1299510825-1.jpg",1001,339,false],"post-thumbnail":["https:\/\/www.ametllerorigenwp.com\/wp-content\/uploads\/2021\/07\/iStock-1299510825-1.jpg",1001,339,false]},"uagb_author_info":{"display_name":"Mireia Zaragoza","author_link":"https:\/\/www.ametllerorigenwp.com\/es\/author\/mzaragoza\/"},"uagb_comment_info":0,"uagb_excerpt":"\u00bfSab\u00edas que la sand\u00eda es la fruta con mayor contenido en agua? S\u00ed, como lo oyes, en total \u00a1un 95% de su peso! Es por ello que esta fruta de verano tan refrescante es muy hidratante, ideal para los d\u00edas de m\u00e1s calor, y baja en calor\u00edas. Adem\u00e1s, la sand\u00eda es rica en carotenos, necesarios&hellip;","coauthors":[],"tax_additional":{"categories":{"linked":["<a href=\"https:\/\/www.ametllerorigenwp.com\/es\/category\/noticias\/\" class=\"advgb-post-tax-term\">Noticias<\/a>"],"unlinked":["<span class=\"advgb-post-tax-term\">Noticias<\/span>"]}},"comment_count":"0","relative_dates":{"created":"Publicado 5 a\u00f1os hace","modified":"Actualizado 5 a\u00f1os hace"},"absolute_dates":{"created":"Publicado el 19 de julio de 2021","modified":"Actualizado el 20 de julio de 2021"},"absolute_dates_time":{"created":"Publicado el 19 de julio de 2021 14:30","modified":"Actualizado el 20 de julio de 2021 06:57"},"featured_img_caption":"","series_order":"","show_in_app":true,"fecha_inicio_destacado":null,"hora_inicio_visualizacion":null,"minutos_inicio_visualizacion":null,"fecha_final_destacado":null,"hora_final_visualizacion":null,"minutos_final_visualizacion":null,"posicion_visualizacion":null,"estado_destacado":null,"niveles_destacados":null,"url_del_enlace":null,"banner_destacado":null,"posicion_visualizacion_de_la_noticia":null,"estado_noticia":null,"fecha_de_inicio_de_visualizacion_del_tutorial":null,"hora_inicio_visualizacion_tutorial":null,"minutos_inicio_visualizacion_tutorial":null,"fecha_de_final_de_visualizacion_del_tutorial":null,"hora_final_visualizacion_tutorial":null,"minutos_final_visualizacion_tutorial":null,"numero_de_veces_visto":null,"numero_de_veces_total":null,"niveles_tutorial":null,"tutorial_recursos_castellano":null,"tutorial_recursos_catalan":null,"dias_disponibles":null,"dias_de_la_semana":null,"dias_del_mes":null,"other_lang_post_id":null,"lang":"es","campanya_descripcion":null,"campanya_fecha_inicio":null,"campanya_fecha_fin":null,"campanya_legales":null,"campanya_imagen":null,"campanya_characteristics":null,"campanya_url":null,"campanya_posicion_visualizacion":null,"campanya_estado":null,"_links":{"self":[{"href":"https:\/\/www.ametllerorigenwp.com\/es\/wp-json\/wp\/v2\/posts\/2880","targetHints":{"allow":["GET"]}}],"collection":[{"href":"https:\/\/www.ametllerorigenwp.com\/es\/wp-json\/wp\/v2\/posts"}],"about":[{"href":"https:\/\/www.ametllerorigenwp.com\/es\/wp-json\/wp\/v2\/types\/post"}],"author":[{"embeddable":true,"href":"https:\/\/www.ametllerorigenwp.com\/es\/wp-json\/wp\/v2\/users\/5"}],"replies":[{"embeddable":true,"href":"https:\/\/www.ametllerorigenwp.com\/es\/wp-json\/wp\/v2\/comments?post=2880"}],"version-history":[{"count":3,"href":"https:\/\/www.ametllerorigenwp.com\/es\/wp-json\/wp\/v2\/posts\/2880\/revisions"}],"predecessor-version":[{"id":2890,"href":"https:\/\/www.ametllerorigenwp.com\/es\/wp-json\/wp\/v2\/posts\/2880\/revisions\/2890"}],"wp:featuredmedia":[{"embeddable":true,"href":"https:\/\/www.ametllerorigenwp.com\/es\/wp-json\/wp\/v2\/media\/2878"}],"wp:attachment":[{"href":"https:\/\/www.ametllerorigenwp.com\/es\/wp-json\/wp\/v2\/media?parent=2880"}],"wp:term":[{"taxonomy":"category","embeddable":true,"href":"https:\/\/www.ametllerorigenwp.com\/es\/wp-json\/wp\/v2\/categories?post=2880"},{"taxonomy":"post_tag","embeddable":true,"href":"https:\/\/www.ametllerorigenwp.com\/es\/wp-json\/wp\/v2\/tags?post=2880"}],"curies":[{"name":"wp","href":"https:\/\/api.w.org\/{rel}","templated":true}]}}