{"id":2897,"date":"2021-07-20T16:13:01","date_gmt":"2021-07-20T16:13:01","guid":{"rendered":"https:\/\/www.ametllerorigenwp.com\/?p=2897"},"modified":"2021-07-20T16:13:05","modified_gmt":"2021-07-20T16:13:05","slug":"amante-del-gazpacho-es-tu-dia","status":"publish","type":"post","link":"https:\/\/www.ametllerorigenwp.com\/es\/amante-del-gazpacho-es-tu-dia\/","title":{"rendered":"Amante del gazpacho, \u00a1es tu d\u00eda!"},"content":{"rendered":"\n<p><strong>Hoy se celebra el D\u00eda Mundial del Gazpacho,<\/strong> una receta tradicional de Andaluc\u00eda que se ha popularizado en todo el territorio.<\/p>\n\n\n\n<p>Su origen se encuentra en los antiguos agricultores y jornaleros, que aprovechaban el pan seco de d\u00edas anteriores. Lo mojaban en agua y desmenuzaban a mano, mezcl\u00e1ndolo con tomates picados, ajo machacado en un mortero, sal, aceite y vinagre. Para acompa\u00f1arlo, pon\u00edan algunas verduras u hortalizas picadas, especialmente pepino y pimiento.<\/p>\n\n\n\n<p>Si eres tan fan del gazpacho como nosotros, te encantar\u00e1n <strong>todas las variedades irresistibles que tienes disponibles en las tiendas de Ametller Origen y en la <a href=\"https:\/\/www.ametllerorigen.com\/es\/gazpacho?_q=gazpacho&amp;map=ft?utm_source=app&amp;utm_medium=appes&amp;utm_campaign=org\" target=\"_blank\" rel=\"noreferrer noopener\">tienda online<\/a>! Elaborados con ingredientes 100% naturales en nuestro obrador de Ol\u00e8rdola.<\/strong><\/p>\n\n\n\n<ul class=\"wp-block-list\"><li><strong>De manzana verde y aguacate<\/strong><\/li><li><strong>De albaricoque y mango<\/strong><\/li><li><strong>De cereza<\/strong><\/li><li><strong>De fresa<\/strong><\/li><li><strong>Tradicional<\/strong><\/li><li><strong>Suave<\/strong><\/li><li><strong>Y nuestra \u00faltima novedad: \u00a1el ligero!<\/strong><\/li><\/ul>\n\n\n\n<p><strong>Descubre con qu\u00e9 combinaci\u00f3n de ingredientes puedes acompa\u00f1ar cada variedad de gazpacho en este <a href=\"https:\/\/www.youtube.com\/watch?v=lcNnjuhKKD4?_q=gazpacho&amp;map=ft?utm_source=app&amp;utm_medium=appes&amp;utm_campaign=org\" target=\"_blank\" rel=\"noreferrer noopener\">v\u00eddeo<\/a> <\/strong>que ha preparado Cintet para conmemorar el D\u00eda Mundial del Gazpacho: con verduras de temporada, huevo duro, queso feta o pan tostado especiado. \u00a1Delicioso!<\/p>\n","protected":false},"excerpt":{"rendered":"<p>Hoy se celebra el D\u00eda Mundial del Gazpacho, una receta tradicional de Andaluc\u00eda que se ha popularizado en todo el territorio. Su origen se encuentra en los antiguos agricultores y jornaleros, que aprovechaban el pan seco de d\u00edas anteriores. Lo mojaban en agua y desmenuzaban a mano, mezcl\u00e1ndolo con tomates picados, ajo machacado en un &hellip; <a href=\"https:\/\/www.ametllerorigenwp.com\/es\/amante-del-gazpacho-es-tu-dia\/\" class=\"more-link\">Continuar leyendo<span class=\"screen-reader-text\"> \u00abAmante del gazpacho, \u00a1es tu d\u00eda!\u00bb<\/span><\/a><\/p>\n","protected":false},"author":5,"featured_media":2895,"comment_status":"open","ping_status":"open","sticky":false,"template":"","format":"standard","meta":{"_uag_custom_page_level_css":"","advgb_blocks_editor_width":"","advgb_blocks_columns_visual_guide":"","footnotes":""},"categories":[1],"tags":[],"class_list":["post-2897","post","type-post","status-publish","format-standard","has-post-thumbnail","hentry","category-noticias"],"author_meta":{"display_name":"Mireia Zaragoza","author_link":"https:\/\/www.ametllerorigenwp.com\/es\/author\/mzaragoza\/"},"featured_img":"https:\/\/www.ametllerorigenwp.com\/wp-content\/uploads\/2021\/07\/Sin-titulo_1.12.1-300x102.jpg","uagb_featured_image_src":{"full":["https:\/\/www.ametllerorigenwp.com\/wp-content\/uploads\/2021\/07\/Sin-titulo_1.12.1.jpg",699,238,false],"thumbnail":["https:\/\/www.ametllerorigenwp.com\/wp-content\/uploads\/2021\/07\/Sin-titulo_1.12.1-150x150.jpg",150,150,true],"medium":["https:\/\/www.ametllerorigenwp.com\/wp-content\/uploads\/2021\/07\/Sin-titulo_1.12.1-300x102.jpg",300,102,true],"medium_large":["https:\/\/www.ametllerorigenwp.com\/wp-content\/uploads\/2021\/07\/Sin-titulo_1.12.1.jpg",699,238,false],"large":["https:\/\/www.ametllerorigenwp.com\/wp-content\/uploads\/2021\/07\/Sin-titulo_1.12.1.jpg",699,238,false],"1536x1536":["https:\/\/www.ametllerorigenwp.com\/wp-content\/uploads\/2021\/07\/Sin-titulo_1.12.1.jpg",699,238,false],"2048x2048":["https:\/\/www.ametllerorigenwp.com\/wp-content\/uploads\/2021\/07\/Sin-titulo_1.12.1.jpg",699,238,false],"post-thumbnail":["https:\/\/www.ametllerorigenwp.com\/wp-content\/uploads\/2021\/07\/Sin-titulo_1.12.1.jpg",699,238,false]},"uagb_author_info":{"display_name":"Mireia Zaragoza","author_link":"https:\/\/www.ametllerorigenwp.com\/es\/author\/mzaragoza\/"},"uagb_comment_info":0,"uagb_excerpt":"Hoy se celebra el D\u00eda Mundial del Gazpacho, una receta tradicional de Andaluc\u00eda que se ha popularizado en todo el territorio. Su origen se encuentra en los antiguos agricultores y jornaleros, que aprovechaban el pan seco de d\u00edas anteriores. Lo mojaban en agua y desmenuzaban a mano, mezcl\u00e1ndolo con tomates picados, ajo machacado en un&hellip;","coauthors":[],"tax_additional":{"categories":{"linked":["<a href=\"https:\/\/www.ametllerorigenwp.com\/es\/category\/noticias\/\" class=\"advgb-post-tax-term\">Noticias<\/a>"],"unlinked":["<span class=\"advgb-post-tax-term\">Noticias<\/span>"]}},"comment_count":"0","relative_dates":{"created":"Publicado 5 a\u00f1os hace","modified":"Actualizado 5 a\u00f1os hace"},"absolute_dates":{"created":"Publicado el 20 de julio de 2021","modified":"Actualizado el 20 de julio de 2021"},"absolute_dates_time":{"created":"Publicado el 20 de julio de 2021 16:13","modified":"Actualizado el 20 de julio de 2021 16:13"},"featured_img_caption":"","series_order":"","show_in_app":true,"fecha_inicio_destacado":null,"hora_inicio_visualizacion":null,"minutos_inicio_visualizacion":null,"fecha_final_destacado":null,"hora_final_visualizacion":null,"minutos_final_visualizacion":null,"posicion_visualizacion":null,"estado_destacado":null,"niveles_destacados":null,"url_del_enlace":null,"banner_destacado":null,"posicion_visualizacion_de_la_noticia":null,"estado_noticia":null,"fecha_de_inicio_de_visualizacion_del_tutorial":null,"hora_inicio_visualizacion_tutorial":null,"minutos_inicio_visualizacion_tutorial":null,"fecha_de_final_de_visualizacion_del_tutorial":null,"hora_final_visualizacion_tutorial":null,"minutos_final_visualizacion_tutorial":null,"numero_de_veces_visto":null,"numero_de_veces_total":null,"niveles_tutorial":null,"tutorial_recursos_castellano":null,"tutorial_recursos_catalan":null,"dias_disponibles":null,"dias_de_la_semana":null,"dias_del_mes":null,"other_lang_post_id":null,"lang":"es","campanya_descripcion":null,"campanya_fecha_inicio":null,"campanya_fecha_fin":null,"campanya_legales":null,"campanya_imagen":null,"campanya_characteristics":null,"campanya_url":null,"campanya_posicion_visualizacion":null,"campanya_estado":null,"_links":{"self":[{"href":"https:\/\/www.ametllerorigenwp.com\/es\/wp-json\/wp\/v2\/posts\/2897","targetHints":{"allow":["GET"]}}],"collection":[{"href":"https:\/\/www.ametllerorigenwp.com\/es\/wp-json\/wp\/v2\/posts"}],"about":[{"href":"https:\/\/www.ametllerorigenwp.com\/es\/wp-json\/wp\/v2\/types\/post"}],"author":[{"embeddable":true,"href":"https:\/\/www.ametllerorigenwp.com\/es\/wp-json\/wp\/v2\/users\/5"}],"replies":[{"embeddable":true,"href":"https:\/\/www.ametllerorigenwp.com\/es\/wp-json\/wp\/v2\/comments?post=2897"}],"version-history":[{"count":1,"href":"https:\/\/www.ametllerorigenwp.com\/es\/wp-json\/wp\/v2\/posts\/2897\/revisions"}],"predecessor-version":[{"id":2898,"href":"https:\/\/www.ametllerorigenwp.com\/es\/wp-json\/wp\/v2\/posts\/2897\/revisions\/2898"}],"wp:featuredmedia":[{"embeddable":true,"href":"https:\/\/www.ametllerorigenwp.com\/es\/wp-json\/wp\/v2\/media\/2895"}],"wp:attachment":[{"href":"https:\/\/www.ametllerorigenwp.com\/es\/wp-json\/wp\/v2\/media?parent=2897"}],"wp:term":[{"taxonomy":"category","embeddable":true,"href":"https:\/\/www.ametllerorigenwp.com\/es\/wp-json\/wp\/v2\/categories?post=2897"},{"taxonomy":"post_tag","embeddable":true,"href":"https:\/\/www.ametllerorigenwp.com\/es\/wp-json\/wp\/v2\/tags?post=2897"}],"curies":[{"name":"wp","href":"https:\/\/api.w.org\/{rel}","templated":true}]}}