{"id":2976,"date":"2021-08-01T12:02:00","date_gmt":"2021-08-01T12:02:00","guid":{"rendered":"https:\/\/www.ametllerorigenwp.com\/?p=2976"},"modified":"2021-07-30T12:02:48","modified_gmt":"2021-07-30T12:02:48","slug":"refrescante-y-con-mucha-vitamina-c-disfruta-del-melon","status":"publish","type":"post","link":"https:\/\/www.ametllerorigenwp.com\/es\/refrescante-y-con-mucha-vitamina-c-disfruta-del-melon\/","title":{"rendered":"Refrescante y con mucha vitamina C: disfruta del mel\u00f3n"},"content":{"rendered":"\n<p>Verano es sin\u00f3nimo de calor y no hay fruta m\u00e1s <strong>refrescante e hidratante<\/strong>, junto con la sand\u00eda, que un buen corte de mel\u00f3n. <strong>\u00bfSab\u00edas que un 92% de esta fruta es agua? <\/strong>S\u00ed, como lo oyes y, adem\u00e1s, es una <strong>gran fuente de vitaminas y minerales.<\/strong><\/p>\n\n\n\n<p>Concretamente, el mel\u00f3n contiene una <strong>elevada cantidad de vitamina C<\/strong>, un potente antioxidante que protege tus c\u00e9lulas. Un corte de mel\u00f3n (300 g) te aporta un 75% de la vitamina C recomendada. Tambi\u00e9n es fuente de <strong>pro vitamina A o betacarotenos<\/strong>, que te ayudan en la formaci\u00f3n de col\u00e1geno, protegen tu sistema inmunitario y tu vista. Respecto a los minerales, destaca, especialmente, <strong>el potasio<\/strong>, que contribuye al buen funcionamiento del sistema nervioso y los m\u00fasculos.<\/p>\n\n\n\n<p>Recuerda, <strong>para hacer frente al calor no hay nada mejor que un buen corte de mel\u00f3n: la combinaci\u00f3n ideal de az\u00facar natural, agua, vitaminas y minerales. <\/strong>\u00bfHas probado <a href=\"https:\/\/www.ametllerorigen.com\/es\/mel%C3%B3n?_q=mel%C3%B3n&amp;map=ft?utm_source=app&amp;utm_medium=appes&amp;utm_campaign=Contiguts_app&amp;utm_content=\" target=\"_blank\" rel=\"noreferrer noopener\">nuestros melones<\/a>?<\/p>\n","protected":false},"excerpt":{"rendered":"<p>Verano es sin\u00f3nimo de calor y no hay fruta m\u00e1s refrescante e hidratante, junto con la sand\u00eda, que un buen corte de mel\u00f3n. \u00bfSab\u00edas que un 92% de esta fruta es agua? S\u00ed, como lo oyes y, adem\u00e1s, es una gran fuente de vitaminas y minerales. Concretamente, el mel\u00f3n contiene una elevada cantidad de vitamina &hellip; <a href=\"https:\/\/www.ametllerorigenwp.com\/es\/refrescante-y-con-mucha-vitamina-c-disfruta-del-melon\/\" class=\"more-link\">Continuar leyendo<span class=\"screen-reader-text\"> \u00abRefrescante y con mucha vitamina C: disfruta del mel\u00f3n\u00bb<\/span><\/a><\/p>\n","protected":false},"author":5,"featured_media":2973,"comment_status":"open","ping_status":"open","sticky":false,"template":"","format":"standard","meta":{"_uag_custom_page_level_css":"","advgb_blocks_editor_width":"","advgb_blocks_columns_visual_guide":"","footnotes":""},"categories":[1],"tags":[],"class_list":["post-2976","post","type-post","status-publish","format-standard","has-post-thumbnail","hentry","category-noticias"],"author_meta":{"display_name":"Mireia Zaragoza","author_link":"https:\/\/www.ametllerorigenwp.com\/es\/author\/mzaragoza\/"},"featured_img":"https:\/\/www.ametllerorigenwp.com\/wp-content\/uploads\/2021\/07\/Melo-300x102.jpg","uagb_featured_image_src":{"full":["https:\/\/www.ametllerorigenwp.com\/wp-content\/uploads\/2021\/07\/Melo.jpg",1001,341,false],"thumbnail":["https:\/\/www.ametllerorigenwp.com\/wp-content\/uploads\/2021\/07\/Melo-150x150.jpg",150,150,true],"medium":["https:\/\/www.ametllerorigenwp.com\/wp-content\/uploads\/2021\/07\/Melo-300x102.jpg",300,102,true],"medium_large":["https:\/\/www.ametllerorigenwp.com\/wp-content\/uploads\/2021\/07\/Melo-768x262.jpg",768,262,true],"large":["https:\/\/www.ametllerorigenwp.com\/wp-content\/uploads\/2021\/07\/Melo.jpg",840,286,false],"1536x1536":["https:\/\/www.ametllerorigenwp.com\/wp-content\/uploads\/2021\/07\/Melo.jpg",1001,341,false],"2048x2048":["https:\/\/www.ametllerorigenwp.com\/wp-content\/uploads\/2021\/07\/Melo.jpg",1001,341,false],"post-thumbnail":["https:\/\/www.ametllerorigenwp.com\/wp-content\/uploads\/2021\/07\/Melo.jpg",1001,341,false]},"uagb_author_info":{"display_name":"Mireia Zaragoza","author_link":"https:\/\/www.ametllerorigenwp.com\/es\/author\/mzaragoza\/"},"uagb_comment_info":0,"uagb_excerpt":"Verano es sin\u00f3nimo de calor y no hay fruta m\u00e1s refrescante e hidratante, junto con la sand\u00eda, que un buen corte de mel\u00f3n. \u00bfSab\u00edas que un 92% de esta fruta es agua? S\u00ed, como lo oyes y, adem\u00e1s, es una gran fuente de vitaminas y minerales. Concretamente, el mel\u00f3n contiene una elevada cantidad de vitamina&hellip;","coauthors":[],"tax_additional":{"categories":{"linked":["<a href=\"https:\/\/www.ametllerorigenwp.com\/es\/category\/noticias\/\" class=\"advgb-post-tax-term\">Noticias<\/a>"],"unlinked":["<span class=\"advgb-post-tax-term\">Noticias<\/span>"]}},"comment_count":"0","relative_dates":{"created":"Publicado 5 a\u00f1os hace","modified":"Actualizado 5 a\u00f1os hace"},"absolute_dates":{"created":"Publicado el 1 de agosto de 2021","modified":"Actualizado el 30 de julio de 2021"},"absolute_dates_time":{"created":"Publicado el 1 de agosto de 2021 12:02","modified":"Actualizado el 30 de julio de 2021 12:02"},"featured_img_caption":"","series_order":"","show_in_app":true,"fecha_inicio_destacado":null,"hora_inicio_visualizacion":null,"minutos_inicio_visualizacion":null,"fecha_final_destacado":null,"hora_final_visualizacion":null,"minutos_final_visualizacion":null,"posicion_visualizacion":null,"estado_destacado":null,"niveles_destacados":null,"url_del_enlace":null,"banner_destacado":null,"posicion_visualizacion_de_la_noticia":null,"estado_noticia":null,"fecha_de_inicio_de_visualizacion_del_tutorial":null,"hora_inicio_visualizacion_tutorial":null,"minutos_inicio_visualizacion_tutorial":null,"fecha_de_final_de_visualizacion_del_tutorial":null,"hora_final_visualizacion_tutorial":null,"minutos_final_visualizacion_tutorial":null,"numero_de_veces_visto":null,"numero_de_veces_total":null,"niveles_tutorial":null,"tutorial_recursos_castellano":null,"tutorial_recursos_catalan":null,"dias_disponibles":null,"dias_de_la_semana":null,"dias_del_mes":null,"other_lang_post_id":null,"lang":"es","campanya_descripcion":null,"campanya_fecha_inicio":null,"campanya_fecha_fin":null,"campanya_legales":null,"campanya_imagen":null,"campanya_characteristics":null,"campanya_url":null,"campanya_posicion_visualizacion":null,"campanya_estado":null,"_links":{"self":[{"href":"https:\/\/www.ametllerorigenwp.com\/es\/wp-json\/wp\/v2\/posts\/2976","targetHints":{"allow":["GET"]}}],"collection":[{"href":"https:\/\/www.ametllerorigenwp.com\/es\/wp-json\/wp\/v2\/posts"}],"about":[{"href":"https:\/\/www.ametllerorigenwp.com\/es\/wp-json\/wp\/v2\/types\/post"}],"author":[{"embeddable":true,"href":"https:\/\/www.ametllerorigenwp.com\/es\/wp-json\/wp\/v2\/users\/5"}],"replies":[{"embeddable":true,"href":"https:\/\/www.ametllerorigenwp.com\/es\/wp-json\/wp\/v2\/comments?post=2976"}],"version-history":[{"count":1,"href":"https:\/\/www.ametllerorigenwp.com\/es\/wp-json\/wp\/v2\/posts\/2976\/revisions"}],"predecessor-version":[{"id":2977,"href":"https:\/\/www.ametllerorigenwp.com\/es\/wp-json\/wp\/v2\/posts\/2976\/revisions\/2977"}],"wp:featuredmedia":[{"embeddable":true,"href":"https:\/\/www.ametllerorigenwp.com\/es\/wp-json\/wp\/v2\/media\/2973"}],"wp:attachment":[{"href":"https:\/\/www.ametllerorigenwp.com\/es\/wp-json\/wp\/v2\/media?parent=2976"}],"wp:term":[{"taxonomy":"category","embeddable":true,"href":"https:\/\/www.ametllerorigenwp.com\/es\/wp-json\/wp\/v2\/categories?post=2976"},{"taxonomy":"post_tag","embeddable":true,"href":"https:\/\/www.ametllerorigenwp.com\/es\/wp-json\/wp\/v2\/tags?post=2976"}],"curies":[{"name":"wp","href":"https:\/\/api.w.org\/{rel}","templated":true}]}}